{"id":101132,"date":"2024-04-11T16:17:23","date_gmt":"2024-04-11T19:17:23","guid":{"rendered":"https:\/\/www.noticiasradioreflejos.com.ar\/2021\/?p=101132"},"modified":"2024-04-11T16:17:23","modified_gmt":"2024-04-11T19:17:23","slug":"se-viene-el-tercer-remate-de-la-sociedad-italiana","status":"publish","type":"post","link":"https:\/\/www.noticiasradioreflejos.com.ar\/2021\/se-viene-el-tercer-remate-de-la-sociedad-italiana\/","title":{"rendered":"Se viene el tercer remate de la Sociedad Italiana"},"content":{"rendered":"<p>Ezequiel Gabella, quien preside la instituci\u00f3n, brind\u00f3 detalles del evento que tendr\u00e1 lugar el domingo desde las 10:30. \u201cCalculamos que tendremos m\u00e1s de 500 lotes\u201d afirm\u00f3.<!--more--><\/p>\n<p>Este domingo desde las 10:30, y con apertura de puertas a las 9 para que la gente comience a observar todo, se llevar\u00e1 adelante el tercer remate de la Sociedad Italiana de Tornquist, con la posibilidad de abonar en efecto o a trav\u00e9s de transferencia bancaria.<\/p>\n<p>Al respecto Ezequiel Gabella afirm\u00f3 que \u201cesto surgi\u00f3 el a\u00f1o pasado por el mes de septiembre, lo tiramos en la comisi\u00f3n. Algunas personas no le ten\u00edan fe porque es una pr\u00e1ctica antigua. Tomamos la decisi\u00f3n en conjunto y estuvimos de acuerdo en probar porque no se arriesgaba mucho. El resultado de una fue totalmente exitoso, por la cantidad de personas que aportaron cosas para remate y desde lo econ\u00f3mico a nosotros como instituci\u00f3n nos sirvi\u00f3 much\u00edsimo\u201d.<\/p>\n<p><iframe loading=\"lazy\" style=\"border: none; overflow: hidden;\" src=\"https:\/\/www.facebook.com\/plugins\/post.php?href=https%3A%2F%2Fwww.facebook.com%2Fpermalink.php%3Fstory_fbid%3Dpfbid02wpZ25pkg3iEXML2jKq8d1uhJhmavHfm2QVE46TfrQXr16tMRrBn51JR5XsJ7Uhwel%26id%3D100019063475818&amp;show_text=true&amp;width=500\" width=\"500\" height=\"563\" frameborder=\"0\" scrolling=\"no\" allowfullscreen=\"allowfullscreen\"><\/iframe><\/p>\n<p>\u201cInstitucionalmente tambi\u00e9n nos sirvi\u00f3, porque apareci\u00f3 algo distinto, algo nuevo, y vino para quedarse. Tuvimos una segunda edici\u00f3n en noviembre, m\u00e1s exitosa todav\u00eda, y ahora se viene la tercera donde creemos que va a superar las otras dos\u201d cont\u00f3.<\/p>\n<p>Dando m\u00e1s detalles, expuso que \u201cen la primera edici\u00f3n tuvimos 420 objetos, en la segunda 550 y en esta, la semana pasada ya ten\u00edamos 300 y el fuerte de ingresos son los \u00faltimos tres d\u00edas, o sea a partir de hoy\u201d.<\/p>\n<p>Sumando que \u201cen el tema de remates los responsables de la organizaci\u00f3n somos tres. Llevamos mucho trabajo previo. Cuando la gente llega al sal\u00f3n lleno de cosas, hay un laburo muy grande de clasificaci\u00f3n y registraci\u00f3n de cada uno de los lotes. Todo tiene que estar impecable porque una falla nos deja muy mal parados\u201d.<\/p>\n<p><iframe loading=\"lazy\" style=\"border: none; overflow: hidden;\" src=\"https:\/\/www.facebook.com\/plugins\/post.php?href=https%3A%2F%2Fwww.facebook.com%2Fpermalink.php%3Fstory_fbid%3Dpfbid02rVbc8UcFh1XDVM1MjQ84b3wPZVzACyy3vMqtMkw1A2d8arpLxb81Av256CsBbbw3l%26id%3D100019063475818&amp;show_text=true&amp;width=500\" width=\"500\" height=\"250\" frameborder=\"0\" scrolling=\"no\" allowfullscreen=\"allowfullscreen\"><\/iframe><\/p>\n<p>Sobre los objetos a subastar, \u201cvan a encontrar antig\u00fcedades, muebles, electrodom\u00e9sticos, heladeras, ropero\u2026 habr\u00e1 de todo. Invitamos al p\u00fablico en general. No es solo para coleccionistas. El rematador a cargo ser\u00e1 Nelson L\u00e1zaro, que tiene mucho prestigio y trayectoria, y adem\u00e1s da un poco de show. Es entretenido ver c\u00f3mo lleva adelante el remate\u201d.<\/p>\n<p>En otro pasaje de la charla cont\u00f3 que \u201choy jueves recepcionamos desde las 16 a las 20 en la sede de la Sociedad Italiana. Ma\u00f1ana, de 9 a 20, y el s\u00e1bado desde las 9 hasta las 16, as\u00ed despu\u00e9s acomodamos todo. Una vez que rematamos, las cosas peque\u00f1as las puedan retirar ese mismo momento. Las grandes, o si no pueden llevar las peque\u00f1as, habr\u00e1 carteles indicando los d\u00edas y horarios en que lo podr\u00e1n retirar, lo mismo el dinero los due\u00f1os de los lotes\u201d.<\/p>\n<p>Agregando adem\u00e1s que \u201cla cantina de un remate, por experiencia, no es el fuerte. No habr\u00e1 mesas porque el sal\u00f3n estar\u00e1 ocupado con los lotes. Habr\u00e1 empanadas, choripanes, pasteles, bebidas de todo tipo\u201d.<\/p>\n<p><a title=\"remate Italiana (2)\" href=\"https:\/\/www.flickr.com\/photos\/182279889@N02\/53646554407\/in\/dateposted-public\/\" data-flickr-embed=\"true\"><img loading=\"lazy\" decoding=\"async\" src=\"https:\/\/live.staticflickr.com\/65535\/53646554407_f19d0d0d3e_c.jpg\" alt=\"remate Italiana (2)\" width=\"800\" height=\"450\" \/><\/a><script async src=\"\/\/embedr.flickr.com\/assets\/client-code.js\" charset=\"utf-8\"><\/script><\/p>\n<p>Por \u00faltimo se\u00f1al\u00f3 que \u201cpara coleccionistas tendremos un sable 1989, totalmente legal que lo recibi\u00f3 por herencia. Ese tendr\u00e1 precio base, pero lo dem\u00e1s, por regla, arrancan de 0. Como mueble, hay un modular con puerta de vidrio ingl\u00e9s, una hermosura, parece reci\u00e9n salido de la f\u00e1brica que tiene m\u00e1s de 100 a\u00f1os. Hay un juego de copa de cristaler\u00eda de primera. Hay una parrilla externa que quienes la trajeron nos dijeron que no la usaron nunca, que tiene hasta techito. Hay muchas cosas para todos los gustos\u201d.<\/p>\n<p><iframe loading=\"lazy\" src=\"https:\/\/w.soundcloud.com\/player\/?url=https%3A\/\/api.soundcloud.com\/tracks\/1798436017&amp;color=%23ff5500&amp;auto_play=false&amp;hide_related=false&amp;show_comments=true&amp;show_user=true&amp;show_reposts=false&amp;show_teaser=true\" width=\"100%\" height=\"166\" frameborder=\"no\" scrolling=\"no\"><\/iframe><\/p>\n<div style=\"font-size: 10px; color: #cccccc; line-break: anywhere; word-break: normal; overflow: hidden; white-space: nowrap; text-overflow: ellipsis; font-family: Interstate,Lucida Grande,Lucida Sans Unicode,Lucida Sans,Garuda,Verdana,Tahoma,sans-serif; font-weight: 100;\"><a style=\"color: #cccccc; text-decoration: none;\" title=\"fmreflejos 103.7\" href=\"https:\/\/soundcloud.com\/fmreflejos-103-7\" target=\"_blank\" rel=\"noopener\">fmreflejos 103.7<\/a> \u00b7 <a style=\"color: #cccccc; text-decoration: none;\" title=\"Ezequiel Gabela 11 - 04\" href=\"https:\/\/soundcloud.com\/fmreflejos-103-7\/ezequiel-gabela-11-04\" target=\"_blank\" rel=\"noopener\">Ezequiel Gabela 11 &#8211; 04<\/a><\/div>\n<p><a data-flickr-embed=\"true\" href=\"https:\/\/www.flickr.com\/photos\/182279889@N02\/53647425006\/in\/dateposted-public\/\" title=\"remate 14 4 (2)\"><img loading=\"lazy\" decoding=\"async\" src=\"https:\/\/live.staticflickr.com\/65535\/53647425006_5f495d8689_c.jpg\" width=\"565\" height=\"800\" alt=\"remate 14 4 (2)\"\/><\/a><script async src=\"\/\/embedr.flickr.com\/assets\/client-code.js\" charset=\"utf-8\"><\/script><\/p>\n","protected":false},"excerpt":{"rendered":"<p>Ezequiel Gabella, quien preside la instituci\u00f3n, brind\u00f3 detalles del evento que tendr\u00e1 lugar el domingo desde las 10:30. \u201cCalculamos que tendremos m\u00e1s de 500 lotes\u201d afirm\u00f3.<\/p>\n","protected":false},"author":3,"featured_media":0,"comment_status":"closed","ping_status":"closed","sticky":false,"template":"","format":"standard","meta":{"footnotes":""},"categories":[26],"tags":[48],"class_list":["post-101132","post","type-post","status-publish","format-standard","hentry","category-sociedad","tag-destacada"],"yoast_head":"<!-- This site is optimized with the Yoast SEO plugin v25.9 - https:\/\/yoast.com\/wordpress\/plugins\/seo\/ -->\n<title>Se viene el tercer remate de la Sociedad Italiana - Noticias Radio Reflejos<\/title>\n<meta name=\"robots\" content=\"index, follow, max-snippet:-1, max-image-preview:large, max-video-preview:-1\" \/>\n<link rel=\"canonical\" href=\"https:\/\/www.noticiasradioreflejos.com.ar\/2021\/se-viene-el-tercer-remate-de-la-sociedad-italiana\/\" \/>\n<meta property=\"og:locale\" content=\"es_ES\" \/>\n<meta property=\"og:type\" content=\"article\" \/>\n<meta property=\"og:title\" content=\"Se viene el tercer remate de la Sociedad Italiana - Noticias Radio Reflejos\" \/>\n<meta property=\"og:description\" content=\"Ezequiel Gabella, quien preside la instituci\u00f3n, brind\u00f3 detalles del evento que tendr\u00e1 lugar el domingo desde las 10:30. \u201cCalculamos que tendremos m\u00e1s de 500 lotes\u201d afirm\u00f3.\" \/>\n<meta property=\"og:url\" content=\"https:\/\/www.noticiasradioreflejos.com.ar\/2021\/se-viene-el-tercer-remate-de-la-sociedad-italiana\/\" \/>\n<meta property=\"og:site_name\" content=\"Noticias Radio Reflejos\" \/>\n<meta property=\"article:published_time\" content=\"2024-04-11T19:17:23+00:00\" \/>\n<meta property=\"og:image\" content=\"https:\/\/live.staticflickr.com\/65535\/53646554407_f19d0d0d3e_c.jpg\" \/>\n<meta name=\"author\" content=\"Arnaldo Botto\" \/>\n<meta name=\"twitter:card\" content=\"summary_large_image\" \/>\n<script type=\"application\/ld+json\" class=\"yoast-schema-graph\">{\"@context\":\"https:\/\/schema.org\",\"@graph\":[{\"@type\":\"WebPage\",\"@id\":\"https:\/\/www.noticiasradioreflejos.com.ar\/2021\/se-viene-el-tercer-remate-de-la-sociedad-italiana\/\",\"url\":\"https:\/\/www.noticiasradioreflejos.com.ar\/2021\/se-viene-el-tercer-remate-de-la-sociedad-italiana\/\",\"name\":\"Se viene el tercer remate de la Sociedad Italiana - Noticias Radio Reflejos\",\"isPartOf\":{\"@id\":\"https:\/\/www.noticiasradioreflejos.com.ar\/2021\/#website\"},\"primaryImageOfPage\":{\"@id\":\"https:\/\/www.noticiasradioreflejos.com.ar\/2021\/se-viene-el-tercer-remate-de-la-sociedad-italiana\/#primaryimage\"},\"image\":{\"@id\":\"https:\/\/www.noticiasradioreflejos.com.ar\/2021\/se-viene-el-tercer-remate-de-la-sociedad-italiana\/#primaryimage\"},\"thumbnailUrl\":\"https:\/\/live.staticflickr.com\/65535\/53646554407_f19d0d0d3e_c.jpg\",\"datePublished\":\"2024-04-11T19:17:23+00:00\",\"author\":{\"@id\":\"https:\/\/www.noticiasradioreflejos.com.ar\/2021\/#\/schema\/person\/ad82545263dcc5ec0996818884fd5fb1\"},\"breadcrumb\":{\"@id\":\"https:\/\/www.noticiasradioreflejos.com.ar\/2021\/se-viene-el-tercer-remate-de-la-sociedad-italiana\/#breadcrumb\"},\"inLanguage\":\"es\",\"potentialAction\":[{\"@type\":\"ReadAction\",\"target\":[\"https:\/\/www.noticiasradioreflejos.com.ar\/2021\/se-viene-el-tercer-remate-de-la-sociedad-italiana\/\"]}]},{\"@type\":\"ImageObject\",\"inLanguage\":\"es\",\"@id\":\"https:\/\/www.noticiasradioreflejos.com.ar\/2021\/se-viene-el-tercer-remate-de-la-sociedad-italiana\/#primaryimage\",\"url\":\"https:\/\/live.staticflickr.com\/65535\/53646554407_f19d0d0d3e_c.jpg\",\"contentUrl\":\"https:\/\/live.staticflickr.com\/65535\/53646554407_f19d0d0d3e_c.jpg\"},{\"@type\":\"BreadcrumbList\",\"@id\":\"https:\/\/www.noticiasradioreflejos.com.ar\/2021\/se-viene-el-tercer-remate-de-la-sociedad-italiana\/#breadcrumb\",\"itemListElement\":[{\"@type\":\"ListItem\",\"position\":1,\"name\":\"Portada\",\"item\":\"https:\/\/www.noticiasradioreflejos.com.ar\/2021\/\"},{\"@type\":\"ListItem\",\"position\":2,\"name\":\"Se viene el tercer remate de la Sociedad Italiana\"}]},{\"@type\":\"WebSite\",\"@id\":\"https:\/\/www.noticiasradioreflejos.com.ar\/2021\/#website\",\"url\":\"https:\/\/www.noticiasradioreflejos.com.ar\/2021\/\",\"name\":\"Noticias Radio Reflejos\",\"description\":\"Las noticias de mi comarca\",\"potentialAction\":[{\"@type\":\"SearchAction\",\"target\":{\"@type\":\"EntryPoint\",\"urlTemplate\":\"https:\/\/www.noticiasradioreflejos.com.ar\/2021\/?s={search_term_string}\"},\"query-input\":{\"@type\":\"PropertyValueSpecification\",\"valueRequired\":true,\"valueName\":\"search_term_string\"}}],\"inLanguage\":\"es\"},{\"@type\":\"Person\",\"@id\":\"https:\/\/www.noticiasradioreflejos.com.ar\/2021\/#\/schema\/person\/ad82545263dcc5ec0996818884fd5fb1\",\"name\":\"Arnaldo Botto\",\"image\":{\"@type\":\"ImageObject\",\"inLanguage\":\"es\",\"@id\":\"https:\/\/www.noticiasradioreflejos.com.ar\/2021\/#\/schema\/person\/image\/\",\"url\":\"https:\/\/secure.gravatar.com\/avatar\/55cb5e37c1efa326397366e6974cb338056df65cb50e7d64d1cf314e87504837?s=96&d=mm&r=g\",\"contentUrl\":\"https:\/\/secure.gravatar.com\/avatar\/55cb5e37c1efa326397366e6974cb338056df65cb50e7d64d1cf314e87504837?s=96&d=mm&r=g\",\"caption\":\"Arnaldo Botto\"},\"url\":\"https:\/\/www.noticiasradioreflejos.com.ar\/2021\/author\/arnaldo\/\"}]}<\/script>\n<!-- \/ Yoast SEO plugin. -->","yoast_head_json":{"title":"Se viene el tercer remate de la Sociedad Italiana - Noticias Radio Reflejos","robots":{"index":"index","follow":"follow","max-snippet":"max-snippet:-1","max-image-preview":"max-image-preview:large","max-video-preview":"max-video-preview:-1"},"canonical":"https:\/\/www.noticiasradioreflejos.com.ar\/2021\/se-viene-el-tercer-remate-de-la-sociedad-italiana\/","og_locale":"es_ES","og_type":"article","og_title":"Se viene el tercer remate de la Sociedad Italiana - Noticias Radio Reflejos","og_description":"Ezequiel Gabella, quien preside la instituci\u00f3n, brind\u00f3 detalles del evento que tendr\u00e1 lugar el domingo desde las 10:30. \u201cCalculamos que tendremos m\u00e1s de 500 lotes\u201d afirm\u00f3.","og_url":"https:\/\/www.noticiasradioreflejos.com.ar\/2021\/se-viene-el-tercer-remate-de-la-sociedad-italiana\/","og_site_name":"Noticias Radio Reflejos","article_published_time":"2024-04-11T19:17:23+00:00","og_image":[{"url":"https:\/\/live.staticflickr.com\/65535\/53646554407_f19d0d0d3e_c.jpg","type":"","width":"","height":""}],"author":"Arnaldo Botto","twitter_card":"summary_large_image","schema":{"@context":"https:\/\/schema.org","@graph":[{"@type":"WebPage","@id":"https:\/\/www.noticiasradioreflejos.com.ar\/2021\/se-viene-el-tercer-remate-de-la-sociedad-italiana\/","url":"https:\/\/www.noticiasradioreflejos.com.ar\/2021\/se-viene-el-tercer-remate-de-la-sociedad-italiana\/","name":"Se viene el tercer remate de la Sociedad Italiana - Noticias Radio Reflejos","isPartOf":{"@id":"https:\/\/www.noticiasradioreflejos.com.ar\/2021\/#website"},"primaryImageOfPage":{"@id":"https:\/\/www.noticiasradioreflejos.com.ar\/2021\/se-viene-el-tercer-remate-de-la-sociedad-italiana\/#primaryimage"},"image":{"@id":"https:\/\/www.noticiasradioreflejos.com.ar\/2021\/se-viene-el-tercer-remate-de-la-sociedad-italiana\/#primaryimage"},"thumbnailUrl":"https:\/\/live.staticflickr.com\/65535\/53646554407_f19d0d0d3e_c.jpg","datePublished":"2024-04-11T19:17:23+00:00","author":{"@id":"https:\/\/www.noticiasradioreflejos.com.ar\/2021\/#\/schema\/person\/ad82545263dcc5ec0996818884fd5fb1"},"breadcrumb":{"@id":"https:\/\/www.noticiasradioreflejos.com.ar\/2021\/se-viene-el-tercer-remate-de-la-sociedad-italiana\/#breadcrumb"},"inLanguage":"es","potentialAction":[{"@type":"ReadAction","target":["https:\/\/www.noticiasradioreflejos.com.ar\/2021\/se-viene-el-tercer-remate-de-la-sociedad-italiana\/"]}]},{"@type":"ImageObject","inLanguage":"es","@id":"https:\/\/www.noticiasradioreflejos.com.ar\/2021\/se-viene-el-tercer-remate-de-la-sociedad-italiana\/#primaryimage","url":"https:\/\/live.staticflickr.com\/65535\/53646554407_f19d0d0d3e_c.jpg","contentUrl":"https:\/\/live.staticflickr.com\/65535\/53646554407_f19d0d0d3e_c.jpg"},{"@type":"BreadcrumbList","@id":"https:\/\/www.noticiasradioreflejos.com.ar\/2021\/se-viene-el-tercer-remate-de-la-sociedad-italiana\/#breadcrumb","itemListElement":[{"@type":"ListItem","position":1,"name":"Portada","item":"https:\/\/www.noticiasradioreflejos.com.ar\/2021\/"},{"@type":"ListItem","position":2,"name":"Se viene el tercer remate de la Sociedad Italiana"}]},{"@type":"WebSite","@id":"https:\/\/www.noticiasradioreflejos.com.ar\/2021\/#website","url":"https:\/\/www.noticiasradioreflejos.com.ar\/2021\/","name":"Noticias Radio Reflejos","description":"Las noticias de mi comarca","potentialAction":[{"@type":"SearchAction","target":{"@type":"EntryPoint","urlTemplate":"https:\/\/www.noticiasradioreflejos.com.ar\/2021\/?s={search_term_string}"},"query-input":{"@type":"PropertyValueSpecification","valueRequired":true,"valueName":"search_term_string"}}],"inLanguage":"es"},{"@type":"Person","@id":"https:\/\/www.noticiasradioreflejos.com.ar\/2021\/#\/schema\/person\/ad82545263dcc5ec0996818884fd5fb1","name":"Arnaldo Botto","image":{"@type":"ImageObject","inLanguage":"es","@id":"https:\/\/www.noticiasradioreflejos.com.ar\/2021\/#\/schema\/person\/image\/","url":"https:\/\/secure.gravatar.com\/avatar\/55cb5e37c1efa326397366e6974cb338056df65cb50e7d64d1cf314e87504837?s=96&d=mm&r=g","contentUrl":"https:\/\/secure.gravatar.com\/avatar\/55cb5e37c1efa326397366e6974cb338056df65cb50e7d64d1cf314e87504837?s=96&d=mm&r=g","caption":"Arnaldo Botto"},"url":"https:\/\/www.noticiasradioreflejos.com.ar\/2021\/author\/arnaldo\/"}]}},"_links":{"self":[{"href":"https:\/\/www.noticiasradioreflejos.com.ar\/2021\/wp-json\/wp\/v2\/posts\/101132","targetHints":{"allow":["GET"]}}],"collection":[{"href":"https:\/\/www.noticiasradioreflejos.com.ar\/2021\/wp-json\/wp\/v2\/posts"}],"about":[{"href":"https:\/\/www.noticiasradioreflejos.com.ar\/2021\/wp-json\/wp\/v2\/types\/post"}],"author":[{"embeddable":true,"href":"https:\/\/www.noticiasradioreflejos.com.ar\/2021\/wp-json\/wp\/v2\/users\/3"}],"replies":[{"embeddable":true,"href":"https:\/\/www.noticiasradioreflejos.com.ar\/2021\/wp-json\/wp\/v2\/comments?post=101132"}],"version-history":[{"count":3,"href":"https:\/\/www.noticiasradioreflejos.com.ar\/2021\/wp-json\/wp\/v2\/posts\/101132\/revisions"}],"predecessor-version":[{"id":101152,"href":"https:\/\/www.noticiasradioreflejos.com.ar\/2021\/wp-json\/wp\/v2\/posts\/101132\/revisions\/101152"}],"wp:attachment":[{"href":"https:\/\/www.noticiasradioreflejos.com.ar\/2021\/wp-json\/wp\/v2\/media?parent=101132"}],"wp:term":[{"taxonomy":"category","embeddable":true,"href":"https:\/\/www.noticiasradioreflejos.com.ar\/2021\/wp-json\/wp\/v2\/categories?post=101132"},{"taxonomy":"post_tag","embeddable":true,"href":"https:\/\/www.noticiasradioreflejos.com.ar\/2021\/wp-json\/wp\/v2\/tags?post=101132"}],"curies":[{"name":"wp","href":"https:\/\/api.w.org\/{rel}","templated":true}]}}