{"id":101117,"date":"2024-04-11T08:32:36","date_gmt":"2024-04-11T11:32:36","guid":{"rendered":"https:\/\/www.noticiasradioreflejos.com.ar\/2021\/?p=101117"},"modified":"2024-04-11T08:33:12","modified_gmt":"2024-04-11T11:33:12","slug":"candilazo-en-la-comarca-serrana-se-viene-varios-dias-de-lluvias","status":"publish","type":"post","link":"https:\/\/www.noticiasradioreflejos.com.ar\/2021\/candilazo-en-la-comarca-serrana-se-viene-varios-dias-de-lluvias\/","title":{"rendered":"\u00abCandilazo\u00bb en la comarca serrana. Se vienen varios d\u00edas de lluvias."},"content":{"rendered":"<p>El oto\u00f1o nos regala un amanecer rojizo y fresco. Se anticipan varios d\u00edas de lluvia.<\/p>\n<p><!--more--><\/p>\n<p>Este jueves 11 de abril se present\u00f3 fr\u00edo en toda la zona serrana donde la m\u00ednima marc\u00f3 5\u00b0 bajo un cielo cubierto.<\/p>\n<p>Pero llegadas las 7,30, el horizonte present\u00f3 un espect\u00e1culo diferente; los rayos del sol comenzaron a colarse\u00a0 entre las nubes y la ma\u00f1ana se ti\u00f1\u00f3 de un gran colorido.<\/p>\n<p>El fen\u00f3meno conocido como\u00a0 <b>El arrebol o candilazo<\/b> es de dispersi\u00f3n de la luz solar cuando el sol est\u00e1 m\u00e1s cerca del horizonte. La luz es en tonos rojos, naranjas, azueles e incluso morados. En las zonas m\u00e1s pr\u00f3ximas a la costa es m\u00e1s f\u00e1cil que se den candilazos, especialmente en las estaciones m\u00e1s fr\u00edas del a\u00f1o.<\/p>\n<p>Para este jueves se espera una jornada de cielos cubiertos, con una m\u00e1xima de 15\u00b0 y vientos muy suaves del NE.<\/p>\n<p>A partir de la medianoche, se espera la llegada de chaparrones y lluvias que prevalecer\u00e1n hasta el martes 16.<\/p>\n<p>Los vientos se tornaran moderados del este para viernes, s\u00e1bado y domingo y la estrecha amplitud t\u00e9rmica estar\u00e1 marcada entre los 10\u00b0 a 12 de m\u00ednima y 18\u00b0 de m\u00e1xima.<\/p>\n<p>&nbsp;<\/p>\n<p>&nbsp;<\/p>\n","protected":false},"excerpt":{"rendered":"<p>El oto\u00f1o nos regala un amanecer rojizo y fresco. Se anticipan varios d\u00edas de lluvia.<\/p>\n","protected":false},"author":3,"featured_media":101119,"comment_status":"closed","ping_status":"closed","sticky":false,"template":"","format":"standard","meta":{"footnotes":""},"categories":[46],"tags":[48],"class_list":["post-101117","post","type-post","status-publish","format-standard","has-post-thumbnail","hentry","category-ciencia-y-tecnologia","tag-destacada"],"yoast_head":"<!-- This site is optimized with the Yoast SEO plugin v25.9 - https:\/\/yoast.com\/wordpress\/plugins\/seo\/ -->\n<title>&quot;Candilazo&quot; en la comarca serrana. Se vienen varios d\u00edas de lluvias. - Noticias Radio Reflejos<\/title>\n<meta name=\"robots\" content=\"index, follow, max-snippet:-1, max-image-preview:large, max-video-preview:-1\" \/>\n<link rel=\"canonical\" href=\"https:\/\/www.noticiasradioreflejos.com.ar\/2021\/candilazo-en-la-comarca-serrana-se-viene-varios-dias-de-lluvias\/\" \/>\n<meta property=\"og:locale\" content=\"es_ES\" \/>\n<meta property=\"og:type\" content=\"article\" \/>\n<meta property=\"og:title\" content=\"&quot;Candilazo&quot; en la comarca serrana. Se vienen varios d\u00edas de lluvias. - Noticias Radio Reflejos\" \/>\n<meta property=\"og:description\" content=\"El oto\u00f1o nos regala un amanecer rojizo y fresco. Se anticipan varios d\u00edas de lluvia.\" \/>\n<meta property=\"og:url\" content=\"https:\/\/www.noticiasradioreflejos.com.ar\/2021\/candilazo-en-la-comarca-serrana-se-viene-varios-dias-de-lluvias\/\" \/>\n<meta property=\"og:site_name\" content=\"Noticias Radio Reflejos\" \/>\n<meta property=\"article:published_time\" content=\"2024-04-11T11:32:36+00:00\" \/>\n<meta property=\"article:modified_time\" content=\"2024-04-11T11:33:12+00:00\" \/>\n<meta property=\"og:image\" content=\"https:\/\/www.noticiasradioreflejos.com.ar\/2021\/wp-content\/uploads\/2024\/04\/Amanecer-de-otono-sierra.jpeg\" \/>\n\t<meta property=\"og:image:width\" content=\"1600\" \/>\n\t<meta property=\"og:image:height\" content=\"900\" \/>\n\t<meta property=\"og:image:type\" content=\"image\/jpeg\" \/>\n<meta name=\"author\" content=\"Arnaldo Botto\" \/>\n<meta name=\"twitter:card\" content=\"summary_large_image\" \/>\n<script type=\"application\/ld+json\" class=\"yoast-schema-graph\">{\"@context\":\"https:\/\/schema.org\",\"@graph\":[{\"@type\":\"WebPage\",\"@id\":\"https:\/\/www.noticiasradioreflejos.com.ar\/2021\/candilazo-en-la-comarca-serrana-se-viene-varios-dias-de-lluvias\/\",\"url\":\"https:\/\/www.noticiasradioreflejos.com.ar\/2021\/candilazo-en-la-comarca-serrana-se-viene-varios-dias-de-lluvias\/\",\"name\":\"\\\"Candilazo\\\" en la comarca serrana. Se vienen varios d\u00edas de lluvias. - Noticias Radio Reflejos\",\"isPartOf\":{\"@id\":\"https:\/\/www.noticiasradioreflejos.com.ar\/2021\/#website\"},\"primaryImageOfPage\":{\"@id\":\"https:\/\/www.noticiasradioreflejos.com.ar\/2021\/candilazo-en-la-comarca-serrana-se-viene-varios-dias-de-lluvias\/#primaryimage\"},\"image\":{\"@id\":\"https:\/\/www.noticiasradioreflejos.com.ar\/2021\/candilazo-en-la-comarca-serrana-se-viene-varios-dias-de-lluvias\/#primaryimage\"},\"thumbnailUrl\":\"https:\/\/www.noticiasradioreflejos.com.ar\/2021\/wp-content\/uploads\/2024\/04\/Amanecer-de-otono-sierra.jpeg\",\"datePublished\":\"2024-04-11T11:32:36+00:00\",\"dateModified\":\"2024-04-11T11:33:12+00:00\",\"author\":{\"@id\":\"https:\/\/www.noticiasradioreflejos.com.ar\/2021\/#\/schema\/person\/ad82545263dcc5ec0996818884fd5fb1\"},\"breadcrumb\":{\"@id\":\"https:\/\/www.noticiasradioreflejos.com.ar\/2021\/candilazo-en-la-comarca-serrana-se-viene-varios-dias-de-lluvias\/#breadcrumb\"},\"inLanguage\":\"es\",\"potentialAction\":[{\"@type\":\"ReadAction\",\"target\":[\"https:\/\/www.noticiasradioreflejos.com.ar\/2021\/candilazo-en-la-comarca-serrana-se-viene-varios-dias-de-lluvias\/\"]}]},{\"@type\":\"ImageObject\",\"inLanguage\":\"es\",\"@id\":\"https:\/\/www.noticiasradioreflejos.com.ar\/2021\/candilazo-en-la-comarca-serrana-se-viene-varios-dias-de-lluvias\/#primaryimage\",\"url\":\"https:\/\/www.noticiasradioreflejos.com.ar\/2021\/wp-content\/uploads\/2024\/04\/Amanecer-de-otono-sierra.jpeg\",\"contentUrl\":\"https:\/\/www.noticiasradioreflejos.com.ar\/2021\/wp-content\/uploads\/2024\/04\/Amanecer-de-otono-sierra.jpeg\",\"width\":1600,\"height\":900},{\"@type\":\"BreadcrumbList\",\"@id\":\"https:\/\/www.noticiasradioreflejos.com.ar\/2021\/candilazo-en-la-comarca-serrana-se-viene-varios-dias-de-lluvias\/#breadcrumb\",\"itemListElement\":[{\"@type\":\"ListItem\",\"position\":1,\"name\":\"Portada\",\"item\":\"https:\/\/www.noticiasradioreflejos.com.ar\/2021\/\"},{\"@type\":\"ListItem\",\"position\":2,\"name\":\"\u00abCandilazo\u00bb en la comarca serrana. Se vienen varios d\u00edas de lluvias.\"}]},{\"@type\":\"WebSite\",\"@id\":\"https:\/\/www.noticiasradioreflejos.com.ar\/2021\/#website\",\"url\":\"https:\/\/www.noticiasradioreflejos.com.ar\/2021\/\",\"name\":\"Noticias Radio Reflejos\",\"description\":\"Las noticias de mi comarca\",\"potentialAction\":[{\"@type\":\"SearchAction\",\"target\":{\"@type\":\"EntryPoint\",\"urlTemplate\":\"https:\/\/www.noticiasradioreflejos.com.ar\/2021\/?s={search_term_string}\"},\"query-input\":{\"@type\":\"PropertyValueSpecification\",\"valueRequired\":true,\"valueName\":\"search_term_string\"}}],\"inLanguage\":\"es\"},{\"@type\":\"Person\",\"@id\":\"https:\/\/www.noticiasradioreflejos.com.ar\/2021\/#\/schema\/person\/ad82545263dcc5ec0996818884fd5fb1\",\"name\":\"Arnaldo Botto\",\"image\":{\"@type\":\"ImageObject\",\"inLanguage\":\"es\",\"@id\":\"https:\/\/www.noticiasradioreflejos.com.ar\/2021\/#\/schema\/person\/image\/\",\"url\":\"https:\/\/secure.gravatar.com\/avatar\/55cb5e37c1efa326397366e6974cb338056df65cb50e7d64d1cf314e87504837?s=96&d=mm&r=g\",\"contentUrl\":\"https:\/\/secure.gravatar.com\/avatar\/55cb5e37c1efa326397366e6974cb338056df65cb50e7d64d1cf314e87504837?s=96&d=mm&r=g\",\"caption\":\"Arnaldo Botto\"},\"url\":\"https:\/\/www.noticiasradioreflejos.com.ar\/2021\/author\/arnaldo\/\"}]}<\/script>\n<!-- \/ Yoast SEO plugin. -->","yoast_head_json":{"title":"\"Candilazo\" en la comarca serrana. Se vienen varios d\u00edas de lluvias. - Noticias Radio Reflejos","robots":{"index":"index","follow":"follow","max-snippet":"max-snippet:-1","max-image-preview":"max-image-preview:large","max-video-preview":"max-video-preview:-1"},"canonical":"https:\/\/www.noticiasradioreflejos.com.ar\/2021\/candilazo-en-la-comarca-serrana-se-viene-varios-dias-de-lluvias\/","og_locale":"es_ES","og_type":"article","og_title":"\"Candilazo\" en la comarca serrana. Se vienen varios d\u00edas de lluvias. - Noticias Radio Reflejos","og_description":"El oto\u00f1o nos regala un amanecer rojizo y fresco. Se anticipan varios d\u00edas de lluvia.","og_url":"https:\/\/www.noticiasradioreflejos.com.ar\/2021\/candilazo-en-la-comarca-serrana-se-viene-varios-dias-de-lluvias\/","og_site_name":"Noticias Radio Reflejos","article_published_time":"2024-04-11T11:32:36+00:00","article_modified_time":"2024-04-11T11:33:12+00:00","og_image":[{"width":1600,"height":900,"url":"https:\/\/www.noticiasradioreflejos.com.ar\/2021\/wp-content\/uploads\/2024\/04\/Amanecer-de-otono-sierra.jpeg","type":"image\/jpeg"}],"author":"Arnaldo Botto","twitter_card":"summary_large_image","schema":{"@context":"https:\/\/schema.org","@graph":[{"@type":"WebPage","@id":"https:\/\/www.noticiasradioreflejos.com.ar\/2021\/candilazo-en-la-comarca-serrana-se-viene-varios-dias-de-lluvias\/","url":"https:\/\/www.noticiasradioreflejos.com.ar\/2021\/candilazo-en-la-comarca-serrana-se-viene-varios-dias-de-lluvias\/","name":"\"Candilazo\" en la comarca serrana. Se vienen varios d\u00edas de lluvias. - Noticias Radio Reflejos","isPartOf":{"@id":"https:\/\/www.noticiasradioreflejos.com.ar\/2021\/#website"},"primaryImageOfPage":{"@id":"https:\/\/www.noticiasradioreflejos.com.ar\/2021\/candilazo-en-la-comarca-serrana-se-viene-varios-dias-de-lluvias\/#primaryimage"},"image":{"@id":"https:\/\/www.noticiasradioreflejos.com.ar\/2021\/candilazo-en-la-comarca-serrana-se-viene-varios-dias-de-lluvias\/#primaryimage"},"thumbnailUrl":"https:\/\/www.noticiasradioreflejos.com.ar\/2021\/wp-content\/uploads\/2024\/04\/Amanecer-de-otono-sierra.jpeg","datePublished":"2024-04-11T11:32:36+00:00","dateModified":"2024-04-11T11:33:12+00:00","author":{"@id":"https:\/\/www.noticiasradioreflejos.com.ar\/2021\/#\/schema\/person\/ad82545263dcc5ec0996818884fd5fb1"},"breadcrumb":{"@id":"https:\/\/www.noticiasradioreflejos.com.ar\/2021\/candilazo-en-la-comarca-serrana-se-viene-varios-dias-de-lluvias\/#breadcrumb"},"inLanguage":"es","potentialAction":[{"@type":"ReadAction","target":["https:\/\/www.noticiasradioreflejos.com.ar\/2021\/candilazo-en-la-comarca-serrana-se-viene-varios-dias-de-lluvias\/"]}]},{"@type":"ImageObject","inLanguage":"es","@id":"https:\/\/www.noticiasradioreflejos.com.ar\/2021\/candilazo-en-la-comarca-serrana-se-viene-varios-dias-de-lluvias\/#primaryimage","url":"https:\/\/www.noticiasradioreflejos.com.ar\/2021\/wp-content\/uploads\/2024\/04\/Amanecer-de-otono-sierra.jpeg","contentUrl":"https:\/\/www.noticiasradioreflejos.com.ar\/2021\/wp-content\/uploads\/2024\/04\/Amanecer-de-otono-sierra.jpeg","width":1600,"height":900},{"@type":"BreadcrumbList","@id":"https:\/\/www.noticiasradioreflejos.com.ar\/2021\/candilazo-en-la-comarca-serrana-se-viene-varios-dias-de-lluvias\/#breadcrumb","itemListElement":[{"@type":"ListItem","position":1,"name":"Portada","item":"https:\/\/www.noticiasradioreflejos.com.ar\/2021\/"},{"@type":"ListItem","position":2,"name":"\u00abCandilazo\u00bb en la comarca serrana. Se vienen varios d\u00edas de lluvias."}]},{"@type":"WebSite","@id":"https:\/\/www.noticiasradioreflejos.com.ar\/2021\/#website","url":"https:\/\/www.noticiasradioreflejos.com.ar\/2021\/","name":"Noticias Radio Reflejos","description":"Las noticias de mi comarca","potentialAction":[{"@type":"SearchAction","target":{"@type":"EntryPoint","urlTemplate":"https:\/\/www.noticiasradioreflejos.com.ar\/2021\/?s={search_term_string}"},"query-input":{"@type":"PropertyValueSpecification","valueRequired":true,"valueName":"search_term_string"}}],"inLanguage":"es"},{"@type":"Person","@id":"https:\/\/www.noticiasradioreflejos.com.ar\/2021\/#\/schema\/person\/ad82545263dcc5ec0996818884fd5fb1","name":"Arnaldo Botto","image":{"@type":"ImageObject","inLanguage":"es","@id":"https:\/\/www.noticiasradioreflejos.com.ar\/2021\/#\/schema\/person\/image\/","url":"https:\/\/secure.gravatar.com\/avatar\/55cb5e37c1efa326397366e6974cb338056df65cb50e7d64d1cf314e87504837?s=96&d=mm&r=g","contentUrl":"https:\/\/secure.gravatar.com\/avatar\/55cb5e37c1efa326397366e6974cb338056df65cb50e7d64d1cf314e87504837?s=96&d=mm&r=g","caption":"Arnaldo Botto"},"url":"https:\/\/www.noticiasradioreflejos.com.ar\/2021\/author\/arnaldo\/"}]}},"_links":{"self":[{"href":"https:\/\/www.noticiasradioreflejos.com.ar\/2021\/wp-json\/wp\/v2\/posts\/101117","targetHints":{"allow":["GET"]}}],"collection":[{"href":"https:\/\/www.noticiasradioreflejos.com.ar\/2021\/wp-json\/wp\/v2\/posts"}],"about":[{"href":"https:\/\/www.noticiasradioreflejos.com.ar\/2021\/wp-json\/wp\/v2\/types\/post"}],"author":[{"embeddable":true,"href":"https:\/\/www.noticiasradioreflejos.com.ar\/2021\/wp-json\/wp\/v2\/users\/3"}],"replies":[{"embeddable":true,"href":"https:\/\/www.noticiasradioreflejos.com.ar\/2021\/wp-json\/wp\/v2\/comments?post=101117"}],"version-history":[{"count":2,"href":"https:\/\/www.noticiasradioreflejos.com.ar\/2021\/wp-json\/wp\/v2\/posts\/101117\/revisions"}],"predecessor-version":[{"id":101121,"href":"https:\/\/www.noticiasradioreflejos.com.ar\/2021\/wp-json\/wp\/v2\/posts\/101117\/revisions\/101121"}],"wp:featuredmedia":[{"embeddable":true,"href":"https:\/\/www.noticiasradioreflejos.com.ar\/2021\/wp-json\/wp\/v2\/media\/101119"}],"wp:attachment":[{"href":"https:\/\/www.noticiasradioreflejos.com.ar\/2021\/wp-json\/wp\/v2\/media?parent=101117"}],"wp:term":[{"taxonomy":"category","embeddable":true,"href":"https:\/\/www.noticiasradioreflejos.com.ar\/2021\/wp-json\/wp\/v2\/categories?post=101117"},{"taxonomy":"post_tag","embeddable":true,"href":"https:\/\/www.noticiasradioreflejos.com.ar\/2021\/wp-json\/wp\/v2\/tags?post=101117"}],"curies":[{"name":"wp","href":"https:\/\/api.w.org\/{rel}","templated":true}]}}