{"id":100902,"date":"2024-04-05T17:27:17","date_gmt":"2024-04-05T20:27:17","guid":{"rendered":"https:\/\/www.noticiasradioreflejos.com.ar\/2021\/?p=100902"},"modified":"2024-04-05T17:27:17","modified_gmt":"2024-04-05T20:27:17","slug":"no-todo-esta-perdido-la-conmovedora-historia-de-una-turista-y-un-peon-rural","status":"publish","type":"post","link":"https:\/\/www.noticiasradioreflejos.com.ar\/2021\/no-todo-esta-perdido-la-conmovedora-historia-de-una-turista-y-un-peon-rural\/","title":{"rendered":"No todo est\u00e1 perdido: La conmovedora historia de una turista y un pe\u00f3n rural"},"content":{"rendered":"<p>Las buenas historias suelen filtrarse entre tanta p\u00e1lida, y en este caso, el gesto de una turista bahiense se convirti\u00f3 en la noticia positiva de la semana.<!--more--><\/p>\n<p>El fin de semana XXL gener\u00f3 un aluvi\u00f3n de personas visitando la comarca, y entre tanto revuelo, Ayel\u00e9n Vidal se encontr\u00f3, a la vera del Sauce Grande, justo a metros del puente que une Villa Arcadia con Sierra, una mochila.<\/p>\n<p><a title=\"Ayelen\" href=\"https:\/\/www.flickr.com\/photos\/182279889@N02\/53633086342\/in\/dateposted-public\/\" data-flickr-embed=\"true\"><img loading=\"lazy\" decoding=\"async\" src=\"https:\/\/live.staticflickr.com\/65535\/53633086342_8726ac19ba_o.jpg\" alt=\"Ayelen\" width=\"717\" height=\"469\" \/><\/a><script async src=\"\/\/embedr.flickr.com\/assets\/client-code.js\" charset=\"utf-8\"><\/script><\/p>\n<p>Pero no era cualquier mochila. Era pr\u00e1cticamente la vida entera de un pe\u00f3n rural de 19 a\u00f1os que lleg\u00f3 desde Corrientes so\u00f1ando un futuro mejor. El chico se la olvid\u00f3 all\u00ed, y dentro no solo estaba su ropa, sino tambi\u00e9n sus documentos y algo de dinero que hab\u00eda ganado en su primera changa.<\/p>\n<p>Ayel\u00e9n confi\u00f3, porque entiende que los buenos gestos contagian. Por eso se dirigi\u00f3 al destacamento\u00a0 de Arcadia, y le entreg\u00f3 a la polic\u00eda todo, para que fuesen ellos quienes se ocupen de rastrear al due\u00f1o de las pertenencias.<\/p>\n<p>Lo cierto es que tras varias averiguaciones llegaron al establecimiento rural Santo Tom\u00e1s, en Saldungaray, y fue all\u00ed cuando le cambiaron el d\u00eda y el semblante al muchacho.<\/p>\n<p>Fue tanta la felicidad, que busc\u00f3 la manera de agradecerle a Ayel\u00e9n. Con la ayuda de los efectivos policiales le grab\u00f3 este video, el cual emociona y nos hace recordar que no todo est\u00e1 perdido en este mundo, ya que a\u00fan hay gente de buen coraz\u00f3n.<\/p>\n<p><a title=\"Miguel Rom\u00e1n Agradece\" href=\"https:\/\/www.flickr.com\/photos\/182279889@N02\/53633086387\/in\/dateposted-public\/\" data-flickr-embed=\"true\"><img loading=\"lazy\" decoding=\"async\" class=\"aligncenter\" src=\"https:\/\/live.staticflickr.com\/31337\/53633086387_6660859f8f_w.jpg\" alt=\"Miguel Rom\u00e1n Agradece\" width=\"308\" height=\"549\" \/><\/a><script async src=\"\/\/embedr.flickr.com\/assets\/client-code.js\" charset=\"utf-8\"><\/script><\/p>\n","protected":false},"excerpt":{"rendered":"<p>Las buenas historias suelen filtrarse entre tanta p\u00e1lida, y en este caso, el gesto de una turista bahiense se convirti\u00f3 en la noticia positiva de la semana.<\/p>\n","protected":false},"author":3,"featured_media":0,"comment_status":"closed","ping_status":"closed","sticky":false,"template":"","format":"standard","meta":{"footnotes":""},"categories":[26],"tags":[48],"class_list":["post-100902","post","type-post","status-publish","format-standard","hentry","category-sociedad","tag-destacada"],"yoast_head":"<!-- This site is optimized with the Yoast SEO plugin v25.9 - https:\/\/yoast.com\/wordpress\/plugins\/seo\/ -->\n<title>No todo est\u00e1 perdido: La conmovedora historia de una turista y un pe\u00f3n rural - Noticias Radio Reflejos<\/title>\n<meta name=\"robots\" content=\"index, follow, max-snippet:-1, max-image-preview:large, max-video-preview:-1\" \/>\n<link rel=\"canonical\" href=\"https:\/\/www.noticiasradioreflejos.com.ar\/2021\/no-todo-esta-perdido-la-conmovedora-historia-de-una-turista-y-un-peon-rural\/\" \/>\n<meta property=\"og:locale\" content=\"es_ES\" \/>\n<meta property=\"og:type\" content=\"article\" \/>\n<meta property=\"og:title\" content=\"No todo est\u00e1 perdido: La conmovedora historia de una turista y un pe\u00f3n rural - Noticias Radio Reflejos\" \/>\n<meta property=\"og:description\" content=\"Las buenas historias suelen filtrarse entre tanta p\u00e1lida, y en este caso, el gesto de una turista bahiense se convirti\u00f3 en la noticia positiva de la semana.\" \/>\n<meta property=\"og:url\" content=\"https:\/\/www.noticiasradioreflejos.com.ar\/2021\/no-todo-esta-perdido-la-conmovedora-historia-de-una-turista-y-un-peon-rural\/\" \/>\n<meta property=\"og:site_name\" content=\"Noticias Radio Reflejos\" \/>\n<meta property=\"article:published_time\" content=\"2024-04-05T20:27:17+00:00\" \/>\n<meta property=\"og:image\" content=\"https:\/\/live.staticflickr.com\/65535\/53633086342_8726ac19ba_o.jpg\" \/>\n<meta name=\"author\" content=\"Arnaldo Botto\" \/>\n<meta name=\"twitter:card\" content=\"summary_large_image\" \/>\n<script type=\"application\/ld+json\" class=\"yoast-schema-graph\">{\"@context\":\"https:\/\/schema.org\",\"@graph\":[{\"@type\":\"WebPage\",\"@id\":\"https:\/\/www.noticiasradioreflejos.com.ar\/2021\/no-todo-esta-perdido-la-conmovedora-historia-de-una-turista-y-un-peon-rural\/\",\"url\":\"https:\/\/www.noticiasradioreflejos.com.ar\/2021\/no-todo-esta-perdido-la-conmovedora-historia-de-una-turista-y-un-peon-rural\/\",\"name\":\"No todo est\u00e1 perdido: La conmovedora historia de una turista y un pe\u00f3n rural - Noticias Radio Reflejos\",\"isPartOf\":{\"@id\":\"https:\/\/www.noticiasradioreflejos.com.ar\/2021\/#website\"},\"primaryImageOfPage\":{\"@id\":\"https:\/\/www.noticiasradioreflejos.com.ar\/2021\/no-todo-esta-perdido-la-conmovedora-historia-de-una-turista-y-un-peon-rural\/#primaryimage\"},\"image\":{\"@id\":\"https:\/\/www.noticiasradioreflejos.com.ar\/2021\/no-todo-esta-perdido-la-conmovedora-historia-de-una-turista-y-un-peon-rural\/#primaryimage\"},\"thumbnailUrl\":\"https:\/\/live.staticflickr.com\/65535\/53633086342_8726ac19ba_o.jpg\",\"datePublished\":\"2024-04-05T20:27:17+00:00\",\"author\":{\"@id\":\"https:\/\/www.noticiasradioreflejos.com.ar\/2021\/#\/schema\/person\/ad82545263dcc5ec0996818884fd5fb1\"},\"breadcrumb\":{\"@id\":\"https:\/\/www.noticiasradioreflejos.com.ar\/2021\/no-todo-esta-perdido-la-conmovedora-historia-de-una-turista-y-un-peon-rural\/#breadcrumb\"},\"inLanguage\":\"es\",\"potentialAction\":[{\"@type\":\"ReadAction\",\"target\":[\"https:\/\/www.noticiasradioreflejos.com.ar\/2021\/no-todo-esta-perdido-la-conmovedora-historia-de-una-turista-y-un-peon-rural\/\"]}]},{\"@type\":\"ImageObject\",\"inLanguage\":\"es\",\"@id\":\"https:\/\/www.noticiasradioreflejos.com.ar\/2021\/no-todo-esta-perdido-la-conmovedora-historia-de-una-turista-y-un-peon-rural\/#primaryimage\",\"url\":\"https:\/\/live.staticflickr.com\/65535\/53633086342_8726ac19ba_o.jpg\",\"contentUrl\":\"https:\/\/live.staticflickr.com\/65535\/53633086342_8726ac19ba_o.jpg\"},{\"@type\":\"BreadcrumbList\",\"@id\":\"https:\/\/www.noticiasradioreflejos.com.ar\/2021\/no-todo-esta-perdido-la-conmovedora-historia-de-una-turista-y-un-peon-rural\/#breadcrumb\",\"itemListElement\":[{\"@type\":\"ListItem\",\"position\":1,\"name\":\"Portada\",\"item\":\"https:\/\/www.noticiasradioreflejos.com.ar\/2021\/\"},{\"@type\":\"ListItem\",\"position\":2,\"name\":\"No todo est\u00e1 perdido: La conmovedora historia de una turista y un pe\u00f3n rural\"}]},{\"@type\":\"WebSite\",\"@id\":\"https:\/\/www.noticiasradioreflejos.com.ar\/2021\/#website\",\"url\":\"https:\/\/www.noticiasradioreflejos.com.ar\/2021\/\",\"name\":\"Noticias Radio Reflejos\",\"description\":\"Las noticias de mi comarca\",\"potentialAction\":[{\"@type\":\"SearchAction\",\"target\":{\"@type\":\"EntryPoint\",\"urlTemplate\":\"https:\/\/www.noticiasradioreflejos.com.ar\/2021\/?s={search_term_string}\"},\"query-input\":{\"@type\":\"PropertyValueSpecification\",\"valueRequired\":true,\"valueName\":\"search_term_string\"}}],\"inLanguage\":\"es\"},{\"@type\":\"Person\",\"@id\":\"https:\/\/www.noticiasradioreflejos.com.ar\/2021\/#\/schema\/person\/ad82545263dcc5ec0996818884fd5fb1\",\"name\":\"Arnaldo Botto\",\"image\":{\"@type\":\"ImageObject\",\"inLanguage\":\"es\",\"@id\":\"https:\/\/www.noticiasradioreflejos.com.ar\/2021\/#\/schema\/person\/image\/\",\"url\":\"https:\/\/secure.gravatar.com\/avatar\/55cb5e37c1efa326397366e6974cb338056df65cb50e7d64d1cf314e87504837?s=96&d=mm&r=g\",\"contentUrl\":\"https:\/\/secure.gravatar.com\/avatar\/55cb5e37c1efa326397366e6974cb338056df65cb50e7d64d1cf314e87504837?s=96&d=mm&r=g\",\"caption\":\"Arnaldo Botto\"},\"url\":\"https:\/\/www.noticiasradioreflejos.com.ar\/2021\/author\/arnaldo\/\"}]}<\/script>\n<!-- \/ Yoast SEO plugin. -->","yoast_head_json":{"title":"No todo est\u00e1 perdido: La conmovedora historia de una turista y un pe\u00f3n rural - Noticias Radio Reflejos","robots":{"index":"index","follow":"follow","max-snippet":"max-snippet:-1","max-image-preview":"max-image-preview:large","max-video-preview":"max-video-preview:-1"},"canonical":"https:\/\/www.noticiasradioreflejos.com.ar\/2021\/no-todo-esta-perdido-la-conmovedora-historia-de-una-turista-y-un-peon-rural\/","og_locale":"es_ES","og_type":"article","og_title":"No todo est\u00e1 perdido: La conmovedora historia de una turista y un pe\u00f3n rural - Noticias Radio Reflejos","og_description":"Las buenas historias suelen filtrarse entre tanta p\u00e1lida, y en este caso, el gesto de una turista bahiense se convirti\u00f3 en la noticia positiva de la semana.","og_url":"https:\/\/www.noticiasradioreflejos.com.ar\/2021\/no-todo-esta-perdido-la-conmovedora-historia-de-una-turista-y-un-peon-rural\/","og_site_name":"Noticias Radio Reflejos","article_published_time":"2024-04-05T20:27:17+00:00","og_image":[{"url":"https:\/\/live.staticflickr.com\/65535\/53633086342_8726ac19ba_o.jpg","type":"","width":"","height":""}],"author":"Arnaldo Botto","twitter_card":"summary_large_image","schema":{"@context":"https:\/\/schema.org","@graph":[{"@type":"WebPage","@id":"https:\/\/www.noticiasradioreflejos.com.ar\/2021\/no-todo-esta-perdido-la-conmovedora-historia-de-una-turista-y-un-peon-rural\/","url":"https:\/\/www.noticiasradioreflejos.com.ar\/2021\/no-todo-esta-perdido-la-conmovedora-historia-de-una-turista-y-un-peon-rural\/","name":"No todo est\u00e1 perdido: La conmovedora historia de una turista y un pe\u00f3n rural - Noticias Radio Reflejos","isPartOf":{"@id":"https:\/\/www.noticiasradioreflejos.com.ar\/2021\/#website"},"primaryImageOfPage":{"@id":"https:\/\/www.noticiasradioreflejos.com.ar\/2021\/no-todo-esta-perdido-la-conmovedora-historia-de-una-turista-y-un-peon-rural\/#primaryimage"},"image":{"@id":"https:\/\/www.noticiasradioreflejos.com.ar\/2021\/no-todo-esta-perdido-la-conmovedora-historia-de-una-turista-y-un-peon-rural\/#primaryimage"},"thumbnailUrl":"https:\/\/live.staticflickr.com\/65535\/53633086342_8726ac19ba_o.jpg","datePublished":"2024-04-05T20:27:17+00:00","author":{"@id":"https:\/\/www.noticiasradioreflejos.com.ar\/2021\/#\/schema\/person\/ad82545263dcc5ec0996818884fd5fb1"},"breadcrumb":{"@id":"https:\/\/www.noticiasradioreflejos.com.ar\/2021\/no-todo-esta-perdido-la-conmovedora-historia-de-una-turista-y-un-peon-rural\/#breadcrumb"},"inLanguage":"es","potentialAction":[{"@type":"ReadAction","target":["https:\/\/www.noticiasradioreflejos.com.ar\/2021\/no-todo-esta-perdido-la-conmovedora-historia-de-una-turista-y-un-peon-rural\/"]}]},{"@type":"ImageObject","inLanguage":"es","@id":"https:\/\/www.noticiasradioreflejos.com.ar\/2021\/no-todo-esta-perdido-la-conmovedora-historia-de-una-turista-y-un-peon-rural\/#primaryimage","url":"https:\/\/live.staticflickr.com\/65535\/53633086342_8726ac19ba_o.jpg","contentUrl":"https:\/\/live.staticflickr.com\/65535\/53633086342_8726ac19ba_o.jpg"},{"@type":"BreadcrumbList","@id":"https:\/\/www.noticiasradioreflejos.com.ar\/2021\/no-todo-esta-perdido-la-conmovedora-historia-de-una-turista-y-un-peon-rural\/#breadcrumb","itemListElement":[{"@type":"ListItem","position":1,"name":"Portada","item":"https:\/\/www.noticiasradioreflejos.com.ar\/2021\/"},{"@type":"ListItem","position":2,"name":"No todo est\u00e1 perdido: La conmovedora historia de una turista y un pe\u00f3n rural"}]},{"@type":"WebSite","@id":"https:\/\/www.noticiasradioreflejos.com.ar\/2021\/#website","url":"https:\/\/www.noticiasradioreflejos.com.ar\/2021\/","name":"Noticias Radio Reflejos","description":"Las noticias de mi comarca","potentialAction":[{"@type":"SearchAction","target":{"@type":"EntryPoint","urlTemplate":"https:\/\/www.noticiasradioreflejos.com.ar\/2021\/?s={search_term_string}"},"query-input":{"@type":"PropertyValueSpecification","valueRequired":true,"valueName":"search_term_string"}}],"inLanguage":"es"},{"@type":"Person","@id":"https:\/\/www.noticiasradioreflejos.com.ar\/2021\/#\/schema\/person\/ad82545263dcc5ec0996818884fd5fb1","name":"Arnaldo Botto","image":{"@type":"ImageObject","inLanguage":"es","@id":"https:\/\/www.noticiasradioreflejos.com.ar\/2021\/#\/schema\/person\/image\/","url":"https:\/\/secure.gravatar.com\/avatar\/55cb5e37c1efa326397366e6974cb338056df65cb50e7d64d1cf314e87504837?s=96&d=mm&r=g","contentUrl":"https:\/\/secure.gravatar.com\/avatar\/55cb5e37c1efa326397366e6974cb338056df65cb50e7d64d1cf314e87504837?s=96&d=mm&r=g","caption":"Arnaldo Botto"},"url":"https:\/\/www.noticiasradioreflejos.com.ar\/2021\/author\/arnaldo\/"}]}},"_links":{"self":[{"href":"https:\/\/www.noticiasradioreflejos.com.ar\/2021\/wp-json\/wp\/v2\/posts\/100902","targetHints":{"allow":["GET"]}}],"collection":[{"href":"https:\/\/www.noticiasradioreflejos.com.ar\/2021\/wp-json\/wp\/v2\/posts"}],"about":[{"href":"https:\/\/www.noticiasradioreflejos.com.ar\/2021\/wp-json\/wp\/v2\/types\/post"}],"author":[{"embeddable":true,"href":"https:\/\/www.noticiasradioreflejos.com.ar\/2021\/wp-json\/wp\/v2\/users\/3"}],"replies":[{"embeddable":true,"href":"https:\/\/www.noticiasradioreflejos.com.ar\/2021\/wp-json\/wp\/v2\/comments?post=100902"}],"version-history":[{"count":2,"href":"https:\/\/www.noticiasradioreflejos.com.ar\/2021\/wp-json\/wp\/v2\/posts\/100902\/revisions"}],"predecessor-version":[{"id":100937,"href":"https:\/\/www.noticiasradioreflejos.com.ar\/2021\/wp-json\/wp\/v2\/posts\/100902\/revisions\/100937"}],"wp:attachment":[{"href":"https:\/\/www.noticiasradioreflejos.com.ar\/2021\/wp-json\/wp\/v2\/media?parent=100902"}],"wp:term":[{"taxonomy":"category","embeddable":true,"href":"https:\/\/www.noticiasradioreflejos.com.ar\/2021\/wp-json\/wp\/v2\/categories?post=100902"},{"taxonomy":"post_tag","embeddable":true,"href":"https:\/\/www.noticiasradioreflejos.com.ar\/2021\/wp-json\/wp\/v2\/tags?post=100902"}],"curies":[{"name":"wp","href":"https:\/\/api.w.org\/{rel}","templated":true}]}}