{"id":100816,"date":"2024-04-03T07:52:49","date_gmt":"2024-04-03T10:52:49","guid":{"rendered":"https:\/\/www.noticiasradioreflejos.com.ar\/2021\/?p=100816"},"modified":"2024-04-03T07:52:49","modified_gmt":"2024-04-03T10:52:49","slug":"gas-hoy-aumentan-las-tarifas-y-el-impacto-en-las-boletas-se-sentira-en-mayo","status":"publish","type":"post","link":"https:\/\/www.noticiasradioreflejos.com.ar\/2021\/gas-hoy-aumentan-las-tarifas-y-el-impacto-en-las-boletas-se-sentira-en-mayo\/","title":{"rendered":"Gas: hoy aumentan las tarifas y el impacto en las boletas se\u00a0sentir\u00e1\u00a0en\u00a0mayo"},"content":{"rendered":"<p>El Ente Nacional Regulador del Gas (Enargas) anunciar\u00e1 los ajustes en los cuadros tarifarios. Se espera un incremento de al menos 150%, con la posibilidad de alcanzar m\u00e1s del 300%.<!--more--><\/p>\n<div class=\"content\">\n<div class=\"sizer\" data-sizer=\"aspect-ratio\" data-tadevel-template=\"web\/aspect-ratio\"><\/div>\n<\/div>\n<div class=\"article-body\" data-tadevel-template=\"web\/article-body\">\n<div class=\"article-body-content\">\n<p><a href=\"https:\/\/noticiasargentinas.com\/economia\/tarifas-del-gas--de-cuanto-es-el-aumento-en-abril_a660995fb41ccb4cd3961918f\">Las\u00a0<strong>tarifas de gas<\/strong>\u00a0registrar\u00e1n un aumento<\/a>\u00a0a partir del consumo de este mi\u00e9rcoles, con un impacto que comenzar\u00e1 a reflejarse en\u00a0<strong>las facturas a partir de mayo.\u00a0<\/strong><\/p>\n<p>El Ente Nacional Regulador del Gas (Enargas) tiene preparada la resoluci\u00f3n con los nuevos cuadros tarifarios, que se publicar\u00e1n en el Bolet\u00edn Oficial. Este incremento afectar\u00e1 a todos los usuarios residenciales, comerciales e industriales, aunque variar\u00e1 en magnitud.<\/p>\n<p><strong>Se espera un incremento de al menos el 150%, con la posibilidad de alcanzar m\u00e1s del 300%.<\/strong><\/p>\n<p>La Secretar\u00eda de Energ\u00eda revel\u00f3 la semana pasada los nuevos valores que los usuarios deber\u00e1n abonar por el costo de producci\u00f3n del gas a partir de este mes. Seg\u00fan la informaci\u00f3n proporcionada, en promedio,\u00a0<strong>los hogares de ingresos altos ver\u00e1n aumentar su factura de $2961 a $9271; los de bajos ingresos, de $838 a $2462; y los de ingresos medios, de $1975 a $6375.<\/strong>\u00a0Sin embargo, este componente constituye solo uno de los tres factores que impactan en las facturas.<\/p>\n<p>Enargas publicar\u00e1 ma\u00f1ana los incrementos correspondientes a los componentes de transporte y distribuci\u00f3n, que representan alrededor del 35% del costo total de las facturas. Estas tarifas se aplican a las empresas responsables del transporte y distribuci\u00f3n del gas desde los centros de producci\u00f3n hasta los hogares.\u00a0<strong>Este aumento ser\u00e1 uniforme para todos los usuarios, ya que no hay segmentaci\u00f3n en estos componentes de las facturas.<\/strong><\/p>\n<p>Si se materializan todos estos aumentos, las tarifas en el \u00e1rea metropolitana de Buenos Aires (AMBA)\u00a0<strong>podr\u00edan aumentar en promedio $8000 en un mes<\/strong>, sin tener en cuenta la reducci\u00f3n de subsidios establecida por la Secretar\u00eda de Energ\u00eda.<\/p>\n<p>Aunque los pedidos de ajuste realizados por las empresas no son vinculantes, se anticipa alg\u00fan tipo de incremento, dado que la mayor\u00eda de las empresas reportaron p\u00e9rdidas el a\u00f1o pasado debido al congelamiento de sus ingresos en un contexto de alta inflaci\u00f3n.<\/p>\n<p>Se espera que el ente que regula el gas apruebe\u00a0<strong>un aumento del 350%, lo que implicar\u00eda un incremento en la tarifa final de al menos el 70%.<\/strong><\/p>\n<\/div>\n<\/div>\n","protected":false},"excerpt":{"rendered":"<p>El Ente Nacional Regulador del Gas (Enargas) anunciar\u00e1 los ajustes en los cuadros tarifarios. Se espera un incremento de al menos 150%, con la posibilidad de alcanzar m\u00e1s del 300%.<\/p>\n","protected":false},"author":3,"featured_media":56913,"comment_status":"closed","ping_status":"closed","sticky":false,"template":"","format":"standard","meta":{"footnotes":""},"categories":[36],"tags":[48],"class_list":["post-100816","post","type-post","status-publish","format-standard","has-post-thumbnail","hentry","category-economia","tag-destacada"],"yoast_head":"<!-- This site is optimized with the Yoast SEO plugin v25.9 - https:\/\/yoast.com\/wordpress\/plugins\/seo\/ -->\n<title>Gas: hoy aumentan las tarifas y el impacto en las boletas se\u00a0sentir\u00e1\u00a0en\u00a0mayo - Noticias Radio Reflejos<\/title>\n<meta name=\"robots\" content=\"index, follow, max-snippet:-1, max-image-preview:large, max-video-preview:-1\" \/>\n<link rel=\"canonical\" href=\"https:\/\/www.noticiasradioreflejos.com.ar\/2021\/gas-hoy-aumentan-las-tarifas-y-el-impacto-en-las-boletas-se-sentira-en-mayo\/\" \/>\n<meta property=\"og:locale\" content=\"es_ES\" \/>\n<meta property=\"og:type\" content=\"article\" \/>\n<meta property=\"og:title\" content=\"Gas: hoy aumentan las tarifas y el impacto en las boletas se\u00a0sentir\u00e1\u00a0en\u00a0mayo - Noticias Radio Reflejos\" \/>\n<meta property=\"og:description\" content=\"El Ente Nacional Regulador del Gas (Enargas) anunciar\u00e1 los ajustes en los cuadros tarifarios. Se espera un incremento de al menos 150%, con la posibilidad de alcanzar m\u00e1s del 300%.\" \/>\n<meta property=\"og:url\" content=\"https:\/\/www.noticiasradioreflejos.com.ar\/2021\/gas-hoy-aumentan-las-tarifas-y-el-impacto-en-las-boletas-se-sentira-en-mayo\/\" \/>\n<meta property=\"og:site_name\" content=\"Noticias Radio Reflejos\" \/>\n<meta property=\"article:published_time\" content=\"2024-04-03T10:52:49+00:00\" \/>\n<meta property=\"og:image\" content=\"https:\/\/www.noticiasradioreflejos.com.ar\/2021\/wp-content\/uploads\/2021\/05\/Gas.jpg\" \/>\n\t<meta property=\"og:image:width\" content=\"1004\" \/>\n\t<meta property=\"og:image:height\" content=\"565\" \/>\n\t<meta property=\"og:image:type\" content=\"image\/jpeg\" \/>\n<meta name=\"author\" content=\"Arnaldo Botto\" \/>\n<meta name=\"twitter:card\" content=\"summary_large_image\" \/>\n<script type=\"application\/ld+json\" class=\"yoast-schema-graph\">{\"@context\":\"https:\/\/schema.org\",\"@graph\":[{\"@type\":\"WebPage\",\"@id\":\"https:\/\/www.noticiasradioreflejos.com.ar\/2021\/gas-hoy-aumentan-las-tarifas-y-el-impacto-en-las-boletas-se-sentira-en-mayo\/\",\"url\":\"https:\/\/www.noticiasradioreflejos.com.ar\/2021\/gas-hoy-aumentan-las-tarifas-y-el-impacto-en-las-boletas-se-sentira-en-mayo\/\",\"name\":\"Gas: hoy aumentan las tarifas y el impacto en las boletas se\u00a0sentir\u00e1\u00a0en\u00a0mayo - Noticias Radio Reflejos\",\"isPartOf\":{\"@id\":\"https:\/\/www.noticiasradioreflejos.com.ar\/2021\/#website\"},\"primaryImageOfPage\":{\"@id\":\"https:\/\/www.noticiasradioreflejos.com.ar\/2021\/gas-hoy-aumentan-las-tarifas-y-el-impacto-en-las-boletas-se-sentira-en-mayo\/#primaryimage\"},\"image\":{\"@id\":\"https:\/\/www.noticiasradioreflejos.com.ar\/2021\/gas-hoy-aumentan-las-tarifas-y-el-impacto-en-las-boletas-se-sentira-en-mayo\/#primaryimage\"},\"thumbnailUrl\":\"https:\/\/www.noticiasradioreflejos.com.ar\/2021\/wp-content\/uploads\/2021\/05\/Gas.jpg\",\"datePublished\":\"2024-04-03T10:52:49+00:00\",\"author\":{\"@id\":\"https:\/\/www.noticiasradioreflejos.com.ar\/2021\/#\/schema\/person\/ad82545263dcc5ec0996818884fd5fb1\"},\"breadcrumb\":{\"@id\":\"https:\/\/www.noticiasradioreflejos.com.ar\/2021\/gas-hoy-aumentan-las-tarifas-y-el-impacto-en-las-boletas-se-sentira-en-mayo\/#breadcrumb\"},\"inLanguage\":\"es\",\"potentialAction\":[{\"@type\":\"ReadAction\",\"target\":[\"https:\/\/www.noticiasradioreflejos.com.ar\/2021\/gas-hoy-aumentan-las-tarifas-y-el-impacto-en-las-boletas-se-sentira-en-mayo\/\"]}]},{\"@type\":\"ImageObject\",\"inLanguage\":\"es\",\"@id\":\"https:\/\/www.noticiasradioreflejos.com.ar\/2021\/gas-hoy-aumentan-las-tarifas-y-el-impacto-en-las-boletas-se-sentira-en-mayo\/#primaryimage\",\"url\":\"https:\/\/www.noticiasradioreflejos.com.ar\/2021\/wp-content\/uploads\/2021\/05\/Gas.jpg\",\"contentUrl\":\"https:\/\/www.noticiasradioreflejos.com.ar\/2021\/wp-content\/uploads\/2021\/05\/Gas.jpg\",\"width\":1004,\"height\":565},{\"@type\":\"BreadcrumbList\",\"@id\":\"https:\/\/www.noticiasradioreflejos.com.ar\/2021\/gas-hoy-aumentan-las-tarifas-y-el-impacto-en-las-boletas-se-sentira-en-mayo\/#breadcrumb\",\"itemListElement\":[{\"@type\":\"ListItem\",\"position\":1,\"name\":\"Portada\",\"item\":\"https:\/\/www.noticiasradioreflejos.com.ar\/2021\/\"},{\"@type\":\"ListItem\",\"position\":2,\"name\":\"Gas: hoy aumentan las tarifas y el impacto en las boletas se\u00a0sentir\u00e1\u00a0en\u00a0mayo\"}]},{\"@type\":\"WebSite\",\"@id\":\"https:\/\/www.noticiasradioreflejos.com.ar\/2021\/#website\",\"url\":\"https:\/\/www.noticiasradioreflejos.com.ar\/2021\/\",\"name\":\"Noticias Radio Reflejos\",\"description\":\"Las noticias de mi comarca\",\"potentialAction\":[{\"@type\":\"SearchAction\",\"target\":{\"@type\":\"EntryPoint\",\"urlTemplate\":\"https:\/\/www.noticiasradioreflejos.com.ar\/2021\/?s={search_term_string}\"},\"query-input\":{\"@type\":\"PropertyValueSpecification\",\"valueRequired\":true,\"valueName\":\"search_term_string\"}}],\"inLanguage\":\"es\"},{\"@type\":\"Person\",\"@id\":\"https:\/\/www.noticiasradioreflejos.com.ar\/2021\/#\/schema\/person\/ad82545263dcc5ec0996818884fd5fb1\",\"name\":\"Arnaldo Botto\",\"image\":{\"@type\":\"ImageObject\",\"inLanguage\":\"es\",\"@id\":\"https:\/\/www.noticiasradioreflejos.com.ar\/2021\/#\/schema\/person\/image\/\",\"url\":\"https:\/\/secure.gravatar.com\/avatar\/55cb5e37c1efa326397366e6974cb338056df65cb50e7d64d1cf314e87504837?s=96&d=mm&r=g\",\"contentUrl\":\"https:\/\/secure.gravatar.com\/avatar\/55cb5e37c1efa326397366e6974cb338056df65cb50e7d64d1cf314e87504837?s=96&d=mm&r=g\",\"caption\":\"Arnaldo Botto\"},\"url\":\"https:\/\/www.noticiasradioreflejos.com.ar\/2021\/author\/arnaldo\/\"}]}<\/script>\n<!-- \/ Yoast SEO plugin. -->","yoast_head_json":{"title":"Gas: hoy aumentan las tarifas y el impacto en las boletas se\u00a0sentir\u00e1\u00a0en\u00a0mayo - Noticias Radio Reflejos","robots":{"index":"index","follow":"follow","max-snippet":"max-snippet:-1","max-image-preview":"max-image-preview:large","max-video-preview":"max-video-preview:-1"},"canonical":"https:\/\/www.noticiasradioreflejos.com.ar\/2021\/gas-hoy-aumentan-las-tarifas-y-el-impacto-en-las-boletas-se-sentira-en-mayo\/","og_locale":"es_ES","og_type":"article","og_title":"Gas: hoy aumentan las tarifas y el impacto en las boletas se\u00a0sentir\u00e1\u00a0en\u00a0mayo - Noticias Radio Reflejos","og_description":"El Ente Nacional Regulador del Gas (Enargas) anunciar\u00e1 los ajustes en los cuadros tarifarios. Se espera un incremento de al menos 150%, con la posibilidad de alcanzar m\u00e1s del 300%.","og_url":"https:\/\/www.noticiasradioreflejos.com.ar\/2021\/gas-hoy-aumentan-las-tarifas-y-el-impacto-en-las-boletas-se-sentira-en-mayo\/","og_site_name":"Noticias Radio Reflejos","article_published_time":"2024-04-03T10:52:49+00:00","og_image":[{"width":1004,"height":565,"url":"https:\/\/www.noticiasradioreflejos.com.ar\/2021\/wp-content\/uploads\/2021\/05\/Gas.jpg","type":"image\/jpeg"}],"author":"Arnaldo Botto","twitter_card":"summary_large_image","schema":{"@context":"https:\/\/schema.org","@graph":[{"@type":"WebPage","@id":"https:\/\/www.noticiasradioreflejos.com.ar\/2021\/gas-hoy-aumentan-las-tarifas-y-el-impacto-en-las-boletas-se-sentira-en-mayo\/","url":"https:\/\/www.noticiasradioreflejos.com.ar\/2021\/gas-hoy-aumentan-las-tarifas-y-el-impacto-en-las-boletas-se-sentira-en-mayo\/","name":"Gas: hoy aumentan las tarifas y el impacto en las boletas se\u00a0sentir\u00e1\u00a0en\u00a0mayo - Noticias Radio Reflejos","isPartOf":{"@id":"https:\/\/www.noticiasradioreflejos.com.ar\/2021\/#website"},"primaryImageOfPage":{"@id":"https:\/\/www.noticiasradioreflejos.com.ar\/2021\/gas-hoy-aumentan-las-tarifas-y-el-impacto-en-las-boletas-se-sentira-en-mayo\/#primaryimage"},"image":{"@id":"https:\/\/www.noticiasradioreflejos.com.ar\/2021\/gas-hoy-aumentan-las-tarifas-y-el-impacto-en-las-boletas-se-sentira-en-mayo\/#primaryimage"},"thumbnailUrl":"https:\/\/www.noticiasradioreflejos.com.ar\/2021\/wp-content\/uploads\/2021\/05\/Gas.jpg","datePublished":"2024-04-03T10:52:49+00:00","author":{"@id":"https:\/\/www.noticiasradioreflejos.com.ar\/2021\/#\/schema\/person\/ad82545263dcc5ec0996818884fd5fb1"},"breadcrumb":{"@id":"https:\/\/www.noticiasradioreflejos.com.ar\/2021\/gas-hoy-aumentan-las-tarifas-y-el-impacto-en-las-boletas-se-sentira-en-mayo\/#breadcrumb"},"inLanguage":"es","potentialAction":[{"@type":"ReadAction","target":["https:\/\/www.noticiasradioreflejos.com.ar\/2021\/gas-hoy-aumentan-las-tarifas-y-el-impacto-en-las-boletas-se-sentira-en-mayo\/"]}]},{"@type":"ImageObject","inLanguage":"es","@id":"https:\/\/www.noticiasradioreflejos.com.ar\/2021\/gas-hoy-aumentan-las-tarifas-y-el-impacto-en-las-boletas-se-sentira-en-mayo\/#primaryimage","url":"https:\/\/www.noticiasradioreflejos.com.ar\/2021\/wp-content\/uploads\/2021\/05\/Gas.jpg","contentUrl":"https:\/\/www.noticiasradioreflejos.com.ar\/2021\/wp-content\/uploads\/2021\/05\/Gas.jpg","width":1004,"height":565},{"@type":"BreadcrumbList","@id":"https:\/\/www.noticiasradioreflejos.com.ar\/2021\/gas-hoy-aumentan-las-tarifas-y-el-impacto-en-las-boletas-se-sentira-en-mayo\/#breadcrumb","itemListElement":[{"@type":"ListItem","position":1,"name":"Portada","item":"https:\/\/www.noticiasradioreflejos.com.ar\/2021\/"},{"@type":"ListItem","position":2,"name":"Gas: hoy aumentan las tarifas y el impacto en las boletas se\u00a0sentir\u00e1\u00a0en\u00a0mayo"}]},{"@type":"WebSite","@id":"https:\/\/www.noticiasradioreflejos.com.ar\/2021\/#website","url":"https:\/\/www.noticiasradioreflejos.com.ar\/2021\/","name":"Noticias Radio Reflejos","description":"Las noticias de mi comarca","potentialAction":[{"@type":"SearchAction","target":{"@type":"EntryPoint","urlTemplate":"https:\/\/www.noticiasradioreflejos.com.ar\/2021\/?s={search_term_string}"},"query-input":{"@type":"PropertyValueSpecification","valueRequired":true,"valueName":"search_term_string"}}],"inLanguage":"es"},{"@type":"Person","@id":"https:\/\/www.noticiasradioreflejos.com.ar\/2021\/#\/schema\/person\/ad82545263dcc5ec0996818884fd5fb1","name":"Arnaldo Botto","image":{"@type":"ImageObject","inLanguage":"es","@id":"https:\/\/www.noticiasradioreflejos.com.ar\/2021\/#\/schema\/person\/image\/","url":"https:\/\/secure.gravatar.com\/avatar\/55cb5e37c1efa326397366e6974cb338056df65cb50e7d64d1cf314e87504837?s=96&d=mm&r=g","contentUrl":"https:\/\/secure.gravatar.com\/avatar\/55cb5e37c1efa326397366e6974cb338056df65cb50e7d64d1cf314e87504837?s=96&d=mm&r=g","caption":"Arnaldo Botto"},"url":"https:\/\/www.noticiasradioreflejos.com.ar\/2021\/author\/arnaldo\/"}]}},"_links":{"self":[{"href":"https:\/\/www.noticiasradioreflejos.com.ar\/2021\/wp-json\/wp\/v2\/posts\/100816","targetHints":{"allow":["GET"]}}],"collection":[{"href":"https:\/\/www.noticiasradioreflejos.com.ar\/2021\/wp-json\/wp\/v2\/posts"}],"about":[{"href":"https:\/\/www.noticiasradioreflejos.com.ar\/2021\/wp-json\/wp\/v2\/types\/post"}],"author":[{"embeddable":true,"href":"https:\/\/www.noticiasradioreflejos.com.ar\/2021\/wp-json\/wp\/v2\/users\/3"}],"replies":[{"embeddable":true,"href":"https:\/\/www.noticiasradioreflejos.com.ar\/2021\/wp-json\/wp\/v2\/comments?post=100816"}],"version-history":[{"count":1,"href":"https:\/\/www.noticiasradioreflejos.com.ar\/2021\/wp-json\/wp\/v2\/posts\/100816\/revisions"}],"predecessor-version":[{"id":100817,"href":"https:\/\/www.noticiasradioreflejos.com.ar\/2021\/wp-json\/wp\/v2\/posts\/100816\/revisions\/100817"}],"wp:featuredmedia":[{"embeddable":true,"href":"https:\/\/www.noticiasradioreflejos.com.ar\/2021\/wp-json\/wp\/v2\/media\/56913"}],"wp:attachment":[{"href":"https:\/\/www.noticiasradioreflejos.com.ar\/2021\/wp-json\/wp\/v2\/media?parent=100816"}],"wp:term":[{"taxonomy":"category","embeddable":true,"href":"https:\/\/www.noticiasradioreflejos.com.ar\/2021\/wp-json\/wp\/v2\/categories?post=100816"},{"taxonomy":"post_tag","embeddable":true,"href":"https:\/\/www.noticiasradioreflejos.com.ar\/2021\/wp-json\/wp\/v2\/tags?post=100816"}],"curies":[{"name":"wp","href":"https:\/\/api.w.org\/{rel}","templated":true}]}}