{"id":100721,"date":"2024-03-28T18:39:59","date_gmt":"2024-03-28T21:39:59","guid":{"rendered":"https:\/\/www.noticiasradioreflejos.com.ar\/2021\/?p=100721"},"modified":"2024-03-28T18:39:59","modified_gmt":"2024-03-28T21:39:59","slug":"esperamos-que-el-centro-de-interpretacion-pueda-abrir-el-lunes","status":"publish","type":"post","link":"https:\/\/www.noticiasradioreflejos.com.ar\/2021\/esperamos-que-el-centro-de-interpretacion-pueda-abrir-el-lunes\/","title":{"rendered":"\u201cEsperamos que el Centro de Interpretaci\u00f3n pueda abrir el lunes\u201d"},"content":{"rendered":"<p>As\u00ed lo confirm\u00f3<strong> Constanza Del R\u00edo, miembro de ATuCoS<\/strong>, la cual mencion\u00f3 que \u201cpor fortuna el techo no se llueve m\u00e1s, por eso estamos trabajando ahora en el interior\u201d.<!--more--><\/p>\n<p>Una de las referentes de ATuCoS, Constanza Del R\u00edo, explic\u00f3 esta ma\u00f1ana que \u201clamentablemente no est\u00e1 abierto el Centro de Interpretaci\u00f3n este fin de semana porque estamos de reformas y refacciones. El edificio se llov\u00eda y estamos buscando repararlo, para poder guardar cosas de Salamone y del pueblo, y en ese estado no se puede resguardar nada\u201d.<\/p>\n<p>Sobre estas obras cont\u00f3 que \u201chace 20 d\u00edas que estamos trabajando con la comisi\u00f3n, y queremos ver si podemos llegar a este lunes; tener todo en condiciones y volver a recibir tanto a turistas como a vecinos y a las escuelas. La idea es que entre todos valoremos lo nuestro\u201d.<\/p>\n<p>En esa l\u00ednea sostuvo que \u201ccomo cada uno tiene sus obligaciones se demor\u00f3 un poco el trabajo. De igual forma el s\u00e1bado el edificio ser\u00e1 usado para el fin de la Vendimia. Ah\u00ed estar\u00e1n las charlas de producci\u00f3n y\u00a0 por eso no se puede armar el centro de interpretaci\u00f3n. Estamos viendo si podemos ocupar al menos un espacio, as\u00ed los productores pueden ver de qu\u00e9 se trata este centro\u201d.<\/p>\n<p>Recordando las penurias que han pasado, mencion\u00f3 que \u201cel edificio se llovi\u00f3 siempre, desde que se inaugur\u00f3 en 2013. Se hizo todo un trabajo de zinger\u00eda. El hormig\u00f3n al haber trabajado se empez\u00f3 a abrir, y el techo al ser de chapa pasaba. Se cambiaron las canaletas y de esa manera no se llueve m\u00e1s el edificio. Como pas\u00f3 tanto tiempo y el cielo raso era de durlock se comenz\u00f3 a caer\u201d.<\/p>\n<p><a title=\"Centro de interpretaci\u00f3n Salamone Saldungaray (2)\" href=\"https:\/\/www.flickr.com\/photos\/182279889@N02\/53616447292\/in\/dateposted-public\/\" data-flickr-embed=\"true\"><img loading=\"lazy\" decoding=\"async\" class=\"aligncenter\" src=\"https:\/\/live.staticflickr.com\/65535\/53616447292_67daa8c864_z.jpg\" alt=\"Centro de interpretaci\u00f3n Salamone Saldungaray (2)\" width=\"640\" height=\"288\" \/><\/a><\/p>\n<p>Por \u00faltimo reconoci\u00f3 que \u201ccon la ayuda del municipio eso se arregl\u00f3. Esperamos un par de meses y cuando se comprob\u00f3 que no se llov\u00eda m\u00e1s, iniciamos los trabajos en el interior. Y en eso estamos. Por tantos a\u00f1os de desgaste las paredes estaban maltratadas, por eso las estamos pintando\u201d.<\/p>\n<p><iframe loading=\"lazy\" src=\"https:\/\/w.soundcloud.com\/player\/?url=https%3A\/\/api.soundcloud.com\/tracks\/1786630372&amp;color=%23ff5500&amp;auto_play=false&amp;hide_related=false&amp;show_comments=true&amp;show_user=true&amp;show_reposts=false&amp;show_teaser=true\" width=\"100%\" height=\"166\" frameborder=\"no\" scrolling=\"no\"><\/iframe><\/p>\n<p>&nbsp;<\/p>\n<div style=\"font-size: 10px; color: #cccccc; line-break: anywhere; word-break: normal; overflow: hidden; white-space: nowrap; text-overflow: ellipsis; font-family: Interstate,Lucida Grande,Lucida Sans Unicode,Lucida Sans,Garuda,Verdana,Tahoma,sans-serif; font-weight: 100;\"><a style=\"color: #cccccc; text-decoration: none;\" title=\"fmreflejos 103.7\" href=\"https:\/\/soundcloud.com\/fmreflejos-103-7\" target=\"_blank\" rel=\"noopener\">fmreflejos 103.7<\/a> \u00b7 <a style=\"color: #cccccc; text-decoration: none;\" title=\"Coty Del R\u00edo 28 03\" href=\"https:\/\/soundcloud.com\/fmreflejos-103-7\/coty-del-rio-28-03\" target=\"_blank\" rel=\"noopener\">Coty Del R\u00edo 28 03<\/a><\/div>\n","protected":false},"excerpt":{"rendered":"<p>As\u00ed lo confirm\u00f3 Constanza Del R\u00edo, miembro de ATuCoS, la cual mencion\u00f3 que \u201cpor fortuna el techo no se llueve m\u00e1s, por eso estamos trabajando ahora en el interior\u201d.<\/p>\n","protected":false},"author":3,"featured_media":93342,"comment_status":"closed","ping_status":"closed","sticky":false,"template":"","format":"standard","meta":{"footnotes":""},"categories":[26,33],"tags":[48],"class_list":["post-100721","post","type-post","status-publish","format-standard","has-post-thumbnail","hentry","category-sociedad","category-turismo","tag-destacada"],"yoast_head":"<!-- This site is optimized with the Yoast SEO plugin v25.9 - https:\/\/yoast.com\/wordpress\/plugins\/seo\/ -->\n<title>\u201cEsperamos que el Centro de Interpretaci\u00f3n pueda abrir el lunes\u201d - Noticias Radio Reflejos<\/title>\n<meta name=\"robots\" content=\"index, follow, max-snippet:-1, max-image-preview:large, max-video-preview:-1\" \/>\n<link rel=\"canonical\" href=\"https:\/\/www.noticiasradioreflejos.com.ar\/2021\/esperamos-que-el-centro-de-interpretacion-pueda-abrir-el-lunes\/\" \/>\n<meta property=\"og:locale\" content=\"es_ES\" \/>\n<meta property=\"og:type\" content=\"article\" \/>\n<meta property=\"og:title\" content=\"\u201cEsperamos que el Centro de Interpretaci\u00f3n pueda abrir el lunes\u201d - Noticias Radio Reflejos\" \/>\n<meta property=\"og:description\" content=\"As\u00ed lo confirm\u00f3 Constanza Del R\u00edo, miembro de ATuCoS, la cual mencion\u00f3 que \u201cpor fortuna el techo no se llueve m\u00e1s, por eso estamos trabajando ahora en el interior\u201d.\" \/>\n<meta property=\"og:url\" content=\"https:\/\/www.noticiasradioreflejos.com.ar\/2021\/esperamos-que-el-centro-de-interpretacion-pueda-abrir-el-lunes\/\" \/>\n<meta property=\"og:site_name\" content=\"Noticias Radio Reflejos\" \/>\n<meta property=\"article:published_time\" content=\"2024-03-28T21:39:59+00:00\" \/>\n<meta property=\"og:image\" content=\"https:\/\/www.noticiasradioreflejos.com.ar\/2021\/wp-content\/uploads\/2023\/09\/salamone-saldungaray.jpg\" \/>\n\t<meta property=\"og:image:width\" content=\"652\" \/>\n\t<meta property=\"og:image:height\" content=\"351\" \/>\n\t<meta property=\"og:image:type\" content=\"image\/jpeg\" \/>\n<meta name=\"author\" content=\"Arnaldo Botto\" \/>\n<meta name=\"twitter:card\" content=\"summary_large_image\" \/>\n<script type=\"application\/ld+json\" class=\"yoast-schema-graph\">{\"@context\":\"https:\/\/schema.org\",\"@graph\":[{\"@type\":\"WebPage\",\"@id\":\"https:\/\/www.noticiasradioreflejos.com.ar\/2021\/esperamos-que-el-centro-de-interpretacion-pueda-abrir-el-lunes\/\",\"url\":\"https:\/\/www.noticiasradioreflejos.com.ar\/2021\/esperamos-que-el-centro-de-interpretacion-pueda-abrir-el-lunes\/\",\"name\":\"\u201cEsperamos que el Centro de Interpretaci\u00f3n pueda abrir el lunes\u201d - Noticias Radio Reflejos\",\"isPartOf\":{\"@id\":\"https:\/\/www.noticiasradioreflejos.com.ar\/2021\/#website\"},\"primaryImageOfPage\":{\"@id\":\"https:\/\/www.noticiasradioreflejos.com.ar\/2021\/esperamos-que-el-centro-de-interpretacion-pueda-abrir-el-lunes\/#primaryimage\"},\"image\":{\"@id\":\"https:\/\/www.noticiasradioreflejos.com.ar\/2021\/esperamos-que-el-centro-de-interpretacion-pueda-abrir-el-lunes\/#primaryimage\"},\"thumbnailUrl\":\"https:\/\/www.noticiasradioreflejos.com.ar\/2021\/wp-content\/uploads\/2023\/09\/salamone-saldungaray.jpg\",\"datePublished\":\"2024-03-28T21:39:59+00:00\",\"author\":{\"@id\":\"https:\/\/www.noticiasradioreflejos.com.ar\/2021\/#\/schema\/person\/ad82545263dcc5ec0996818884fd5fb1\"},\"breadcrumb\":{\"@id\":\"https:\/\/www.noticiasradioreflejos.com.ar\/2021\/esperamos-que-el-centro-de-interpretacion-pueda-abrir-el-lunes\/#breadcrumb\"},\"inLanguage\":\"es\",\"potentialAction\":[{\"@type\":\"ReadAction\",\"target\":[\"https:\/\/www.noticiasradioreflejos.com.ar\/2021\/esperamos-que-el-centro-de-interpretacion-pueda-abrir-el-lunes\/\"]}]},{\"@type\":\"ImageObject\",\"inLanguage\":\"es\",\"@id\":\"https:\/\/www.noticiasradioreflejos.com.ar\/2021\/esperamos-que-el-centro-de-interpretacion-pueda-abrir-el-lunes\/#primaryimage\",\"url\":\"https:\/\/www.noticiasradioreflejos.com.ar\/2021\/wp-content\/uploads\/2023\/09\/salamone-saldungaray.jpg\",\"contentUrl\":\"https:\/\/www.noticiasradioreflejos.com.ar\/2021\/wp-content\/uploads\/2023\/09\/salamone-saldungaray.jpg\",\"width\":652,\"height\":351},{\"@type\":\"BreadcrumbList\",\"@id\":\"https:\/\/www.noticiasradioreflejos.com.ar\/2021\/esperamos-que-el-centro-de-interpretacion-pueda-abrir-el-lunes\/#breadcrumb\",\"itemListElement\":[{\"@type\":\"ListItem\",\"position\":1,\"name\":\"Portada\",\"item\":\"https:\/\/www.noticiasradioreflejos.com.ar\/2021\/\"},{\"@type\":\"ListItem\",\"position\":2,\"name\":\"\u201cEsperamos que el Centro de Interpretaci\u00f3n pueda abrir el lunes\u201d\"}]},{\"@type\":\"WebSite\",\"@id\":\"https:\/\/www.noticiasradioreflejos.com.ar\/2021\/#website\",\"url\":\"https:\/\/www.noticiasradioreflejos.com.ar\/2021\/\",\"name\":\"Noticias Radio Reflejos\",\"description\":\"Las noticias de mi comarca\",\"potentialAction\":[{\"@type\":\"SearchAction\",\"target\":{\"@type\":\"EntryPoint\",\"urlTemplate\":\"https:\/\/www.noticiasradioreflejos.com.ar\/2021\/?s={search_term_string}\"},\"query-input\":{\"@type\":\"PropertyValueSpecification\",\"valueRequired\":true,\"valueName\":\"search_term_string\"}}],\"inLanguage\":\"es\"},{\"@type\":\"Person\",\"@id\":\"https:\/\/www.noticiasradioreflejos.com.ar\/2021\/#\/schema\/person\/ad82545263dcc5ec0996818884fd5fb1\",\"name\":\"Arnaldo Botto\",\"image\":{\"@type\":\"ImageObject\",\"inLanguage\":\"es\",\"@id\":\"https:\/\/www.noticiasradioreflejos.com.ar\/2021\/#\/schema\/person\/image\/\",\"url\":\"https:\/\/secure.gravatar.com\/avatar\/55cb5e37c1efa326397366e6974cb338056df65cb50e7d64d1cf314e87504837?s=96&d=mm&r=g\",\"contentUrl\":\"https:\/\/secure.gravatar.com\/avatar\/55cb5e37c1efa326397366e6974cb338056df65cb50e7d64d1cf314e87504837?s=96&d=mm&r=g\",\"caption\":\"Arnaldo Botto\"},\"url\":\"https:\/\/www.noticiasradioreflejos.com.ar\/2021\/author\/arnaldo\/\"}]}<\/script>\n<!-- \/ Yoast SEO plugin. -->","yoast_head_json":{"title":"\u201cEsperamos que el Centro de Interpretaci\u00f3n pueda abrir el lunes\u201d - Noticias Radio Reflejos","robots":{"index":"index","follow":"follow","max-snippet":"max-snippet:-1","max-image-preview":"max-image-preview:large","max-video-preview":"max-video-preview:-1"},"canonical":"https:\/\/www.noticiasradioreflejos.com.ar\/2021\/esperamos-que-el-centro-de-interpretacion-pueda-abrir-el-lunes\/","og_locale":"es_ES","og_type":"article","og_title":"\u201cEsperamos que el Centro de Interpretaci\u00f3n pueda abrir el lunes\u201d - Noticias Radio Reflejos","og_description":"As\u00ed lo confirm\u00f3 Constanza Del R\u00edo, miembro de ATuCoS, la cual mencion\u00f3 que \u201cpor fortuna el techo no se llueve m\u00e1s, por eso estamos trabajando ahora en el interior\u201d.","og_url":"https:\/\/www.noticiasradioreflejos.com.ar\/2021\/esperamos-que-el-centro-de-interpretacion-pueda-abrir-el-lunes\/","og_site_name":"Noticias Radio Reflejos","article_published_time":"2024-03-28T21:39:59+00:00","og_image":[{"width":652,"height":351,"url":"https:\/\/www.noticiasradioreflejos.com.ar\/2021\/wp-content\/uploads\/2023\/09\/salamone-saldungaray.jpg","type":"image\/jpeg"}],"author":"Arnaldo Botto","twitter_card":"summary_large_image","schema":{"@context":"https:\/\/schema.org","@graph":[{"@type":"WebPage","@id":"https:\/\/www.noticiasradioreflejos.com.ar\/2021\/esperamos-que-el-centro-de-interpretacion-pueda-abrir-el-lunes\/","url":"https:\/\/www.noticiasradioreflejos.com.ar\/2021\/esperamos-que-el-centro-de-interpretacion-pueda-abrir-el-lunes\/","name":"\u201cEsperamos que el Centro de Interpretaci\u00f3n pueda abrir el lunes\u201d - Noticias Radio Reflejos","isPartOf":{"@id":"https:\/\/www.noticiasradioreflejos.com.ar\/2021\/#website"},"primaryImageOfPage":{"@id":"https:\/\/www.noticiasradioreflejos.com.ar\/2021\/esperamos-que-el-centro-de-interpretacion-pueda-abrir-el-lunes\/#primaryimage"},"image":{"@id":"https:\/\/www.noticiasradioreflejos.com.ar\/2021\/esperamos-que-el-centro-de-interpretacion-pueda-abrir-el-lunes\/#primaryimage"},"thumbnailUrl":"https:\/\/www.noticiasradioreflejos.com.ar\/2021\/wp-content\/uploads\/2023\/09\/salamone-saldungaray.jpg","datePublished":"2024-03-28T21:39:59+00:00","author":{"@id":"https:\/\/www.noticiasradioreflejos.com.ar\/2021\/#\/schema\/person\/ad82545263dcc5ec0996818884fd5fb1"},"breadcrumb":{"@id":"https:\/\/www.noticiasradioreflejos.com.ar\/2021\/esperamos-que-el-centro-de-interpretacion-pueda-abrir-el-lunes\/#breadcrumb"},"inLanguage":"es","potentialAction":[{"@type":"ReadAction","target":["https:\/\/www.noticiasradioreflejos.com.ar\/2021\/esperamos-que-el-centro-de-interpretacion-pueda-abrir-el-lunes\/"]}]},{"@type":"ImageObject","inLanguage":"es","@id":"https:\/\/www.noticiasradioreflejos.com.ar\/2021\/esperamos-que-el-centro-de-interpretacion-pueda-abrir-el-lunes\/#primaryimage","url":"https:\/\/www.noticiasradioreflejos.com.ar\/2021\/wp-content\/uploads\/2023\/09\/salamone-saldungaray.jpg","contentUrl":"https:\/\/www.noticiasradioreflejos.com.ar\/2021\/wp-content\/uploads\/2023\/09\/salamone-saldungaray.jpg","width":652,"height":351},{"@type":"BreadcrumbList","@id":"https:\/\/www.noticiasradioreflejos.com.ar\/2021\/esperamos-que-el-centro-de-interpretacion-pueda-abrir-el-lunes\/#breadcrumb","itemListElement":[{"@type":"ListItem","position":1,"name":"Portada","item":"https:\/\/www.noticiasradioreflejos.com.ar\/2021\/"},{"@type":"ListItem","position":2,"name":"\u201cEsperamos que el Centro de Interpretaci\u00f3n pueda abrir el lunes\u201d"}]},{"@type":"WebSite","@id":"https:\/\/www.noticiasradioreflejos.com.ar\/2021\/#website","url":"https:\/\/www.noticiasradioreflejos.com.ar\/2021\/","name":"Noticias Radio Reflejos","description":"Las noticias de mi comarca","potentialAction":[{"@type":"SearchAction","target":{"@type":"EntryPoint","urlTemplate":"https:\/\/www.noticiasradioreflejos.com.ar\/2021\/?s={search_term_string}"},"query-input":{"@type":"PropertyValueSpecification","valueRequired":true,"valueName":"search_term_string"}}],"inLanguage":"es"},{"@type":"Person","@id":"https:\/\/www.noticiasradioreflejos.com.ar\/2021\/#\/schema\/person\/ad82545263dcc5ec0996818884fd5fb1","name":"Arnaldo Botto","image":{"@type":"ImageObject","inLanguage":"es","@id":"https:\/\/www.noticiasradioreflejos.com.ar\/2021\/#\/schema\/person\/image\/","url":"https:\/\/secure.gravatar.com\/avatar\/55cb5e37c1efa326397366e6974cb338056df65cb50e7d64d1cf314e87504837?s=96&d=mm&r=g","contentUrl":"https:\/\/secure.gravatar.com\/avatar\/55cb5e37c1efa326397366e6974cb338056df65cb50e7d64d1cf314e87504837?s=96&d=mm&r=g","caption":"Arnaldo Botto"},"url":"https:\/\/www.noticiasradioreflejos.com.ar\/2021\/author\/arnaldo\/"}]}},"_links":{"self":[{"href":"https:\/\/www.noticiasradioreflejos.com.ar\/2021\/wp-json\/wp\/v2\/posts\/100721","targetHints":{"allow":["GET"]}}],"collection":[{"href":"https:\/\/www.noticiasradioreflejos.com.ar\/2021\/wp-json\/wp\/v2\/posts"}],"about":[{"href":"https:\/\/www.noticiasradioreflejos.com.ar\/2021\/wp-json\/wp\/v2\/types\/post"}],"author":[{"embeddable":true,"href":"https:\/\/www.noticiasradioreflejos.com.ar\/2021\/wp-json\/wp\/v2\/users\/3"}],"replies":[{"embeddable":true,"href":"https:\/\/www.noticiasradioreflejos.com.ar\/2021\/wp-json\/wp\/v2\/comments?post=100721"}],"version-history":[{"count":2,"href":"https:\/\/www.noticiasradioreflejos.com.ar\/2021\/wp-json\/wp\/v2\/posts\/100721\/revisions"}],"predecessor-version":[{"id":100726,"href":"https:\/\/www.noticiasradioreflejos.com.ar\/2021\/wp-json\/wp\/v2\/posts\/100721\/revisions\/100726"}],"wp:featuredmedia":[{"embeddable":true,"href":"https:\/\/www.noticiasradioreflejos.com.ar\/2021\/wp-json\/wp\/v2\/media\/93342"}],"wp:attachment":[{"href":"https:\/\/www.noticiasradioreflejos.com.ar\/2021\/wp-json\/wp\/v2\/media?parent=100721"}],"wp:term":[{"taxonomy":"category","embeddable":true,"href":"https:\/\/www.noticiasradioreflejos.com.ar\/2021\/wp-json\/wp\/v2\/categories?post=100721"},{"taxonomy":"post_tag","embeddable":true,"href":"https:\/\/www.noticiasradioreflejos.com.ar\/2021\/wp-json\/wp\/v2\/tags?post=100721"}],"curies":[{"name":"wp","href":"https:\/\/api.w.org\/{rel}","templated":true}]}}