{"id":100693,"date":"2024-03-27T17:15:29","date_gmt":"2024-03-27T20:15:29","guid":{"rendered":"https:\/\/www.noticiasradioreflejos.com.ar\/2021\/?p=100693"},"modified":"2024-03-27T17:16:48","modified_gmt":"2024-03-27T20:16:48","slug":"continua-la-cobertura-de-medicamentos-para-afiliados-a-pami-se-prorrogo-el-convenio-con-las-farmacias-de-todo-el-pais","status":"publish","type":"post","link":"https:\/\/www.noticiasradioreflejos.com.ar\/2021\/continua-la-cobertura-de-medicamentos-para-afiliados-a-pami-se-prorrogo-el-convenio-con-las-farmacias-de-todo-el-pais\/","title":{"rendered":"Contin\u00faa la cobertura de medicamentos para afiliados a PAMI: se prorrogo el convenio con las farmacias de todo el pa\u00eds"},"content":{"rendered":"<p>Las entidades farmac\u00e9uticas firmaron hoy con las autoridades del PAMI una pr\u00f3rroga del Convenio de prestaci\u00f3n de medicamentos a los beneficiarios del Instituto, vigente desde el a\u00f1o 2018.<!--more--><\/p>\n<p>As\u00ed lo informaron este mi\u00e9rcoles las entidades que representan a las farmacias de todo el pa\u00eds, responsables del acuerdo: la Federaci\u00f3n Argentina de C\u00e1mara de Farmacasi (Facaf), la Confederaci\u00f3n Farmac\u00e9utica Argentina (COFA);la Asociaci\u00f3n de Farmacias Mutales y Sindicales de Argentina (AFMSRA) y la Asociaci\u00f3n Mutual Farmasur (AMS).<\/p>\n<p>La pr\u00f3rroga del acuerdo es por 8 meses, con vencimiento el 30 de noviembre, y establece una f\u00f3rmula de actualizaci\u00f3n del Precio PAMI con el objetivo de alcanzar una sustancial reducci\u00f3n de la brecha entre precios en el transcurso del a\u00f1o, ya que mensualmente y partir de abril el Precio PAMI se actualizar\u00e1 acompa\u00f1ando el \u00edndice de inflaci\u00f3n m\u00e1s un adicional cercano al 4%; lo cual, de verificarse una tendencia a la baja de la inflaci\u00f3n general, permitir\u00eda alcanzar el objetivo.<\/p>\n<p>Por otra parte el PAMI plante\u00f3 una pol\u00edtica de seguimiento de las prestaciones y control de los consumos, en base a par\u00e1metros sanitarios, con el objetivo de que sus afiliados no vean afectado el acceso a sus medicamentos.<\/p>\n<p>A su vez, en lo que hace a las bonificaciones del resto de los planes que forman parte del convenio, se mantendr\u00e1n sin cambios los actuales porcentajes de aporte de las farmacias.<\/p>\n<p>En el mismo sentido se mantendr\u00e1 el r\u00e9gimen de pagos como hasta ahora, de manera de que la farmacia siga pudiendo atender el Convenio PAMI sin arriesgar capital de trabajo, al cobrar anticipadamente el costo de los medicamentos dispensados.<\/p>\n<p>\u00abDe esta manera llevamos tranquilidad a los beneficiarios del PAMI y a las farmacias prestadoras acerca de la continuidad del servicio de dispensa de medicamentos, tal y como se viene brindando con responsabilidad profesional y eficiencia sanitaria en todo el pa\u00eds\u00bb, dijeron las autoridades de FACAF.<\/p>\n<p>Finalmente, se ha creado una mesa de trabajo que tendr\u00e1 como finalidad resolver las controversias que se susciten respecto a la implementaci\u00f3n, ejecuci\u00f3n y aplicaci\u00f3n del Convenio, como de la identificaci\u00f3n y aplicaci\u00f3n de d\u00e9bitos.<\/p>\n","protected":false},"excerpt":{"rendered":"<p>Las entidades farmac\u00e9uticas firmaron hoy con las autoridades del PAMI una pr\u00f3rroga del Convenio de prestaci\u00f3n de medicamentos a los beneficiarios del Instituto, vigente desde el a\u00f1o 2018.<\/p>\n","protected":false},"author":3,"featured_media":94205,"comment_status":"closed","ping_status":"closed","sticky":false,"template":"","format":"standard","meta":{"footnotes":""},"categories":[36],"tags":[],"class_list":["post-100693","post","type-post","status-publish","format-standard","has-post-thumbnail","hentry","category-economia"],"yoast_head":"<!-- This site is optimized with the Yoast SEO plugin v25.9 - https:\/\/yoast.com\/wordpress\/plugins\/seo\/ -->\n<title>Contin\u00faa la cobertura de medicamentos para afiliados a PAMI: se prorrogo el convenio con las farmacias de todo el pa\u00eds - Noticias Radio Reflejos<\/title>\n<meta name=\"robots\" content=\"index, follow, max-snippet:-1, max-image-preview:large, max-video-preview:-1\" \/>\n<link rel=\"canonical\" href=\"https:\/\/www.noticiasradioreflejos.com.ar\/2021\/continua-la-cobertura-de-medicamentos-para-afiliados-a-pami-se-prorrogo-el-convenio-con-las-farmacias-de-todo-el-pais\/\" \/>\n<meta property=\"og:locale\" content=\"es_ES\" \/>\n<meta property=\"og:type\" content=\"article\" \/>\n<meta property=\"og:title\" content=\"Contin\u00faa la cobertura de medicamentos para afiliados a PAMI: se prorrogo el convenio con las farmacias de todo el pa\u00eds - Noticias Radio Reflejos\" \/>\n<meta property=\"og:description\" content=\"Las entidades farmac\u00e9uticas firmaron hoy con las autoridades del PAMI una pr\u00f3rroga del Convenio de prestaci\u00f3n de medicamentos a los beneficiarios del Instituto, vigente desde el a\u00f1o 2018.\" \/>\n<meta property=\"og:url\" content=\"https:\/\/www.noticiasradioreflejos.com.ar\/2021\/continua-la-cobertura-de-medicamentos-para-afiliados-a-pami-se-prorrogo-el-convenio-con-las-farmacias-de-todo-el-pais\/\" \/>\n<meta property=\"og:site_name\" content=\"Noticias Radio Reflejos\" \/>\n<meta property=\"article:published_time\" content=\"2024-03-27T20:15:29+00:00\" \/>\n<meta property=\"article:modified_time\" content=\"2024-03-27T20:16:48+00:00\" \/>\n<meta property=\"og:image\" content=\"https:\/\/www.noticiasradioreflejos.com.ar\/2021\/wp-content\/uploads\/2023\/10\/FACAF-falta-medicamentos.jpeg\" \/>\n\t<meta property=\"og:image:width\" content=\"1600\" \/>\n\t<meta property=\"og:image:height\" content=\"1200\" \/>\n\t<meta property=\"og:image:type\" content=\"image\/jpeg\" \/>\n<meta name=\"author\" content=\"Arnaldo Botto\" \/>\n<meta name=\"twitter:card\" content=\"summary_large_image\" \/>\n<script type=\"application\/ld+json\" class=\"yoast-schema-graph\">{\"@context\":\"https:\/\/schema.org\",\"@graph\":[{\"@type\":\"WebPage\",\"@id\":\"https:\/\/www.noticiasradioreflejos.com.ar\/2021\/continua-la-cobertura-de-medicamentos-para-afiliados-a-pami-se-prorrogo-el-convenio-con-las-farmacias-de-todo-el-pais\/\",\"url\":\"https:\/\/www.noticiasradioreflejos.com.ar\/2021\/continua-la-cobertura-de-medicamentos-para-afiliados-a-pami-se-prorrogo-el-convenio-con-las-farmacias-de-todo-el-pais\/\",\"name\":\"Contin\u00faa la cobertura de medicamentos para afiliados a PAMI: se prorrogo el convenio con las farmacias de todo el pa\u00eds - Noticias Radio Reflejos\",\"isPartOf\":{\"@id\":\"https:\/\/www.noticiasradioreflejos.com.ar\/2021\/#website\"},\"primaryImageOfPage\":{\"@id\":\"https:\/\/www.noticiasradioreflejos.com.ar\/2021\/continua-la-cobertura-de-medicamentos-para-afiliados-a-pami-se-prorrogo-el-convenio-con-las-farmacias-de-todo-el-pais\/#primaryimage\"},\"image\":{\"@id\":\"https:\/\/www.noticiasradioreflejos.com.ar\/2021\/continua-la-cobertura-de-medicamentos-para-afiliados-a-pami-se-prorrogo-el-convenio-con-las-farmacias-de-todo-el-pais\/#primaryimage\"},\"thumbnailUrl\":\"https:\/\/www.noticiasradioreflejos.com.ar\/2021\/wp-content\/uploads\/2023\/10\/FACAF-falta-medicamentos.jpeg\",\"datePublished\":\"2024-03-27T20:15:29+00:00\",\"dateModified\":\"2024-03-27T20:16:48+00:00\",\"author\":{\"@id\":\"https:\/\/www.noticiasradioreflejos.com.ar\/2021\/#\/schema\/person\/ad82545263dcc5ec0996818884fd5fb1\"},\"breadcrumb\":{\"@id\":\"https:\/\/www.noticiasradioreflejos.com.ar\/2021\/continua-la-cobertura-de-medicamentos-para-afiliados-a-pami-se-prorrogo-el-convenio-con-las-farmacias-de-todo-el-pais\/#breadcrumb\"},\"inLanguage\":\"es\",\"potentialAction\":[{\"@type\":\"ReadAction\",\"target\":[\"https:\/\/www.noticiasradioreflejos.com.ar\/2021\/continua-la-cobertura-de-medicamentos-para-afiliados-a-pami-se-prorrogo-el-convenio-con-las-farmacias-de-todo-el-pais\/\"]}]},{\"@type\":\"ImageObject\",\"inLanguage\":\"es\",\"@id\":\"https:\/\/www.noticiasradioreflejos.com.ar\/2021\/continua-la-cobertura-de-medicamentos-para-afiliados-a-pami-se-prorrogo-el-convenio-con-las-farmacias-de-todo-el-pais\/#primaryimage\",\"url\":\"https:\/\/www.noticiasradioreflejos.com.ar\/2021\/wp-content\/uploads\/2023\/10\/FACAF-falta-medicamentos.jpeg\",\"contentUrl\":\"https:\/\/www.noticiasradioreflejos.com.ar\/2021\/wp-content\/uploads\/2023\/10\/FACAF-falta-medicamentos.jpeg\",\"width\":1600,\"height\":1200},{\"@type\":\"BreadcrumbList\",\"@id\":\"https:\/\/www.noticiasradioreflejos.com.ar\/2021\/continua-la-cobertura-de-medicamentos-para-afiliados-a-pami-se-prorrogo-el-convenio-con-las-farmacias-de-todo-el-pais\/#breadcrumb\",\"itemListElement\":[{\"@type\":\"ListItem\",\"position\":1,\"name\":\"Portada\",\"item\":\"https:\/\/www.noticiasradioreflejos.com.ar\/2021\/\"},{\"@type\":\"ListItem\",\"position\":2,\"name\":\"Contin\u00faa la cobertura de medicamentos para afiliados a PAMI: se prorrogo el convenio con las farmacias de todo el pa\u00eds\"}]},{\"@type\":\"WebSite\",\"@id\":\"https:\/\/www.noticiasradioreflejos.com.ar\/2021\/#website\",\"url\":\"https:\/\/www.noticiasradioreflejos.com.ar\/2021\/\",\"name\":\"Noticias Radio Reflejos\",\"description\":\"Las noticias de mi comarca\",\"potentialAction\":[{\"@type\":\"SearchAction\",\"target\":{\"@type\":\"EntryPoint\",\"urlTemplate\":\"https:\/\/www.noticiasradioreflejos.com.ar\/2021\/?s={search_term_string}\"},\"query-input\":{\"@type\":\"PropertyValueSpecification\",\"valueRequired\":true,\"valueName\":\"search_term_string\"}}],\"inLanguage\":\"es\"},{\"@type\":\"Person\",\"@id\":\"https:\/\/www.noticiasradioreflejos.com.ar\/2021\/#\/schema\/person\/ad82545263dcc5ec0996818884fd5fb1\",\"name\":\"Arnaldo Botto\",\"image\":{\"@type\":\"ImageObject\",\"inLanguage\":\"es\",\"@id\":\"https:\/\/www.noticiasradioreflejos.com.ar\/2021\/#\/schema\/person\/image\/\",\"url\":\"https:\/\/secure.gravatar.com\/avatar\/55cb5e37c1efa326397366e6974cb338056df65cb50e7d64d1cf314e87504837?s=96&d=mm&r=g\",\"contentUrl\":\"https:\/\/secure.gravatar.com\/avatar\/55cb5e37c1efa326397366e6974cb338056df65cb50e7d64d1cf314e87504837?s=96&d=mm&r=g\",\"caption\":\"Arnaldo Botto\"},\"url\":\"https:\/\/www.noticiasradioreflejos.com.ar\/2021\/author\/arnaldo\/\"}]}<\/script>\n<!-- \/ Yoast SEO plugin. -->","yoast_head_json":{"title":"Contin\u00faa la cobertura de medicamentos para afiliados a PAMI: se prorrogo el convenio con las farmacias de todo el pa\u00eds - Noticias Radio Reflejos","robots":{"index":"index","follow":"follow","max-snippet":"max-snippet:-1","max-image-preview":"max-image-preview:large","max-video-preview":"max-video-preview:-1"},"canonical":"https:\/\/www.noticiasradioreflejos.com.ar\/2021\/continua-la-cobertura-de-medicamentos-para-afiliados-a-pami-se-prorrogo-el-convenio-con-las-farmacias-de-todo-el-pais\/","og_locale":"es_ES","og_type":"article","og_title":"Contin\u00faa la cobertura de medicamentos para afiliados a PAMI: se prorrogo el convenio con las farmacias de todo el pa\u00eds - Noticias Radio Reflejos","og_description":"Las entidades farmac\u00e9uticas firmaron hoy con las autoridades del PAMI una pr\u00f3rroga del Convenio de prestaci\u00f3n de medicamentos a los beneficiarios del Instituto, vigente desde el a\u00f1o 2018.","og_url":"https:\/\/www.noticiasradioreflejos.com.ar\/2021\/continua-la-cobertura-de-medicamentos-para-afiliados-a-pami-se-prorrogo-el-convenio-con-las-farmacias-de-todo-el-pais\/","og_site_name":"Noticias Radio Reflejos","article_published_time":"2024-03-27T20:15:29+00:00","article_modified_time":"2024-03-27T20:16:48+00:00","og_image":[{"width":1600,"height":1200,"url":"https:\/\/www.noticiasradioreflejos.com.ar\/2021\/wp-content\/uploads\/2023\/10\/FACAF-falta-medicamentos.jpeg","type":"image\/jpeg"}],"author":"Arnaldo Botto","twitter_card":"summary_large_image","schema":{"@context":"https:\/\/schema.org","@graph":[{"@type":"WebPage","@id":"https:\/\/www.noticiasradioreflejos.com.ar\/2021\/continua-la-cobertura-de-medicamentos-para-afiliados-a-pami-se-prorrogo-el-convenio-con-las-farmacias-de-todo-el-pais\/","url":"https:\/\/www.noticiasradioreflejos.com.ar\/2021\/continua-la-cobertura-de-medicamentos-para-afiliados-a-pami-se-prorrogo-el-convenio-con-las-farmacias-de-todo-el-pais\/","name":"Contin\u00faa la cobertura de medicamentos para afiliados a PAMI: se prorrogo el convenio con las farmacias de todo el pa\u00eds - Noticias Radio Reflejos","isPartOf":{"@id":"https:\/\/www.noticiasradioreflejos.com.ar\/2021\/#website"},"primaryImageOfPage":{"@id":"https:\/\/www.noticiasradioreflejos.com.ar\/2021\/continua-la-cobertura-de-medicamentos-para-afiliados-a-pami-se-prorrogo-el-convenio-con-las-farmacias-de-todo-el-pais\/#primaryimage"},"image":{"@id":"https:\/\/www.noticiasradioreflejos.com.ar\/2021\/continua-la-cobertura-de-medicamentos-para-afiliados-a-pami-se-prorrogo-el-convenio-con-las-farmacias-de-todo-el-pais\/#primaryimage"},"thumbnailUrl":"https:\/\/www.noticiasradioreflejos.com.ar\/2021\/wp-content\/uploads\/2023\/10\/FACAF-falta-medicamentos.jpeg","datePublished":"2024-03-27T20:15:29+00:00","dateModified":"2024-03-27T20:16:48+00:00","author":{"@id":"https:\/\/www.noticiasradioreflejos.com.ar\/2021\/#\/schema\/person\/ad82545263dcc5ec0996818884fd5fb1"},"breadcrumb":{"@id":"https:\/\/www.noticiasradioreflejos.com.ar\/2021\/continua-la-cobertura-de-medicamentos-para-afiliados-a-pami-se-prorrogo-el-convenio-con-las-farmacias-de-todo-el-pais\/#breadcrumb"},"inLanguage":"es","potentialAction":[{"@type":"ReadAction","target":["https:\/\/www.noticiasradioreflejos.com.ar\/2021\/continua-la-cobertura-de-medicamentos-para-afiliados-a-pami-se-prorrogo-el-convenio-con-las-farmacias-de-todo-el-pais\/"]}]},{"@type":"ImageObject","inLanguage":"es","@id":"https:\/\/www.noticiasradioreflejos.com.ar\/2021\/continua-la-cobertura-de-medicamentos-para-afiliados-a-pami-se-prorrogo-el-convenio-con-las-farmacias-de-todo-el-pais\/#primaryimage","url":"https:\/\/www.noticiasradioreflejos.com.ar\/2021\/wp-content\/uploads\/2023\/10\/FACAF-falta-medicamentos.jpeg","contentUrl":"https:\/\/www.noticiasradioreflejos.com.ar\/2021\/wp-content\/uploads\/2023\/10\/FACAF-falta-medicamentos.jpeg","width":1600,"height":1200},{"@type":"BreadcrumbList","@id":"https:\/\/www.noticiasradioreflejos.com.ar\/2021\/continua-la-cobertura-de-medicamentos-para-afiliados-a-pami-se-prorrogo-el-convenio-con-las-farmacias-de-todo-el-pais\/#breadcrumb","itemListElement":[{"@type":"ListItem","position":1,"name":"Portada","item":"https:\/\/www.noticiasradioreflejos.com.ar\/2021\/"},{"@type":"ListItem","position":2,"name":"Contin\u00faa la cobertura de medicamentos para afiliados a PAMI: se prorrogo el convenio con las farmacias de todo el pa\u00eds"}]},{"@type":"WebSite","@id":"https:\/\/www.noticiasradioreflejos.com.ar\/2021\/#website","url":"https:\/\/www.noticiasradioreflejos.com.ar\/2021\/","name":"Noticias Radio Reflejos","description":"Las noticias de mi comarca","potentialAction":[{"@type":"SearchAction","target":{"@type":"EntryPoint","urlTemplate":"https:\/\/www.noticiasradioreflejos.com.ar\/2021\/?s={search_term_string}"},"query-input":{"@type":"PropertyValueSpecification","valueRequired":true,"valueName":"search_term_string"}}],"inLanguage":"es"},{"@type":"Person","@id":"https:\/\/www.noticiasradioreflejos.com.ar\/2021\/#\/schema\/person\/ad82545263dcc5ec0996818884fd5fb1","name":"Arnaldo Botto","image":{"@type":"ImageObject","inLanguage":"es","@id":"https:\/\/www.noticiasradioreflejos.com.ar\/2021\/#\/schema\/person\/image\/","url":"https:\/\/secure.gravatar.com\/avatar\/55cb5e37c1efa326397366e6974cb338056df65cb50e7d64d1cf314e87504837?s=96&d=mm&r=g","contentUrl":"https:\/\/secure.gravatar.com\/avatar\/55cb5e37c1efa326397366e6974cb338056df65cb50e7d64d1cf314e87504837?s=96&d=mm&r=g","caption":"Arnaldo Botto"},"url":"https:\/\/www.noticiasradioreflejos.com.ar\/2021\/author\/arnaldo\/"}]}},"_links":{"self":[{"href":"https:\/\/www.noticiasradioreflejos.com.ar\/2021\/wp-json\/wp\/v2\/posts\/100693","targetHints":{"allow":["GET"]}}],"collection":[{"href":"https:\/\/www.noticiasradioreflejos.com.ar\/2021\/wp-json\/wp\/v2\/posts"}],"about":[{"href":"https:\/\/www.noticiasradioreflejos.com.ar\/2021\/wp-json\/wp\/v2\/types\/post"}],"author":[{"embeddable":true,"href":"https:\/\/www.noticiasradioreflejos.com.ar\/2021\/wp-json\/wp\/v2\/users\/3"}],"replies":[{"embeddable":true,"href":"https:\/\/www.noticiasradioreflejos.com.ar\/2021\/wp-json\/wp\/v2\/comments?post=100693"}],"version-history":[{"count":3,"href":"https:\/\/www.noticiasradioreflejos.com.ar\/2021\/wp-json\/wp\/v2\/posts\/100693\/revisions"}],"predecessor-version":[{"id":100696,"href":"https:\/\/www.noticiasradioreflejos.com.ar\/2021\/wp-json\/wp\/v2\/posts\/100693\/revisions\/100696"}],"wp:featuredmedia":[{"embeddable":true,"href":"https:\/\/www.noticiasradioreflejos.com.ar\/2021\/wp-json\/wp\/v2\/media\/94205"}],"wp:attachment":[{"href":"https:\/\/www.noticiasradioreflejos.com.ar\/2021\/wp-json\/wp\/v2\/media?parent=100693"}],"wp:term":[{"taxonomy":"category","embeddable":true,"href":"https:\/\/www.noticiasradioreflejos.com.ar\/2021\/wp-json\/wp\/v2\/categories?post=100693"},{"taxonomy":"post_tag","embeddable":true,"href":"https:\/\/www.noticiasradioreflejos.com.ar\/2021\/wp-json\/wp\/v2\/tags?post=100693"}],"curies":[{"name":"wp","href":"https:\/\/api.w.org\/{rel}","templated":true}]}}