{"id":100618,"date":"2024-03-26T19:19:23","date_gmt":"2024-03-26T22:19:23","guid":{"rendered":"https:\/\/www.noticiasradioreflejos.com.ar\/2021\/?p=100618"},"modified":"2024-03-26T19:22:20","modified_gmt":"2024-03-26T22:22:20","slug":"dia-mundial-del-clima-estamos-pasando-de-calentamiento-global-a-ebullicion","status":"publish","type":"post","link":"https:\/\/www.noticiasradioreflejos.com.ar\/2021\/dia-mundial-del-clima-estamos-pasando-de-calentamiento-global-a-ebullicion\/","title":{"rendered":"D\u00eda mundial del clima: \u201cEstamos pasando de calentamiento global a ebullici\u00f3n\u201d"},"content":{"rendered":"<p>El Defensor del Pueblo, Dr. Jos\u00e9 Carlos Corbatta, dio su visi\u00f3n macro sobre lo que viene ocurriendo con el clima y las herramientas que brinda el derecho para cuidarlo.<!--more--><\/p>\n<p>El Defensor del Pueblo del partido de Tornquist, Jos\u00e9 Carlos Corbatta, se refiri\u00f3 esta ma\u00f1ana al D\u00eda mundial del clima.<\/p>\n<p>Al respecto afirm\u00f3 que \u201cel derecho en definitiva es el conjunto de normas que rige la vida en sociedad. Es una frase que te acompa\u00f1a toda la vida. Si bien en 1992 en la convenci\u00f3n marco de Naciones Unidas sobre cambio clim\u00e1tico se puso este como el d\u00eda mundial del clima; nosotros en Argentina tenemos un punta pie inicial\u201d.<\/p>\n<p>Continuando con ese revisionismo, acot\u00f3 que \u201cen 1972 se produjo la Declaraci\u00f3n de Estocolmo sobre el medio ambiente humano. Eso te liga al derecho. Las declaraciones son expresiones de deseo para desarrollar algo muy importante que custodia cualquier bien jur\u00eddico que se tutele\u201d.<\/p>\n<p>\u201cEse Estocolmo aparece como una vertiente de lo que el mundo ven\u00eda atesorando. En ese mismo a\u00f1o un estadista como el General Per\u00f3n, dijo que la ecolog\u00eda no es un problema, es un problema. Los argentinos tenemos un pa\u00eds extenso con diversidad de clima, una diversidad de idiosincrasia, pero tenemos muchos jugadores de primera\u201d agreg\u00f3.<\/p>\n<p>Por \u00faltimo sostuvo que \u201chasta el d\u00eda de hoy venimos registrando algo muy lamentable, ya que estamos pasando del calentamiento global a la ebullici\u00f3n. La revoluci\u00f3n industrial marc\u00f3 el nacimiento de derechos, algunos muy profundos, pero la contaminaci\u00f3n que se comenz\u00f3 a producir a partir de ah\u00ed nunca ces\u00f3\u201d.<\/p>\n<p><iframe loading=\"lazy\" width=\"100%\" height=\"166\" scrolling=\"no\" frameborder=\"no\" allow=\"autoplay\" src=\"https:\/\/w.soundcloud.com\/player\/?url=https%3A\/\/api.soundcloud.com\/tracks\/1784956914&#038;color=%23ff5500&#038;auto_play=false&#038;hide_related=false&#038;show_comments=true&#038;show_user=true&#038;show_reposts=false&#038;show_teaser=true\"><\/iframe><\/p>\n<div style=\"font-size: 10px; color: #cccccc;line-break: anywhere;word-break: normal;overflow: hidden;white-space: nowrap;text-overflow: ellipsis; font-family: Interstate,Lucida Grande,Lucida Sans Unicode,Lucida Sans,Garuda,Verdana,Tahoma,sans-serif;font-weight: 100;\"><a href=\"https:\/\/soundcloud.com\/fmreflejos-103-7\" title=\"fmreflejos 103.7\" target=\"_blank\" style=\"color: #cccccc; text-decoration: none;\" rel=\"noopener\">fmreflejos 103.7<\/a> \u00b7 <a href=\"https:\/\/soundcloud.com\/fmreflejos-103-7\/jose-carlos-corbatta-26-03\" title=\"Jose Carlos Corbatta 26 - 03\" target=\"_blank\" style=\"color: #cccccc; text-decoration: none;\" rel=\"noopener\">Jose Carlos Corbatta 26 &#8211; 03<\/a><\/div>\n","protected":false},"excerpt":{"rendered":"<p>El Defensor del Pueblo, Dr. Jos\u00e9 Carlos Corbatta, dio su visi\u00f3n macro sobre lo que viene ocurriendo con el clima y las herramientas que brinda el derecho para cuidarlo.<\/p>\n","protected":false},"author":3,"featured_media":0,"comment_status":"closed","ping_status":"closed","sticky":false,"template":"","format":"standard","meta":{"footnotes":""},"categories":[46,57],"tags":[48],"class_list":["post-100618","post","type-post","status-publish","format-standard","hentry","category-ciencia-y-tecnologia","category-judiciales","tag-destacada"],"yoast_head":"<!-- This site is optimized with the Yoast SEO plugin v25.9 - https:\/\/yoast.com\/wordpress\/plugins\/seo\/ -->\n<title>D\u00eda mundial del clima: \u201cEstamos pasando de calentamiento global a ebullici\u00f3n\u201d - Noticias Radio Reflejos<\/title>\n<meta name=\"robots\" content=\"index, follow, max-snippet:-1, max-image-preview:large, max-video-preview:-1\" \/>\n<link rel=\"canonical\" href=\"https:\/\/www.noticiasradioreflejos.com.ar\/2021\/dia-mundial-del-clima-estamos-pasando-de-calentamiento-global-a-ebullicion\/\" \/>\n<meta property=\"og:locale\" content=\"es_ES\" \/>\n<meta property=\"og:type\" content=\"article\" \/>\n<meta property=\"og:title\" content=\"D\u00eda mundial del clima: \u201cEstamos pasando de calentamiento global a ebullici\u00f3n\u201d - Noticias Radio Reflejos\" \/>\n<meta property=\"og:description\" content=\"El Defensor del Pueblo, Dr. Jos\u00e9 Carlos Corbatta, dio su visi\u00f3n macro sobre lo que viene ocurriendo con el clima y las herramientas que brinda el derecho para cuidarlo.\" \/>\n<meta property=\"og:url\" content=\"https:\/\/www.noticiasradioreflejos.com.ar\/2021\/dia-mundial-del-clima-estamos-pasando-de-calentamiento-global-a-ebullicion\/\" \/>\n<meta property=\"og:site_name\" content=\"Noticias Radio Reflejos\" \/>\n<meta property=\"article:published_time\" content=\"2024-03-26T22:19:23+00:00\" \/>\n<meta property=\"article:modified_time\" content=\"2024-03-26T22:22:20+00:00\" \/>\n<meta property=\"og:image\" content=\"https:\/\/www.noticiasradioreflejos.com.ar\/2021\/wp-content\/uploads\/2021\/07\/logosol300x200.png\" \/>\n\t<meta property=\"og:image:width\" content=\"300\" \/>\n\t<meta property=\"og:image:height\" content=\"200\" \/>\n\t<meta property=\"og:image:type\" content=\"image\/png\" \/>\n<meta name=\"author\" content=\"Arnaldo Botto\" \/>\n<meta name=\"twitter:card\" content=\"summary_large_image\" \/>\n<script type=\"application\/ld+json\" class=\"yoast-schema-graph\">{\"@context\":\"https:\/\/schema.org\",\"@graph\":[{\"@type\":\"WebPage\",\"@id\":\"https:\/\/www.noticiasradioreflejos.com.ar\/2021\/dia-mundial-del-clima-estamos-pasando-de-calentamiento-global-a-ebullicion\/\",\"url\":\"https:\/\/www.noticiasradioreflejos.com.ar\/2021\/dia-mundial-del-clima-estamos-pasando-de-calentamiento-global-a-ebullicion\/\",\"name\":\"D\u00eda mundial del clima: \u201cEstamos pasando de calentamiento global a ebullici\u00f3n\u201d - Noticias Radio Reflejos\",\"isPartOf\":{\"@id\":\"https:\/\/www.noticiasradioreflejos.com.ar\/2021\/#website\"},\"datePublished\":\"2024-03-26T22:19:23+00:00\",\"dateModified\":\"2024-03-26T22:22:20+00:00\",\"author\":{\"@id\":\"https:\/\/www.noticiasradioreflejos.com.ar\/2021\/#\/schema\/person\/ad82545263dcc5ec0996818884fd5fb1\"},\"breadcrumb\":{\"@id\":\"https:\/\/www.noticiasradioreflejos.com.ar\/2021\/dia-mundial-del-clima-estamos-pasando-de-calentamiento-global-a-ebullicion\/#breadcrumb\"},\"inLanguage\":\"es\",\"potentialAction\":[{\"@type\":\"ReadAction\",\"target\":[\"https:\/\/www.noticiasradioreflejos.com.ar\/2021\/dia-mundial-del-clima-estamos-pasando-de-calentamiento-global-a-ebullicion\/\"]}]},{\"@type\":\"BreadcrumbList\",\"@id\":\"https:\/\/www.noticiasradioreflejos.com.ar\/2021\/dia-mundial-del-clima-estamos-pasando-de-calentamiento-global-a-ebullicion\/#breadcrumb\",\"itemListElement\":[{\"@type\":\"ListItem\",\"position\":1,\"name\":\"Portada\",\"item\":\"https:\/\/www.noticiasradioreflejos.com.ar\/2021\/\"},{\"@type\":\"ListItem\",\"position\":2,\"name\":\"D\u00eda mundial del clima: \u201cEstamos pasando de calentamiento global a ebullici\u00f3n\u201d\"}]},{\"@type\":\"WebSite\",\"@id\":\"https:\/\/www.noticiasradioreflejos.com.ar\/2021\/#website\",\"url\":\"https:\/\/www.noticiasradioreflejos.com.ar\/2021\/\",\"name\":\"Noticias Radio Reflejos\",\"description\":\"Las noticias de mi comarca\",\"potentialAction\":[{\"@type\":\"SearchAction\",\"target\":{\"@type\":\"EntryPoint\",\"urlTemplate\":\"https:\/\/www.noticiasradioreflejos.com.ar\/2021\/?s={search_term_string}\"},\"query-input\":{\"@type\":\"PropertyValueSpecification\",\"valueRequired\":true,\"valueName\":\"search_term_string\"}}],\"inLanguage\":\"es\"},{\"@type\":\"Person\",\"@id\":\"https:\/\/www.noticiasradioreflejos.com.ar\/2021\/#\/schema\/person\/ad82545263dcc5ec0996818884fd5fb1\",\"name\":\"Arnaldo Botto\",\"image\":{\"@type\":\"ImageObject\",\"inLanguage\":\"es\",\"@id\":\"https:\/\/www.noticiasradioreflejos.com.ar\/2021\/#\/schema\/person\/image\/\",\"url\":\"https:\/\/secure.gravatar.com\/avatar\/55cb5e37c1efa326397366e6974cb338056df65cb50e7d64d1cf314e87504837?s=96&d=mm&r=g\",\"contentUrl\":\"https:\/\/secure.gravatar.com\/avatar\/55cb5e37c1efa326397366e6974cb338056df65cb50e7d64d1cf314e87504837?s=96&d=mm&r=g\",\"caption\":\"Arnaldo Botto\"},\"url\":\"https:\/\/www.noticiasradioreflejos.com.ar\/2021\/author\/arnaldo\/\"}]}<\/script>\n<!-- \/ Yoast SEO plugin. -->","yoast_head_json":{"title":"D\u00eda mundial del clima: \u201cEstamos pasando de calentamiento global a ebullici\u00f3n\u201d - Noticias Radio Reflejos","robots":{"index":"index","follow":"follow","max-snippet":"max-snippet:-1","max-image-preview":"max-image-preview:large","max-video-preview":"max-video-preview:-1"},"canonical":"https:\/\/www.noticiasradioreflejos.com.ar\/2021\/dia-mundial-del-clima-estamos-pasando-de-calentamiento-global-a-ebullicion\/","og_locale":"es_ES","og_type":"article","og_title":"D\u00eda mundial del clima: \u201cEstamos pasando de calentamiento global a ebullici\u00f3n\u201d - Noticias Radio Reflejos","og_description":"El Defensor del Pueblo, Dr. Jos\u00e9 Carlos Corbatta, dio su visi\u00f3n macro sobre lo que viene ocurriendo con el clima y las herramientas que brinda el derecho para cuidarlo.","og_url":"https:\/\/www.noticiasradioreflejos.com.ar\/2021\/dia-mundial-del-clima-estamos-pasando-de-calentamiento-global-a-ebullicion\/","og_site_name":"Noticias Radio Reflejos","article_published_time":"2024-03-26T22:19:23+00:00","article_modified_time":"2024-03-26T22:22:20+00:00","og_image":[{"width":300,"height":200,"url":"https:\/\/www.noticiasradioreflejos.com.ar\/2021\/wp-content\/uploads\/2021\/07\/logosol300x200.png","type":"image\/png"}],"author":"Arnaldo Botto","twitter_card":"summary_large_image","schema":{"@context":"https:\/\/schema.org","@graph":[{"@type":"WebPage","@id":"https:\/\/www.noticiasradioreflejos.com.ar\/2021\/dia-mundial-del-clima-estamos-pasando-de-calentamiento-global-a-ebullicion\/","url":"https:\/\/www.noticiasradioreflejos.com.ar\/2021\/dia-mundial-del-clima-estamos-pasando-de-calentamiento-global-a-ebullicion\/","name":"D\u00eda mundial del clima: \u201cEstamos pasando de calentamiento global a ebullici\u00f3n\u201d - Noticias Radio Reflejos","isPartOf":{"@id":"https:\/\/www.noticiasradioreflejos.com.ar\/2021\/#website"},"datePublished":"2024-03-26T22:19:23+00:00","dateModified":"2024-03-26T22:22:20+00:00","author":{"@id":"https:\/\/www.noticiasradioreflejos.com.ar\/2021\/#\/schema\/person\/ad82545263dcc5ec0996818884fd5fb1"},"breadcrumb":{"@id":"https:\/\/www.noticiasradioreflejos.com.ar\/2021\/dia-mundial-del-clima-estamos-pasando-de-calentamiento-global-a-ebullicion\/#breadcrumb"},"inLanguage":"es","potentialAction":[{"@type":"ReadAction","target":["https:\/\/www.noticiasradioreflejos.com.ar\/2021\/dia-mundial-del-clima-estamos-pasando-de-calentamiento-global-a-ebullicion\/"]}]},{"@type":"BreadcrumbList","@id":"https:\/\/www.noticiasradioreflejos.com.ar\/2021\/dia-mundial-del-clima-estamos-pasando-de-calentamiento-global-a-ebullicion\/#breadcrumb","itemListElement":[{"@type":"ListItem","position":1,"name":"Portada","item":"https:\/\/www.noticiasradioreflejos.com.ar\/2021\/"},{"@type":"ListItem","position":2,"name":"D\u00eda mundial del clima: \u201cEstamos pasando de calentamiento global a ebullici\u00f3n\u201d"}]},{"@type":"WebSite","@id":"https:\/\/www.noticiasradioreflejos.com.ar\/2021\/#website","url":"https:\/\/www.noticiasradioreflejos.com.ar\/2021\/","name":"Noticias Radio Reflejos","description":"Las noticias de mi comarca","potentialAction":[{"@type":"SearchAction","target":{"@type":"EntryPoint","urlTemplate":"https:\/\/www.noticiasradioreflejos.com.ar\/2021\/?s={search_term_string}"},"query-input":{"@type":"PropertyValueSpecification","valueRequired":true,"valueName":"search_term_string"}}],"inLanguage":"es"},{"@type":"Person","@id":"https:\/\/www.noticiasradioreflejos.com.ar\/2021\/#\/schema\/person\/ad82545263dcc5ec0996818884fd5fb1","name":"Arnaldo Botto","image":{"@type":"ImageObject","inLanguage":"es","@id":"https:\/\/www.noticiasradioreflejos.com.ar\/2021\/#\/schema\/person\/image\/","url":"https:\/\/secure.gravatar.com\/avatar\/55cb5e37c1efa326397366e6974cb338056df65cb50e7d64d1cf314e87504837?s=96&d=mm&r=g","contentUrl":"https:\/\/secure.gravatar.com\/avatar\/55cb5e37c1efa326397366e6974cb338056df65cb50e7d64d1cf314e87504837?s=96&d=mm&r=g","caption":"Arnaldo Botto"},"url":"https:\/\/www.noticiasradioreflejos.com.ar\/2021\/author\/arnaldo\/"}]}},"_links":{"self":[{"href":"https:\/\/www.noticiasradioreflejos.com.ar\/2021\/wp-json\/wp\/v2\/posts\/100618","targetHints":{"allow":["GET"]}}],"collection":[{"href":"https:\/\/www.noticiasradioreflejos.com.ar\/2021\/wp-json\/wp\/v2\/posts"}],"about":[{"href":"https:\/\/www.noticiasradioreflejos.com.ar\/2021\/wp-json\/wp\/v2\/types\/post"}],"author":[{"embeddable":true,"href":"https:\/\/www.noticiasradioreflejos.com.ar\/2021\/wp-json\/wp\/v2\/users\/3"}],"replies":[{"embeddable":true,"href":"https:\/\/www.noticiasradioreflejos.com.ar\/2021\/wp-json\/wp\/v2\/comments?post=100618"}],"version-history":[{"count":2,"href":"https:\/\/www.noticiasradioreflejos.com.ar\/2021\/wp-json\/wp\/v2\/posts\/100618\/revisions"}],"predecessor-version":[{"id":100629,"href":"https:\/\/www.noticiasradioreflejos.com.ar\/2021\/wp-json\/wp\/v2\/posts\/100618\/revisions\/100629"}],"wp:attachment":[{"href":"https:\/\/www.noticiasradioreflejos.com.ar\/2021\/wp-json\/wp\/v2\/media?parent=100618"}],"wp:term":[{"taxonomy":"category","embeddable":true,"href":"https:\/\/www.noticiasradioreflejos.com.ar\/2021\/wp-json\/wp\/v2\/categories?post=100618"},{"taxonomy":"post_tag","embeddable":true,"href":"https:\/\/www.noticiasradioreflejos.com.ar\/2021\/wp-json\/wp\/v2\/tags?post=100618"}],"curies":[{"name":"wp","href":"https:\/\/api.w.org\/{rel}","templated":true}]}}