{"id":100616,"date":"2024-03-26T19:36:16","date_gmt":"2024-03-26T22:36:16","guid":{"rendered":"https:\/\/www.noticiasradioreflejos.com.ar\/2021\/?p=100616"},"modified":"2024-03-26T19:36:29","modified_gmt":"2024-03-26T22:36:29","slug":"fiesta-de-la-vendimia-estaran-presentes-mas-de-15-bodegas","status":"publish","type":"post","link":"https:\/\/www.noticiasradioreflejos.com.ar\/2021\/fiesta-de-la-vendimia-estaran-presentes-mas-de-15-bodegas\/","title":{"rendered":"Fiesta de la Vendimia: \u201cestar\u00e1n presentes m\u00e1s de 15 bodegas\u201d"},"content":{"rendered":"<p>As\u00ed lo confirm\u00f3 V\u00edctor Anton, Secretario de Producci\u00f3n, el cual ratific\u00f3 que \u201ccon un apoyo muy importante del gobierno provincial podemos llevarla adelante\u201d.<!--more--><\/p>\n<p>A escasos d\u00edas de una nueva edici\u00f3n de la Fiesta Provincial de la Vendimia, se est\u00e1n ultimando los detalles que buscan dejar todo de punta en blanco para el encuentro.<\/p>\n<p>Al respecto el Secretario de Producci\u00f3n, V\u00edctor Anton, sostuvo que \u201cel a\u00f1o pr\u00f3ximo llegaremos a los 10 a\u00f1os de la fiesta de la vendimia. Tenemos nuevos emprendimientos que se van sumando ac\u00e1 en el distrito. Por eso, m\u00e1s all\u00e1 de la situaci\u00f3n econ\u00f3mica, con un apoyo muy importante del gobierno provincial podemos llevar adelante esta nueva edici\u00f3n de la fiesta\u201d.<\/p>\n<p>&nbsp;<br \/>\n<a data-flickr-embed=\"true\" href=\"https:\/\/www.flickr.com\/photos\/182279889@N02\/52740726142\/in\/photolist-2pCPzB9-2ojU225-2ojU237-2omw1qw-2omAL6H-2omAL93-2omALak-2omBa9z-2omBaam-2omEAQC-2omHejj-2omKJZp-2omKK6m-2omNmiA-2omShVh-2omShWp-2omShX1-2pExiim-2pEE9wn-2pEE9ws\" title=\"Vendimia3\"><img loading=\"lazy\" decoding=\"async\" src=\"https:\/\/live.staticflickr.com\/65535\/52740726142_778a67e40e_c.jpg\" width=\"800\" height=\"532\" alt=\"Vendimia3\"\/><\/a><script async src=\"\/\/embedr.flickr.com\/assets\/client-code.js\" charset=\"utf-8\"><\/script><br \/>\n&nbsp;<\/p>\n<p>Poniendo m\u00e1s detalles sobre la mesa, explic\u00f3 que \u201cvamos a iniciar la fiesta con la mesa provincial vitivin\u00edcola, que se hace todos los a\u00f1os y afortunadamente siempre ha dado respuestas a las inquietudes que llegan. En esa mesa el ministro de desarrollo agrario y el de producci\u00f3n, se sientan a escuchar demandas, y con esas inquietudes poder avanzar con pol\u00edticas de estado\u201d.<\/p>\n<p>En otro pasaje de la charla afirm\u00f3 que \u201cde algunas producciones no tenemos datos. Cerros Colorados por lo que vivi\u00f3 no est\u00e1 abierta al p\u00fablico y est\u00e1 produciendo muy poco. Pero por ejemplo sabemos que la bodega de Saldungaray sigue en desarrollo. En la otra punta del distrito ya tenemos casi una hect\u00e1rea de Francisco Gabella, y tenemos otras cinco hect\u00e1reas que comenz\u00f3 a producir en finca Ocho Cerros\u201d.<\/p>\n<p><a title=\"8 cerros (7)\" href=\"https:\/\/www.flickr.com\/photos\/182279889@N02\/52451295066\/in\/photolist-2nUTWst-2nUTWuN-2nUWADy-2nUWAER-2nUXZUY-2nUYUwh-2nUZgS6\/\" data-flickr-embed=\"true\"><img loading=\"lazy\" decoding=\"async\" src=\"https:\/\/live.staticflickr.com\/65535\/52451295066_b19b827065_c.jpg\" alt=\"8 cerros (7)\" width=\"800\" height=\"600\" \/><\/a><br \/>\nPor \u00faltimo subray\u00f3 que \u201cpor lo que me dec\u00eda la gente del ministerio, en la mesa provincial estar\u00e1n presentes m\u00e1s de 15 bodegas, muchas de las cuales se quedar\u00e1n para la fiesta con stands. Habr\u00e1 m\u00e1s de 20 artesanos y cerca de 26 foodtrucks\u201d.<\/p>\n<p><iframe loading=\"lazy\" src=\"https:\/\/w.soundcloud.com\/player\/?url=https%3A\/\/api.soundcloud.com\/tracks\/1784906241&amp;color=%23ff5500&amp;auto_play=false&amp;hide_related=false&amp;show_comments=true&amp;show_user=true&amp;show_reposts=false&amp;show_teaser=true\" width=\"100%\" height=\"166\" frameborder=\"no\" scrolling=\"no\"><\/iframe><\/p>\n<div style=\"font-size: 10px; color: #cccccc; line-break: anywhere; word-break: normal; overflow: hidden; white-space: nowrap; text-overflow: ellipsis; font-family: Interstate,Lucida Grande,Lucida Sans Unicode,Lucida Sans,Garuda,Verdana,Tahoma,sans-serif; font-weight: 100;\"><a style=\"color: #cccccc; text-decoration: none;\" title=\"fmreflejos 103.7\" href=\"https:\/\/soundcloud.com\/fmreflejos-103-7\" target=\"_blank\" rel=\"noopener\">fmreflejos 103.7<\/a> \u00b7 <a style=\"color: #cccccc; text-decoration: none;\" title=\"Victor Anton 26 - 05\" href=\"https:\/\/soundcloud.com\/fmreflejos-103-7\/victor-anton-26-05\" target=\"_blank\" rel=\"noopener\">Victor Anton 26 &#8211; 05<\/a><\/div>\n","protected":false},"excerpt":{"rendered":"<p>As\u00ed lo confirm\u00f3 V\u00edctor Anton, Secretario de Producci\u00f3n, el cual ratific\u00f3 que \u201ccon un apoyo muy importante del gobierno provincial podemos llevarla adelante\u201d.<\/p>\n","protected":false},"author":3,"featured_media":0,"comment_status":"closed","ping_status":"closed","sticky":false,"template":"","format":"standard","meta":{"footnotes":""},"categories":[28],"tags":[48],"class_list":["post-100616","post","type-post","status-publish","format-standard","hentry","category-municipales","tag-destacada"],"yoast_head":"<!-- This site is optimized with the Yoast SEO plugin v25.9 - https:\/\/yoast.com\/wordpress\/plugins\/seo\/ -->\n<title>Fiesta de la Vendimia: \u201cestar\u00e1n presentes m\u00e1s de 15 bodegas\u201d - Noticias Radio Reflejos<\/title>\n<meta name=\"robots\" content=\"index, follow, max-snippet:-1, max-image-preview:large, max-video-preview:-1\" \/>\n<link rel=\"canonical\" href=\"https:\/\/www.noticiasradioreflejos.com.ar\/2021\/fiesta-de-la-vendimia-estaran-presentes-mas-de-15-bodegas\/\" \/>\n<meta property=\"og:locale\" content=\"es_ES\" \/>\n<meta property=\"og:type\" content=\"article\" \/>\n<meta property=\"og:title\" content=\"Fiesta de la Vendimia: \u201cestar\u00e1n presentes m\u00e1s de 15 bodegas\u201d - Noticias Radio Reflejos\" \/>\n<meta property=\"og:description\" content=\"As\u00ed lo confirm\u00f3 V\u00edctor Anton, Secretario de Producci\u00f3n, el cual ratific\u00f3 que \u201ccon un apoyo muy importante del gobierno provincial podemos llevarla adelante\u201d.\" \/>\n<meta property=\"og:url\" content=\"https:\/\/www.noticiasradioreflejos.com.ar\/2021\/fiesta-de-la-vendimia-estaran-presentes-mas-de-15-bodegas\/\" \/>\n<meta property=\"og:site_name\" content=\"Noticias Radio Reflejos\" \/>\n<meta property=\"article:published_time\" content=\"2024-03-26T22:36:16+00:00\" \/>\n<meta property=\"article:modified_time\" content=\"2024-03-26T22:36:29+00:00\" \/>\n<meta property=\"og:image\" content=\"https:\/\/live.staticflickr.com\/65535\/52740726142_778a67e40e_c.jpg\" \/>\n<meta name=\"author\" content=\"Arnaldo Botto\" \/>\n<meta name=\"twitter:card\" content=\"summary_large_image\" \/>\n<script type=\"application\/ld+json\" class=\"yoast-schema-graph\">{\"@context\":\"https:\/\/schema.org\",\"@graph\":[{\"@type\":\"WebPage\",\"@id\":\"https:\/\/www.noticiasradioreflejos.com.ar\/2021\/fiesta-de-la-vendimia-estaran-presentes-mas-de-15-bodegas\/\",\"url\":\"https:\/\/www.noticiasradioreflejos.com.ar\/2021\/fiesta-de-la-vendimia-estaran-presentes-mas-de-15-bodegas\/\",\"name\":\"Fiesta de la Vendimia: \u201cestar\u00e1n presentes m\u00e1s de 15 bodegas\u201d - Noticias Radio Reflejos\",\"isPartOf\":{\"@id\":\"https:\/\/www.noticiasradioreflejos.com.ar\/2021\/#website\"},\"primaryImageOfPage\":{\"@id\":\"https:\/\/www.noticiasradioreflejos.com.ar\/2021\/fiesta-de-la-vendimia-estaran-presentes-mas-de-15-bodegas\/#primaryimage\"},\"image\":{\"@id\":\"https:\/\/www.noticiasradioreflejos.com.ar\/2021\/fiesta-de-la-vendimia-estaran-presentes-mas-de-15-bodegas\/#primaryimage\"},\"thumbnailUrl\":\"https:\/\/live.staticflickr.com\/65535\/52740726142_778a67e40e_c.jpg\",\"datePublished\":\"2024-03-26T22:36:16+00:00\",\"dateModified\":\"2024-03-26T22:36:29+00:00\",\"author\":{\"@id\":\"https:\/\/www.noticiasradioreflejos.com.ar\/2021\/#\/schema\/person\/ad82545263dcc5ec0996818884fd5fb1\"},\"breadcrumb\":{\"@id\":\"https:\/\/www.noticiasradioreflejos.com.ar\/2021\/fiesta-de-la-vendimia-estaran-presentes-mas-de-15-bodegas\/#breadcrumb\"},\"inLanguage\":\"es\",\"potentialAction\":[{\"@type\":\"ReadAction\",\"target\":[\"https:\/\/www.noticiasradioreflejos.com.ar\/2021\/fiesta-de-la-vendimia-estaran-presentes-mas-de-15-bodegas\/\"]}]},{\"@type\":\"ImageObject\",\"inLanguage\":\"es\",\"@id\":\"https:\/\/www.noticiasradioreflejos.com.ar\/2021\/fiesta-de-la-vendimia-estaran-presentes-mas-de-15-bodegas\/#primaryimage\",\"url\":\"https:\/\/live.staticflickr.com\/65535\/52740726142_778a67e40e_c.jpg\",\"contentUrl\":\"https:\/\/live.staticflickr.com\/65535\/52740726142_778a67e40e_c.jpg\"},{\"@type\":\"BreadcrumbList\",\"@id\":\"https:\/\/www.noticiasradioreflejos.com.ar\/2021\/fiesta-de-la-vendimia-estaran-presentes-mas-de-15-bodegas\/#breadcrumb\",\"itemListElement\":[{\"@type\":\"ListItem\",\"position\":1,\"name\":\"Portada\",\"item\":\"https:\/\/www.noticiasradioreflejos.com.ar\/2021\/\"},{\"@type\":\"ListItem\",\"position\":2,\"name\":\"Fiesta de la Vendimia: \u201cestar\u00e1n presentes m\u00e1s de 15 bodegas\u201d\"}]},{\"@type\":\"WebSite\",\"@id\":\"https:\/\/www.noticiasradioreflejos.com.ar\/2021\/#website\",\"url\":\"https:\/\/www.noticiasradioreflejos.com.ar\/2021\/\",\"name\":\"Noticias Radio Reflejos\",\"description\":\"Las noticias de mi comarca\",\"potentialAction\":[{\"@type\":\"SearchAction\",\"target\":{\"@type\":\"EntryPoint\",\"urlTemplate\":\"https:\/\/www.noticiasradioreflejos.com.ar\/2021\/?s={search_term_string}\"},\"query-input\":{\"@type\":\"PropertyValueSpecification\",\"valueRequired\":true,\"valueName\":\"search_term_string\"}}],\"inLanguage\":\"es\"},{\"@type\":\"Person\",\"@id\":\"https:\/\/www.noticiasradioreflejos.com.ar\/2021\/#\/schema\/person\/ad82545263dcc5ec0996818884fd5fb1\",\"name\":\"Arnaldo Botto\",\"image\":{\"@type\":\"ImageObject\",\"inLanguage\":\"es\",\"@id\":\"https:\/\/www.noticiasradioreflejos.com.ar\/2021\/#\/schema\/person\/image\/\",\"url\":\"https:\/\/secure.gravatar.com\/avatar\/55cb5e37c1efa326397366e6974cb338056df65cb50e7d64d1cf314e87504837?s=96&d=mm&r=g\",\"contentUrl\":\"https:\/\/secure.gravatar.com\/avatar\/55cb5e37c1efa326397366e6974cb338056df65cb50e7d64d1cf314e87504837?s=96&d=mm&r=g\",\"caption\":\"Arnaldo Botto\"},\"url\":\"https:\/\/www.noticiasradioreflejos.com.ar\/2021\/author\/arnaldo\/\"}]}<\/script>\n<!-- \/ Yoast SEO plugin. -->","yoast_head_json":{"title":"Fiesta de la Vendimia: \u201cestar\u00e1n presentes m\u00e1s de 15 bodegas\u201d - Noticias Radio Reflejos","robots":{"index":"index","follow":"follow","max-snippet":"max-snippet:-1","max-image-preview":"max-image-preview:large","max-video-preview":"max-video-preview:-1"},"canonical":"https:\/\/www.noticiasradioreflejos.com.ar\/2021\/fiesta-de-la-vendimia-estaran-presentes-mas-de-15-bodegas\/","og_locale":"es_ES","og_type":"article","og_title":"Fiesta de la Vendimia: \u201cestar\u00e1n presentes m\u00e1s de 15 bodegas\u201d - Noticias Radio Reflejos","og_description":"As\u00ed lo confirm\u00f3 V\u00edctor Anton, Secretario de Producci\u00f3n, el cual ratific\u00f3 que \u201ccon un apoyo muy importante del gobierno provincial podemos llevarla adelante\u201d.","og_url":"https:\/\/www.noticiasradioreflejos.com.ar\/2021\/fiesta-de-la-vendimia-estaran-presentes-mas-de-15-bodegas\/","og_site_name":"Noticias Radio Reflejos","article_published_time":"2024-03-26T22:36:16+00:00","article_modified_time":"2024-03-26T22:36:29+00:00","og_image":[{"url":"https:\/\/live.staticflickr.com\/65535\/52740726142_778a67e40e_c.jpg","type":"","width":"","height":""}],"author":"Arnaldo Botto","twitter_card":"summary_large_image","schema":{"@context":"https:\/\/schema.org","@graph":[{"@type":"WebPage","@id":"https:\/\/www.noticiasradioreflejos.com.ar\/2021\/fiesta-de-la-vendimia-estaran-presentes-mas-de-15-bodegas\/","url":"https:\/\/www.noticiasradioreflejos.com.ar\/2021\/fiesta-de-la-vendimia-estaran-presentes-mas-de-15-bodegas\/","name":"Fiesta de la Vendimia: \u201cestar\u00e1n presentes m\u00e1s de 15 bodegas\u201d - Noticias Radio Reflejos","isPartOf":{"@id":"https:\/\/www.noticiasradioreflejos.com.ar\/2021\/#website"},"primaryImageOfPage":{"@id":"https:\/\/www.noticiasradioreflejos.com.ar\/2021\/fiesta-de-la-vendimia-estaran-presentes-mas-de-15-bodegas\/#primaryimage"},"image":{"@id":"https:\/\/www.noticiasradioreflejos.com.ar\/2021\/fiesta-de-la-vendimia-estaran-presentes-mas-de-15-bodegas\/#primaryimage"},"thumbnailUrl":"https:\/\/live.staticflickr.com\/65535\/52740726142_778a67e40e_c.jpg","datePublished":"2024-03-26T22:36:16+00:00","dateModified":"2024-03-26T22:36:29+00:00","author":{"@id":"https:\/\/www.noticiasradioreflejos.com.ar\/2021\/#\/schema\/person\/ad82545263dcc5ec0996818884fd5fb1"},"breadcrumb":{"@id":"https:\/\/www.noticiasradioreflejos.com.ar\/2021\/fiesta-de-la-vendimia-estaran-presentes-mas-de-15-bodegas\/#breadcrumb"},"inLanguage":"es","potentialAction":[{"@type":"ReadAction","target":["https:\/\/www.noticiasradioreflejos.com.ar\/2021\/fiesta-de-la-vendimia-estaran-presentes-mas-de-15-bodegas\/"]}]},{"@type":"ImageObject","inLanguage":"es","@id":"https:\/\/www.noticiasradioreflejos.com.ar\/2021\/fiesta-de-la-vendimia-estaran-presentes-mas-de-15-bodegas\/#primaryimage","url":"https:\/\/live.staticflickr.com\/65535\/52740726142_778a67e40e_c.jpg","contentUrl":"https:\/\/live.staticflickr.com\/65535\/52740726142_778a67e40e_c.jpg"},{"@type":"BreadcrumbList","@id":"https:\/\/www.noticiasradioreflejos.com.ar\/2021\/fiesta-de-la-vendimia-estaran-presentes-mas-de-15-bodegas\/#breadcrumb","itemListElement":[{"@type":"ListItem","position":1,"name":"Portada","item":"https:\/\/www.noticiasradioreflejos.com.ar\/2021\/"},{"@type":"ListItem","position":2,"name":"Fiesta de la Vendimia: \u201cestar\u00e1n presentes m\u00e1s de 15 bodegas\u201d"}]},{"@type":"WebSite","@id":"https:\/\/www.noticiasradioreflejos.com.ar\/2021\/#website","url":"https:\/\/www.noticiasradioreflejos.com.ar\/2021\/","name":"Noticias Radio Reflejos","description":"Las noticias de mi comarca","potentialAction":[{"@type":"SearchAction","target":{"@type":"EntryPoint","urlTemplate":"https:\/\/www.noticiasradioreflejos.com.ar\/2021\/?s={search_term_string}"},"query-input":{"@type":"PropertyValueSpecification","valueRequired":true,"valueName":"search_term_string"}}],"inLanguage":"es"},{"@type":"Person","@id":"https:\/\/www.noticiasradioreflejos.com.ar\/2021\/#\/schema\/person\/ad82545263dcc5ec0996818884fd5fb1","name":"Arnaldo Botto","image":{"@type":"ImageObject","inLanguage":"es","@id":"https:\/\/www.noticiasradioreflejos.com.ar\/2021\/#\/schema\/person\/image\/","url":"https:\/\/secure.gravatar.com\/avatar\/55cb5e37c1efa326397366e6974cb338056df65cb50e7d64d1cf314e87504837?s=96&d=mm&r=g","contentUrl":"https:\/\/secure.gravatar.com\/avatar\/55cb5e37c1efa326397366e6974cb338056df65cb50e7d64d1cf314e87504837?s=96&d=mm&r=g","caption":"Arnaldo Botto"},"url":"https:\/\/www.noticiasradioreflejos.com.ar\/2021\/author\/arnaldo\/"}]}},"_links":{"self":[{"href":"https:\/\/www.noticiasradioreflejos.com.ar\/2021\/wp-json\/wp\/v2\/posts\/100616","targetHints":{"allow":["GET"]}}],"collection":[{"href":"https:\/\/www.noticiasradioreflejos.com.ar\/2021\/wp-json\/wp\/v2\/posts"}],"about":[{"href":"https:\/\/www.noticiasradioreflejos.com.ar\/2021\/wp-json\/wp\/v2\/types\/post"}],"author":[{"embeddable":true,"href":"https:\/\/www.noticiasradioreflejos.com.ar\/2021\/wp-json\/wp\/v2\/users\/3"}],"replies":[{"embeddable":true,"href":"https:\/\/www.noticiasradioreflejos.com.ar\/2021\/wp-json\/wp\/v2\/comments?post=100616"}],"version-history":[{"count":2,"href":"https:\/\/www.noticiasradioreflejos.com.ar\/2021\/wp-json\/wp\/v2\/posts\/100616\/revisions"}],"predecessor-version":[{"id":100632,"href":"https:\/\/www.noticiasradioreflejos.com.ar\/2021\/wp-json\/wp\/v2\/posts\/100616\/revisions\/100632"}],"wp:attachment":[{"href":"https:\/\/www.noticiasradioreflejos.com.ar\/2021\/wp-json\/wp\/v2\/media?parent=100616"}],"wp:term":[{"taxonomy":"category","embeddable":true,"href":"https:\/\/www.noticiasradioreflejos.com.ar\/2021\/wp-json\/wp\/v2\/categories?post=100616"},{"taxonomy":"post_tag","embeddable":true,"href":"https:\/\/www.noticiasradioreflejos.com.ar\/2021\/wp-json\/wp\/v2\/tags?post=100616"}],"curies":[{"name":"wp","href":"https:\/\/api.w.org\/{rel}","templated":true}]}}