{"id":100453,"date":"2024-03-22T13:38:55","date_gmt":"2024-03-22T16:38:55","guid":{"rendered":"https:\/\/www.noticiasradioreflejos.com.ar\/2021\/?p=100453"},"modified":"2024-03-22T13:38:55","modified_gmt":"2024-03-22T16:38:55","slug":"restriccion-de-camiones-en-rutas-nacionales-por-el-fin-de-semana","status":"publish","type":"post","link":"https:\/\/www.noticiasradioreflejos.com.ar\/2021\/restriccion-de-camiones-en-rutas-nacionales-por-el-fin-de-semana\/","title":{"rendered":"Restricci\u00f3n de camiones en rutas nacionales por el fin de semana"},"content":{"rendered":"<p>La Agencia Nacional de Seguridad Vial informa que desde esta tarde y hasta el domingo habr\u00e1 restricci\u00f3n de camiones en distintas rutas, horarios y sentidos.<!--more--><\/p>\n<p><a data-flickr-embed=\"true\" href=\"https:\/\/www.flickr.com\/photos\/182279889@N02\/53603861051\/in\/dateposted-public\/\" title=\"restricciones_TW_IG_HS\"><img loading=\"lazy\" decoding=\"async\" src=\"https:\/\/live.staticflickr.com\/65535\/53603861051_67443a7999_c.jpg\" width=\"800\" height=\"800\" alt=\"restricciones_TW_IG_HS\"\/><\/a><script async src=\"\/\/embedr.flickr.com\/assets\/client-code.js\" charset=\"utf-8\"><\/script><\/p>\n<p>La Agencia Nacional de Seguridad Vial (ANSV) informa que este fin de semana, en diferentes horarios y sentidos, habr\u00e1 restricci\u00f3n de circulaci\u00f3n para camiones de m\u00e1s de 3.500 kilos en rutas nacionales y en los principales accesos al \u00c1rea Metropolitana de Buenos Aires (AMBA).<\/p>\n<p>La restricci\u00f3n, que alcanza a m\u00e1s de 30 rutas y a las autopistas Bs. As.\u2013 La Plata, Riccheri, Acceso Oeste y Acceso Norte, ser\u00e1 a partir de esta tarde de 18 a 20:59 horas, ma\u00f1ana de 7 a 9:59 horas y el domingo de 18 a 20:59 horas.<\/p>\n<p>Esta medida tiene como finalidad agilizar el tr\u00e1nsito entre veh\u00edculos livianos y prevenir congestionamientos y siniestros viales. En este sentido, la ANSV tambi\u00e9n resalta la importancia de que todos los conductores que circulen por los distintos caminos del pa\u00eds respeten las normas de tr\u00e1nsito y realicen una conducci\u00f3n responsable.<\/p>\n<p>Adem\u00e1s, el organismo nacional recuerda la existencia de la L\u00ednea telef\u00f3nica 149 opci\u00f3n 2 para las personas que protagonicen un siniestro vial. Se trata de la Red Federal de Asistencia a V\u00edctimas de Siniestros Viales, que funciona en todo el pa\u00eds durante las 24 horas. Este servicio acompa\u00f1a y asesora a las v\u00edctimas viales y a sus familiares en las instancias posteriores a la emergencia.<\/p>\n<p>Documentaci\u00f3n requerida para circular y elementos necesarios por eventualidades en el camino:<\/p>\n<p>Documento Nacional de Identidad (DNI)<br \/>\nLicencia Nacional de Conducir.<br \/>\nC\u00e9dula verde o azul.<br \/>\nComprobante de seguro en vigencia.<br \/>\nConstancia de Revisi\u00f3n T\u00e9cnica Obligatoria (RTO) o Verificaci\u00f3n T\u00e9cnica Vehicular (VTV).<br \/>\nChapas patentes legibles, sin alteraciones y en buen estado.<br \/>\nMatafuegos con fecha vigente y balizas triangulares.<\/p>\n<p>Rutas, fechas y horarios de la restricci\u00f3n: <a href=\"https:\/\/www.argentina.gob.ar\/seguridadvial\/restriccion-de-camiones\/marzo-2024\" rel=\"noopener\" target=\"_blank\">https:\/\/www.argentina.gob.ar\/seguridadvial\/restriccion-de-camiones\/marzo-2024<\/a><\/p>\n","protected":false},"excerpt":{"rendered":"<p>La Agencia Nacional de Seguridad Vial informa que desde esta tarde y hasta el domingo habr\u00e1 restricci\u00f3n de camiones en distintas rutas, horarios y sentidos.<\/p>\n","protected":false},"author":3,"featured_media":90472,"comment_status":"closed","ping_status":"closed","sticky":false,"template":"","format":"standard","meta":{"footnotes":""},"categories":[1],"tags":[],"class_list":["post-100453","post","type-post","status-publish","format-standard","has-post-thumbnail","hentry","category-sin-categoria"],"yoast_head":"<!-- This site is optimized with the Yoast SEO plugin v25.9 - https:\/\/yoast.com\/wordpress\/plugins\/seo\/ -->\n<title>Restricci\u00f3n de camiones en rutas nacionales por el fin de semana - Noticias Radio Reflejos<\/title>\n<meta name=\"robots\" content=\"index, follow, max-snippet:-1, max-image-preview:large, max-video-preview:-1\" \/>\n<link rel=\"canonical\" href=\"https:\/\/www.noticiasradioreflejos.com.ar\/2021\/restriccion-de-camiones-en-rutas-nacionales-por-el-fin-de-semana\/\" \/>\n<meta property=\"og:locale\" content=\"es_ES\" \/>\n<meta property=\"og:type\" content=\"article\" \/>\n<meta property=\"og:title\" content=\"Restricci\u00f3n de camiones en rutas nacionales por el fin de semana - Noticias Radio Reflejos\" \/>\n<meta property=\"og:description\" content=\"La Agencia Nacional de Seguridad Vial informa que desde esta tarde y hasta el domingo habr\u00e1 restricci\u00f3n de camiones en distintas rutas, horarios y sentidos.\" \/>\n<meta property=\"og:url\" content=\"https:\/\/www.noticiasradioreflejos.com.ar\/2021\/restriccion-de-camiones-en-rutas-nacionales-por-el-fin-de-semana\/\" \/>\n<meta property=\"og:site_name\" content=\"Noticias Radio Reflejos\" \/>\n<meta property=\"article:published_time\" content=\"2024-03-22T16:38:55+00:00\" \/>\n<meta property=\"og:image\" content=\"https:\/\/www.noticiasradioreflejos.com.ar\/2021\/wp-content\/uploads\/2023\/07\/restriccion-de-camiones-para-semana-santa_5091jpg.jpg\" \/>\n\t<meta property=\"og:image:width\" content=\"1200\" \/>\n\t<meta property=\"og:image:height\" content=\"675\" \/>\n\t<meta property=\"og:image:type\" content=\"image\/jpeg\" \/>\n<meta name=\"author\" content=\"Arnaldo Botto\" \/>\n<meta name=\"twitter:card\" content=\"summary_large_image\" \/>\n<script type=\"application\/ld+json\" class=\"yoast-schema-graph\">{\"@context\":\"https:\/\/schema.org\",\"@graph\":[{\"@type\":\"WebPage\",\"@id\":\"https:\/\/www.noticiasradioreflejos.com.ar\/2021\/restriccion-de-camiones-en-rutas-nacionales-por-el-fin-de-semana\/\",\"url\":\"https:\/\/www.noticiasradioreflejos.com.ar\/2021\/restriccion-de-camiones-en-rutas-nacionales-por-el-fin-de-semana\/\",\"name\":\"Restricci\u00f3n de camiones en rutas nacionales por el fin de semana - Noticias Radio Reflejos\",\"isPartOf\":{\"@id\":\"https:\/\/www.noticiasradioreflejos.com.ar\/2021\/#website\"},\"primaryImageOfPage\":{\"@id\":\"https:\/\/www.noticiasradioreflejos.com.ar\/2021\/restriccion-de-camiones-en-rutas-nacionales-por-el-fin-de-semana\/#primaryimage\"},\"image\":{\"@id\":\"https:\/\/www.noticiasradioreflejos.com.ar\/2021\/restriccion-de-camiones-en-rutas-nacionales-por-el-fin-de-semana\/#primaryimage\"},\"thumbnailUrl\":\"https:\/\/www.noticiasradioreflejos.com.ar\/2021\/wp-content\/uploads\/2023\/07\/restriccion-de-camiones-para-semana-santa_5091jpg.jpg\",\"datePublished\":\"2024-03-22T16:38:55+00:00\",\"author\":{\"@id\":\"https:\/\/www.noticiasradioreflejos.com.ar\/2021\/#\/schema\/person\/ad82545263dcc5ec0996818884fd5fb1\"},\"breadcrumb\":{\"@id\":\"https:\/\/www.noticiasradioreflejos.com.ar\/2021\/restriccion-de-camiones-en-rutas-nacionales-por-el-fin-de-semana\/#breadcrumb\"},\"inLanguage\":\"es\",\"potentialAction\":[{\"@type\":\"ReadAction\",\"target\":[\"https:\/\/www.noticiasradioreflejos.com.ar\/2021\/restriccion-de-camiones-en-rutas-nacionales-por-el-fin-de-semana\/\"]}]},{\"@type\":\"ImageObject\",\"inLanguage\":\"es\",\"@id\":\"https:\/\/www.noticiasradioreflejos.com.ar\/2021\/restriccion-de-camiones-en-rutas-nacionales-por-el-fin-de-semana\/#primaryimage\",\"url\":\"https:\/\/www.noticiasradioreflejos.com.ar\/2021\/wp-content\/uploads\/2023\/07\/restriccion-de-camiones-para-semana-santa_5091jpg.jpg\",\"contentUrl\":\"https:\/\/www.noticiasradioreflejos.com.ar\/2021\/wp-content\/uploads\/2023\/07\/restriccion-de-camiones-para-semana-santa_5091jpg.jpg\",\"width\":1200,\"height\":675},{\"@type\":\"BreadcrumbList\",\"@id\":\"https:\/\/www.noticiasradioreflejos.com.ar\/2021\/restriccion-de-camiones-en-rutas-nacionales-por-el-fin-de-semana\/#breadcrumb\",\"itemListElement\":[{\"@type\":\"ListItem\",\"position\":1,\"name\":\"Portada\",\"item\":\"https:\/\/www.noticiasradioreflejos.com.ar\/2021\/\"},{\"@type\":\"ListItem\",\"position\":2,\"name\":\"Restricci\u00f3n de camiones en rutas nacionales por el fin de semana\"}]},{\"@type\":\"WebSite\",\"@id\":\"https:\/\/www.noticiasradioreflejos.com.ar\/2021\/#website\",\"url\":\"https:\/\/www.noticiasradioreflejos.com.ar\/2021\/\",\"name\":\"Noticias Radio Reflejos\",\"description\":\"Las noticias de mi comarca\",\"potentialAction\":[{\"@type\":\"SearchAction\",\"target\":{\"@type\":\"EntryPoint\",\"urlTemplate\":\"https:\/\/www.noticiasradioreflejos.com.ar\/2021\/?s={search_term_string}\"},\"query-input\":{\"@type\":\"PropertyValueSpecification\",\"valueRequired\":true,\"valueName\":\"search_term_string\"}}],\"inLanguage\":\"es\"},{\"@type\":\"Person\",\"@id\":\"https:\/\/www.noticiasradioreflejos.com.ar\/2021\/#\/schema\/person\/ad82545263dcc5ec0996818884fd5fb1\",\"name\":\"Arnaldo Botto\",\"image\":{\"@type\":\"ImageObject\",\"inLanguage\":\"es\",\"@id\":\"https:\/\/www.noticiasradioreflejos.com.ar\/2021\/#\/schema\/person\/image\/\",\"url\":\"https:\/\/secure.gravatar.com\/avatar\/55cb5e37c1efa326397366e6974cb338056df65cb50e7d64d1cf314e87504837?s=96&d=mm&r=g\",\"contentUrl\":\"https:\/\/secure.gravatar.com\/avatar\/55cb5e37c1efa326397366e6974cb338056df65cb50e7d64d1cf314e87504837?s=96&d=mm&r=g\",\"caption\":\"Arnaldo Botto\"},\"url\":\"https:\/\/www.noticiasradioreflejos.com.ar\/2021\/author\/arnaldo\/\"}]}<\/script>\n<!-- \/ Yoast SEO plugin. -->","yoast_head_json":{"title":"Restricci\u00f3n de camiones en rutas nacionales por el fin de semana - Noticias Radio Reflejos","robots":{"index":"index","follow":"follow","max-snippet":"max-snippet:-1","max-image-preview":"max-image-preview:large","max-video-preview":"max-video-preview:-1"},"canonical":"https:\/\/www.noticiasradioreflejos.com.ar\/2021\/restriccion-de-camiones-en-rutas-nacionales-por-el-fin-de-semana\/","og_locale":"es_ES","og_type":"article","og_title":"Restricci\u00f3n de camiones en rutas nacionales por el fin de semana - Noticias Radio Reflejos","og_description":"La Agencia Nacional de Seguridad Vial informa que desde esta tarde y hasta el domingo habr\u00e1 restricci\u00f3n de camiones en distintas rutas, horarios y sentidos.","og_url":"https:\/\/www.noticiasradioreflejos.com.ar\/2021\/restriccion-de-camiones-en-rutas-nacionales-por-el-fin-de-semana\/","og_site_name":"Noticias Radio Reflejos","article_published_time":"2024-03-22T16:38:55+00:00","og_image":[{"width":1200,"height":675,"url":"https:\/\/www.noticiasradioreflejos.com.ar\/2021\/wp-content\/uploads\/2023\/07\/restriccion-de-camiones-para-semana-santa_5091jpg.jpg","type":"image\/jpeg"}],"author":"Arnaldo Botto","twitter_card":"summary_large_image","schema":{"@context":"https:\/\/schema.org","@graph":[{"@type":"WebPage","@id":"https:\/\/www.noticiasradioreflejos.com.ar\/2021\/restriccion-de-camiones-en-rutas-nacionales-por-el-fin-de-semana\/","url":"https:\/\/www.noticiasradioreflejos.com.ar\/2021\/restriccion-de-camiones-en-rutas-nacionales-por-el-fin-de-semana\/","name":"Restricci\u00f3n de camiones en rutas nacionales por el fin de semana - Noticias Radio Reflejos","isPartOf":{"@id":"https:\/\/www.noticiasradioreflejos.com.ar\/2021\/#website"},"primaryImageOfPage":{"@id":"https:\/\/www.noticiasradioreflejos.com.ar\/2021\/restriccion-de-camiones-en-rutas-nacionales-por-el-fin-de-semana\/#primaryimage"},"image":{"@id":"https:\/\/www.noticiasradioreflejos.com.ar\/2021\/restriccion-de-camiones-en-rutas-nacionales-por-el-fin-de-semana\/#primaryimage"},"thumbnailUrl":"https:\/\/www.noticiasradioreflejos.com.ar\/2021\/wp-content\/uploads\/2023\/07\/restriccion-de-camiones-para-semana-santa_5091jpg.jpg","datePublished":"2024-03-22T16:38:55+00:00","author":{"@id":"https:\/\/www.noticiasradioreflejos.com.ar\/2021\/#\/schema\/person\/ad82545263dcc5ec0996818884fd5fb1"},"breadcrumb":{"@id":"https:\/\/www.noticiasradioreflejos.com.ar\/2021\/restriccion-de-camiones-en-rutas-nacionales-por-el-fin-de-semana\/#breadcrumb"},"inLanguage":"es","potentialAction":[{"@type":"ReadAction","target":["https:\/\/www.noticiasradioreflejos.com.ar\/2021\/restriccion-de-camiones-en-rutas-nacionales-por-el-fin-de-semana\/"]}]},{"@type":"ImageObject","inLanguage":"es","@id":"https:\/\/www.noticiasradioreflejos.com.ar\/2021\/restriccion-de-camiones-en-rutas-nacionales-por-el-fin-de-semana\/#primaryimage","url":"https:\/\/www.noticiasradioreflejos.com.ar\/2021\/wp-content\/uploads\/2023\/07\/restriccion-de-camiones-para-semana-santa_5091jpg.jpg","contentUrl":"https:\/\/www.noticiasradioreflejos.com.ar\/2021\/wp-content\/uploads\/2023\/07\/restriccion-de-camiones-para-semana-santa_5091jpg.jpg","width":1200,"height":675},{"@type":"BreadcrumbList","@id":"https:\/\/www.noticiasradioreflejos.com.ar\/2021\/restriccion-de-camiones-en-rutas-nacionales-por-el-fin-de-semana\/#breadcrumb","itemListElement":[{"@type":"ListItem","position":1,"name":"Portada","item":"https:\/\/www.noticiasradioreflejos.com.ar\/2021\/"},{"@type":"ListItem","position":2,"name":"Restricci\u00f3n de camiones en rutas nacionales por el fin de semana"}]},{"@type":"WebSite","@id":"https:\/\/www.noticiasradioreflejos.com.ar\/2021\/#website","url":"https:\/\/www.noticiasradioreflejos.com.ar\/2021\/","name":"Noticias Radio Reflejos","description":"Las noticias de mi comarca","potentialAction":[{"@type":"SearchAction","target":{"@type":"EntryPoint","urlTemplate":"https:\/\/www.noticiasradioreflejos.com.ar\/2021\/?s={search_term_string}"},"query-input":{"@type":"PropertyValueSpecification","valueRequired":true,"valueName":"search_term_string"}}],"inLanguage":"es"},{"@type":"Person","@id":"https:\/\/www.noticiasradioreflejos.com.ar\/2021\/#\/schema\/person\/ad82545263dcc5ec0996818884fd5fb1","name":"Arnaldo Botto","image":{"@type":"ImageObject","inLanguage":"es","@id":"https:\/\/www.noticiasradioreflejos.com.ar\/2021\/#\/schema\/person\/image\/","url":"https:\/\/secure.gravatar.com\/avatar\/55cb5e37c1efa326397366e6974cb338056df65cb50e7d64d1cf314e87504837?s=96&d=mm&r=g","contentUrl":"https:\/\/secure.gravatar.com\/avatar\/55cb5e37c1efa326397366e6974cb338056df65cb50e7d64d1cf314e87504837?s=96&d=mm&r=g","caption":"Arnaldo Botto"},"url":"https:\/\/www.noticiasradioreflejos.com.ar\/2021\/author\/arnaldo\/"}]}},"_links":{"self":[{"href":"https:\/\/www.noticiasradioreflejos.com.ar\/2021\/wp-json\/wp\/v2\/posts\/100453","targetHints":{"allow":["GET"]}}],"collection":[{"href":"https:\/\/www.noticiasradioreflejos.com.ar\/2021\/wp-json\/wp\/v2\/posts"}],"about":[{"href":"https:\/\/www.noticiasradioreflejos.com.ar\/2021\/wp-json\/wp\/v2\/types\/post"}],"author":[{"embeddable":true,"href":"https:\/\/www.noticiasradioreflejos.com.ar\/2021\/wp-json\/wp\/v2\/users\/3"}],"replies":[{"embeddable":true,"href":"https:\/\/www.noticiasradioreflejos.com.ar\/2021\/wp-json\/wp\/v2\/comments?post=100453"}],"version-history":[{"count":1,"href":"https:\/\/www.noticiasradioreflejos.com.ar\/2021\/wp-json\/wp\/v2\/posts\/100453\/revisions"}],"predecessor-version":[{"id":100458,"href":"https:\/\/www.noticiasradioreflejos.com.ar\/2021\/wp-json\/wp\/v2\/posts\/100453\/revisions\/100458"}],"wp:featuredmedia":[{"embeddable":true,"href":"https:\/\/www.noticiasradioreflejos.com.ar\/2021\/wp-json\/wp\/v2\/media\/90472"}],"wp:attachment":[{"href":"https:\/\/www.noticiasradioreflejos.com.ar\/2021\/wp-json\/wp\/v2\/media?parent=100453"}],"wp:term":[{"taxonomy":"category","embeddable":true,"href":"https:\/\/www.noticiasradioreflejos.com.ar\/2021\/wp-json\/wp\/v2\/categories?post=100453"},{"taxonomy":"post_tag","embeddable":true,"href":"https:\/\/www.noticiasradioreflejos.com.ar\/2021\/wp-json\/wp\/v2\/tags?post=100453"}],"curies":[{"name":"wp","href":"https:\/\/api.w.org\/{rel}","templated":true}]}}