{"id":100445,"date":"2024-03-22T13:27:36","date_gmt":"2024-03-22T16:27:36","guid":{"rendered":"https:\/\/www.noticiasradioreflejos.com.ar\/2021\/?p=100445"},"modified":"2024-03-22T13:27:36","modified_gmt":"2024-03-22T16:27:36","slug":"daniela-reich-juro-como-vicepresidenta-segunda-del-senado-de-la-provincia-de-buenos-aires","status":"publish","type":"post","link":"https:\/\/www.noticiasradioreflejos.com.ar\/2021\/daniela-reich-juro-como-vicepresidenta-segunda-del-senado-de-la-provincia-de-buenos-aires\/","title":{"rendered":"Daniela Reich jur\u00f3 como Vicepresidenta Segunda del Senado de la Provincia de Buenos Aires"},"content":{"rendered":"<p>La legisladora representante de la primera secci\u00f3n electoral del municipio de Tres de Febrero, asumi\u00f3 el cargo en compa\u00f1\u00eda de sus colegas de la C\u00e1mara.<!--more--><\/p>\n<p>La senadora provincial Daniela Reich jur\u00f3 como vicepresidenta segunda del Senado de la Provincia de Buenos Aires en la sesi\u00f3n desarrollada durante esta tarde en el recinto con el acompa\u00f1amiento del bloque del PRO en presencia de las autoridades legislativas. La legisladora, actual Presidente de PRO bonaerense, representa a la primera secci\u00f3n electoral desde el a\u00f1o 2017.<\/p>\n<p>Reich cuenta con una amplia trayectoria pol\u00edtica en la provincia de Buenos Aires, en la que, durante la gesti\u00f3n de Mar\u00eda Eugenia Vidal, se desempe\u00f1\u00f3 desde diciembre de 2015 como subsecretaria de An\u00e1lisis estad\u00edsticos y Documental en Derechos Humanos, y desde junio 2016 hasta diciembre de 2017 como subsecretaria de G\u00e9nero y Diversidad Sexual de la Provincia.<\/p>\n<p>Es una dirigente con vocaci\u00f3n p\u00fablica, que no se desentiende de la realidad de los vecinos del Municipio de Tres de Febrero que es gobernado por el Intendente Diego Valenzuela, llevando adelante la gesti\u00f3n desde el a\u00f1o 2015, reelegida en los elecciones de 2019 y 2023 respectivamente,<\/p>\n<p>Anteriormente, la legisladora se ha desempe\u00f1ado en las comisiones de Legislaci\u00f3n General, Asuntos Municipales, Presupuesto e Impuestos, Igualdad Real de Trato y Oportunidades y de Discapacidad, Ni\u00f1ez, Adolescencia y Familia y Educaci\u00f3n, Cultura, Ciencia y T\u00e9cnica.<\/p>\n<p>Fuente: Bloque PRO Senado Pcia. Buenos Aires<\/p>\n","protected":false},"excerpt":{"rendered":"<p>La legisladora representante de la primera secci\u00f3n electoral del municipio de Tres de Febrero, asumi\u00f3 el cargo en compa\u00f1\u00eda de sus colegas de la C\u00e1mara.<\/p>\n","protected":false},"author":3,"featured_media":0,"comment_status":"closed","ping_status":"closed","sticky":false,"template":"","format":"standard","meta":{"footnotes":""},"categories":[24],"tags":[],"class_list":["post-100445","post","type-post","status-publish","format-standard","hentry","category-politica"],"yoast_head":"<!-- This site is optimized with the Yoast SEO plugin v25.9 - https:\/\/yoast.com\/wordpress\/plugins\/seo\/ -->\n<title>Daniela Reich jur\u00f3 como Vicepresidenta Segunda del Senado de la Provincia de Buenos Aires - Noticias Radio Reflejos<\/title>\n<meta name=\"robots\" content=\"index, follow, max-snippet:-1, max-image-preview:large, max-video-preview:-1\" \/>\n<link rel=\"canonical\" href=\"https:\/\/www.noticiasradioreflejos.com.ar\/2021\/daniela-reich-juro-como-vicepresidenta-segunda-del-senado-de-la-provincia-de-buenos-aires\/\" \/>\n<meta property=\"og:locale\" content=\"es_ES\" \/>\n<meta property=\"og:type\" content=\"article\" \/>\n<meta property=\"og:title\" content=\"Daniela Reich jur\u00f3 como Vicepresidenta Segunda del Senado de la Provincia de Buenos Aires - Noticias Radio Reflejos\" \/>\n<meta property=\"og:description\" content=\"La legisladora representante de la primera secci\u00f3n electoral del municipio de Tres de Febrero, asumi\u00f3 el cargo en compa\u00f1\u00eda de sus colegas de la C\u00e1mara.\" \/>\n<meta property=\"og:url\" content=\"https:\/\/www.noticiasradioreflejos.com.ar\/2021\/daniela-reich-juro-como-vicepresidenta-segunda-del-senado-de-la-provincia-de-buenos-aires\/\" \/>\n<meta property=\"og:site_name\" content=\"Noticias Radio Reflejos\" \/>\n<meta property=\"article:published_time\" content=\"2024-03-22T16:27:36+00:00\" \/>\n<meta property=\"og:image\" content=\"https:\/\/www.noticiasradioreflejos.com.ar\/2021\/wp-content\/uploads\/2021\/07\/logosol300x200.png\" \/>\n\t<meta property=\"og:image:width\" content=\"300\" \/>\n\t<meta property=\"og:image:height\" content=\"200\" \/>\n\t<meta property=\"og:image:type\" content=\"image\/png\" \/>\n<meta name=\"author\" content=\"Arnaldo Botto\" \/>\n<meta name=\"twitter:card\" content=\"summary_large_image\" \/>\n<script type=\"application\/ld+json\" class=\"yoast-schema-graph\">{\"@context\":\"https:\/\/schema.org\",\"@graph\":[{\"@type\":\"WebPage\",\"@id\":\"https:\/\/www.noticiasradioreflejos.com.ar\/2021\/daniela-reich-juro-como-vicepresidenta-segunda-del-senado-de-la-provincia-de-buenos-aires\/\",\"url\":\"https:\/\/www.noticiasradioreflejos.com.ar\/2021\/daniela-reich-juro-como-vicepresidenta-segunda-del-senado-de-la-provincia-de-buenos-aires\/\",\"name\":\"Daniela Reich jur\u00f3 como Vicepresidenta Segunda del Senado de la Provincia de Buenos Aires - Noticias Radio Reflejos\",\"isPartOf\":{\"@id\":\"https:\/\/www.noticiasradioreflejos.com.ar\/2021\/#website\"},\"datePublished\":\"2024-03-22T16:27:36+00:00\",\"author\":{\"@id\":\"https:\/\/www.noticiasradioreflejos.com.ar\/2021\/#\/schema\/person\/ad82545263dcc5ec0996818884fd5fb1\"},\"breadcrumb\":{\"@id\":\"https:\/\/www.noticiasradioreflejos.com.ar\/2021\/daniela-reich-juro-como-vicepresidenta-segunda-del-senado-de-la-provincia-de-buenos-aires\/#breadcrumb\"},\"inLanguage\":\"es\",\"potentialAction\":[{\"@type\":\"ReadAction\",\"target\":[\"https:\/\/www.noticiasradioreflejos.com.ar\/2021\/daniela-reich-juro-como-vicepresidenta-segunda-del-senado-de-la-provincia-de-buenos-aires\/\"]}]},{\"@type\":\"BreadcrumbList\",\"@id\":\"https:\/\/www.noticiasradioreflejos.com.ar\/2021\/daniela-reich-juro-como-vicepresidenta-segunda-del-senado-de-la-provincia-de-buenos-aires\/#breadcrumb\",\"itemListElement\":[{\"@type\":\"ListItem\",\"position\":1,\"name\":\"Portada\",\"item\":\"https:\/\/www.noticiasradioreflejos.com.ar\/2021\/\"},{\"@type\":\"ListItem\",\"position\":2,\"name\":\"Daniela Reich jur\u00f3 como Vicepresidenta Segunda del Senado de la Provincia de Buenos Aires\"}]},{\"@type\":\"WebSite\",\"@id\":\"https:\/\/www.noticiasradioreflejos.com.ar\/2021\/#website\",\"url\":\"https:\/\/www.noticiasradioreflejos.com.ar\/2021\/\",\"name\":\"Noticias Radio Reflejos\",\"description\":\"Las noticias de mi comarca\",\"potentialAction\":[{\"@type\":\"SearchAction\",\"target\":{\"@type\":\"EntryPoint\",\"urlTemplate\":\"https:\/\/www.noticiasradioreflejos.com.ar\/2021\/?s={search_term_string}\"},\"query-input\":{\"@type\":\"PropertyValueSpecification\",\"valueRequired\":true,\"valueName\":\"search_term_string\"}}],\"inLanguage\":\"es\"},{\"@type\":\"Person\",\"@id\":\"https:\/\/www.noticiasradioreflejos.com.ar\/2021\/#\/schema\/person\/ad82545263dcc5ec0996818884fd5fb1\",\"name\":\"Arnaldo Botto\",\"image\":{\"@type\":\"ImageObject\",\"inLanguage\":\"es\",\"@id\":\"https:\/\/www.noticiasradioreflejos.com.ar\/2021\/#\/schema\/person\/image\/\",\"url\":\"https:\/\/secure.gravatar.com\/avatar\/55cb5e37c1efa326397366e6974cb338056df65cb50e7d64d1cf314e87504837?s=96&d=mm&r=g\",\"contentUrl\":\"https:\/\/secure.gravatar.com\/avatar\/55cb5e37c1efa326397366e6974cb338056df65cb50e7d64d1cf314e87504837?s=96&d=mm&r=g\",\"caption\":\"Arnaldo Botto\"},\"url\":\"https:\/\/www.noticiasradioreflejos.com.ar\/2021\/author\/arnaldo\/\"}]}<\/script>\n<!-- \/ Yoast SEO plugin. -->","yoast_head_json":{"title":"Daniela Reich jur\u00f3 como Vicepresidenta Segunda del Senado de la Provincia de Buenos Aires - Noticias Radio Reflejos","robots":{"index":"index","follow":"follow","max-snippet":"max-snippet:-1","max-image-preview":"max-image-preview:large","max-video-preview":"max-video-preview:-1"},"canonical":"https:\/\/www.noticiasradioreflejos.com.ar\/2021\/daniela-reich-juro-como-vicepresidenta-segunda-del-senado-de-la-provincia-de-buenos-aires\/","og_locale":"es_ES","og_type":"article","og_title":"Daniela Reich jur\u00f3 como Vicepresidenta Segunda del Senado de la Provincia de Buenos Aires - Noticias Radio Reflejos","og_description":"La legisladora representante de la primera secci\u00f3n electoral del municipio de Tres de Febrero, asumi\u00f3 el cargo en compa\u00f1\u00eda de sus colegas de la C\u00e1mara.","og_url":"https:\/\/www.noticiasradioreflejos.com.ar\/2021\/daniela-reich-juro-como-vicepresidenta-segunda-del-senado-de-la-provincia-de-buenos-aires\/","og_site_name":"Noticias Radio Reflejos","article_published_time":"2024-03-22T16:27:36+00:00","og_image":[{"width":300,"height":200,"url":"https:\/\/www.noticiasradioreflejos.com.ar\/2021\/wp-content\/uploads\/2021\/07\/logosol300x200.png","type":"image\/png"}],"author":"Arnaldo Botto","twitter_card":"summary_large_image","schema":{"@context":"https:\/\/schema.org","@graph":[{"@type":"WebPage","@id":"https:\/\/www.noticiasradioreflejos.com.ar\/2021\/daniela-reich-juro-como-vicepresidenta-segunda-del-senado-de-la-provincia-de-buenos-aires\/","url":"https:\/\/www.noticiasradioreflejos.com.ar\/2021\/daniela-reich-juro-como-vicepresidenta-segunda-del-senado-de-la-provincia-de-buenos-aires\/","name":"Daniela Reich jur\u00f3 como Vicepresidenta Segunda del Senado de la Provincia de Buenos Aires - Noticias Radio Reflejos","isPartOf":{"@id":"https:\/\/www.noticiasradioreflejos.com.ar\/2021\/#website"},"datePublished":"2024-03-22T16:27:36+00:00","author":{"@id":"https:\/\/www.noticiasradioreflejos.com.ar\/2021\/#\/schema\/person\/ad82545263dcc5ec0996818884fd5fb1"},"breadcrumb":{"@id":"https:\/\/www.noticiasradioreflejos.com.ar\/2021\/daniela-reich-juro-como-vicepresidenta-segunda-del-senado-de-la-provincia-de-buenos-aires\/#breadcrumb"},"inLanguage":"es","potentialAction":[{"@type":"ReadAction","target":["https:\/\/www.noticiasradioreflejos.com.ar\/2021\/daniela-reich-juro-como-vicepresidenta-segunda-del-senado-de-la-provincia-de-buenos-aires\/"]}]},{"@type":"BreadcrumbList","@id":"https:\/\/www.noticiasradioreflejos.com.ar\/2021\/daniela-reich-juro-como-vicepresidenta-segunda-del-senado-de-la-provincia-de-buenos-aires\/#breadcrumb","itemListElement":[{"@type":"ListItem","position":1,"name":"Portada","item":"https:\/\/www.noticiasradioreflejos.com.ar\/2021\/"},{"@type":"ListItem","position":2,"name":"Daniela Reich jur\u00f3 como Vicepresidenta Segunda del Senado de la Provincia de Buenos Aires"}]},{"@type":"WebSite","@id":"https:\/\/www.noticiasradioreflejos.com.ar\/2021\/#website","url":"https:\/\/www.noticiasradioreflejos.com.ar\/2021\/","name":"Noticias Radio Reflejos","description":"Las noticias de mi comarca","potentialAction":[{"@type":"SearchAction","target":{"@type":"EntryPoint","urlTemplate":"https:\/\/www.noticiasradioreflejos.com.ar\/2021\/?s={search_term_string}"},"query-input":{"@type":"PropertyValueSpecification","valueRequired":true,"valueName":"search_term_string"}}],"inLanguage":"es"},{"@type":"Person","@id":"https:\/\/www.noticiasradioreflejos.com.ar\/2021\/#\/schema\/person\/ad82545263dcc5ec0996818884fd5fb1","name":"Arnaldo Botto","image":{"@type":"ImageObject","inLanguage":"es","@id":"https:\/\/www.noticiasradioreflejos.com.ar\/2021\/#\/schema\/person\/image\/","url":"https:\/\/secure.gravatar.com\/avatar\/55cb5e37c1efa326397366e6974cb338056df65cb50e7d64d1cf314e87504837?s=96&d=mm&r=g","contentUrl":"https:\/\/secure.gravatar.com\/avatar\/55cb5e37c1efa326397366e6974cb338056df65cb50e7d64d1cf314e87504837?s=96&d=mm&r=g","caption":"Arnaldo Botto"},"url":"https:\/\/www.noticiasradioreflejos.com.ar\/2021\/author\/arnaldo\/"}]}},"_links":{"self":[{"href":"https:\/\/www.noticiasradioreflejos.com.ar\/2021\/wp-json\/wp\/v2\/posts\/100445","targetHints":{"allow":["GET"]}}],"collection":[{"href":"https:\/\/www.noticiasradioreflejos.com.ar\/2021\/wp-json\/wp\/v2\/posts"}],"about":[{"href":"https:\/\/www.noticiasradioreflejos.com.ar\/2021\/wp-json\/wp\/v2\/types\/post"}],"author":[{"embeddable":true,"href":"https:\/\/www.noticiasradioreflejos.com.ar\/2021\/wp-json\/wp\/v2\/users\/3"}],"replies":[{"embeddable":true,"href":"https:\/\/www.noticiasradioreflejos.com.ar\/2021\/wp-json\/wp\/v2\/comments?post=100445"}],"version-history":[{"count":1,"href":"https:\/\/www.noticiasradioreflejos.com.ar\/2021\/wp-json\/wp\/v2\/posts\/100445\/revisions"}],"predecessor-version":[{"id":100449,"href":"https:\/\/www.noticiasradioreflejos.com.ar\/2021\/wp-json\/wp\/v2\/posts\/100445\/revisions\/100449"}],"wp:attachment":[{"href":"https:\/\/www.noticiasradioreflejos.com.ar\/2021\/wp-json\/wp\/v2\/media?parent=100445"}],"wp:term":[{"taxonomy":"category","embeddable":true,"href":"https:\/\/www.noticiasradioreflejos.com.ar\/2021\/wp-json\/wp\/v2\/categories?post=100445"},{"taxonomy":"post_tag","embeddable":true,"href":"https:\/\/www.noticiasradioreflejos.com.ar\/2021\/wp-json\/wp\/v2\/tags?post=100445"}],"curies":[{"name":"wp","href":"https:\/\/api.w.org\/{rel}","templated":true}]}}