{"id":100406,"date":"2024-03-21T15:24:13","date_gmt":"2024-03-21T18:24:13","guid":{"rendered":"https:\/\/www.noticiasradioreflejos.com.ar\/2021\/?p=100406"},"modified":"2024-03-21T15:24:13","modified_gmt":"2024-03-21T18:24:13","slug":"carlo-maria-bertora-en-noviembre-estaremos-plantando-mas-vinedos","status":"publish","type":"post","link":"https:\/\/www.noticiasradioreflejos.com.ar\/2021\/carlo-maria-bertora-en-noviembre-estaremos-plantando-mas-vinedos\/","title":{"rendered":"Carlo Mar\u00eda B\u00e9rtora: \u201cEn noviembre estaremos plantando m\u00e1s vi\u00f1edos\u201d"},"content":{"rendered":"<p>El due\u00f1o de<strong> MYL Colores en estancia \u201cLa Catalina\u201d<\/strong> coment\u00f3 c\u00f3mo se expandir\u00e1n en corto plazo, al tiempo que anticip\u00f3 las novedades que llevar\u00e1n a la <strong>Fiesta de la Vendimia<\/strong>.<!--more--><\/p>\n<p>En la regi\u00f3n uno de los vinos m\u00e1s representativos y que cada vez empuja con m\u00e1s fuerza es el MYL Colores el cual se produce en \u201cLa Catalina\u201d.<\/p>\n<p><a title=\"La Catalina(2)\" href=\"https:\/\/www.flickr.com\/photos\/182279889@N02\/53601193897\/in\/dateposted-public\/\" data-flickr-embed=\"true\"><img loading=\"lazy\" decoding=\"async\" src=\"https:\/\/live.staticflickr.com\/65535\/53601193897_286d732a55_c.jpg\" alt=\"La Catalina(2)\" width=\"800\" height=\"533\" \/><\/a><\/p>\n<p>Pero detr\u00e1s de ese nombre y ese lugar se encuentra Carlo Mar\u00eda B\u00e9rtora, el cual ya palpitando lo que ser\u00e1 la <em><strong>Fiesta de la Vendimia en Saldungaray<\/strong><\/em> aprovech\u00f3 la ocasi\u00f3n no solo para recordar sus comienzos, sino tambi\u00e9n para adelantar novedades que se dar\u00e1n en ese festejo.<\/p>\n<p>Iniciando la charla explic\u00f3 que \u201cplantamos en noviembre de 2010, as\u00ed que tenemos 14 a\u00f1os, aunque el primer vino se hizo con la vendimia de 2013 que fue un espumante en estado cl\u00e1sico, que en 2016 sali\u00f3 al comercio. Desde ese a\u00f1o estamos con vinos a la venta\u201d.<\/p>\n<p><a title=\"La Catalina(2)\" href=\"https:\/\/www.flickr.com\/photos\/182279889@N02\/53602274373\/in\/dateposted-public\/\" data-flickr-embed=\"true\"><img loading=\"lazy\" decoding=\"async\" src=\"https:\/\/live.staticflickr.com\/65535\/53602274373_cc5c698cb6_c.jpg\" alt=\"La Catalina(2)\" width=\"800\" height=\"533\" \/><\/a><script async src=\"\/\/embedr.flickr.com\/assets\/client-code.js\" charset=\"utf-8\"><\/script><br \/>\nSeg\u00fan reconoci\u00f3 \u201carrancamos fuerte con el espumante, con un rosado extra brut, pero ya estamos haciendo malbec sobre todo, un cl\u00e1sico de esta zona, y tambi\u00e9n estamos con una gama nueva que vamos a presentar en la fiesta de Saldungaray, unos vinos naturales, de tres o cuatro variedades; un pino negro tinto, un par de rosados, un tanat 100% tinto y vamos a ver si llegamos con vinos ancestrales de m\u00e9todos ancestrales\u201d.<\/p>\n<p>De todas maneras aclar\u00f3 que \u201clo nuestro es muy chiquito; tenemos dos hect\u00e1reas y media con cinco variedades. Estamos con un proyecto de ampliar y plantar otra vi\u00f1a en una parte de un cerro a fin de este a\u00f1o. Ya fuimos a Mendoza a conseguir las plantas. Est\u00e1 todo listo para trabajar en octubre y plantar en noviembre. Estar\u00e1n 50 metros m\u00e1s altas que las plantas que ya tenemos\u201d.<\/p>\n<p><a title=\"La Catalina(3)\" href=\"https:\/\/www.flickr.com\/photos\/182279889@N02\/53602062706\/in\/dateposted-public\/\" data-flickr-embed=\"true\"><img loading=\"lazy\" decoding=\"async\" src=\"https:\/\/live.staticflickr.com\/65535\/53602062706_5bf348c350_c.jpg\" alt=\"La Catalina(3)\" width=\"800\" height=\"533\" \/><\/a><\/p>\n<p>&nbsp;<\/p>\n<p>Por \u00faltimo, y sobre esa nueva plantaci\u00f3n, admiti\u00f3 que \u201cbuscamos escapar a las heladas tard\u00edas. En esta zona eso es un problema, sobre todo las heladas de noviembre y diciembre. En 2023 tuvimos una helada el 3 de diciembre que nos mat\u00f3 la producci\u00f3n\u201d.<\/p>\n<p>&nbsp;<\/p>\n<p><iframe loading=\"lazy\" src=\"https:\/\/w.soundcloud.com\/player\/?url=https%3A\/\/api.soundcloud.com\/tracks\/1780768488&amp;color=%23ff5500&amp;auto_play=false&amp;hide_related=false&amp;show_comments=true&amp;show_user=true&amp;show_reposts=false&amp;show_teaser=true\" width=\"100%\" height=\"166\" frameborder=\"no\" scrolling=\"no\"><\/iframe><\/p>\n<div style=\"font-size: 10px; color: #cccccc; line-break: anywhere; word-break: normal; overflow: hidden; white-space: nowrap; text-overflow: ellipsis; font-family: Interstate,Lucida Grande,Lucida Sans Unicode,Lucida Sans,Garuda,Verdana,Tahoma,sans-serif; font-weight: 100;\"><a style=\"color: #cccccc; text-decoration: none;\" title=\"fmreflejos 103.7\" href=\"https:\/\/soundcloud.com\/fmreflejos-103-7\" target=\"_blank\" rel=\"noopener\">fmreflejos 103.7<\/a> \u00b7 <a style=\"color: #cccccc; text-decoration: none;\" title=\"Carlo Maria Bertora 21 - 03\" href=\"https:\/\/soundcloud.com\/fmreflejos-103-7\/carlo-maria-bertora-21-03\" target=\"_blank\" rel=\"noopener\">Carlo Maria Bertora 21 &#8211; 03<\/a><\/div>\n","protected":false},"excerpt":{"rendered":"<p>El due\u00f1o de MYL Colores en estancia \u201cLa Catalina\u201d coment\u00f3 c\u00f3mo se expandir\u00e1n en corto plazo, al tiempo que anticip\u00f3 las novedades que llevar\u00e1n a la Fiesta de la Vendimia.<\/p>\n","protected":false},"author":3,"featured_media":100430,"comment_status":"closed","ping_status":"closed","sticky":false,"template":"","format":"standard","meta":{"footnotes":""},"categories":[36,26,33],"tags":[48],"class_list":["post-100406","post","type-post","status-publish","format-standard","has-post-thumbnail","hentry","category-economia","category-sociedad","category-turismo","tag-destacada"],"yoast_head":"<!-- This site is optimized with the Yoast SEO plugin v25.9 - https:\/\/yoast.com\/wordpress\/plugins\/seo\/ -->\n<title>Carlo Mar\u00eda B\u00e9rtora: \u201cEn noviembre estaremos plantando m\u00e1s vi\u00f1edos\u201d - Noticias Radio Reflejos<\/title>\n<meta name=\"robots\" content=\"index, follow, max-snippet:-1, max-image-preview:large, max-video-preview:-1\" \/>\n<link rel=\"canonical\" href=\"https:\/\/www.noticiasradioreflejos.com.ar\/2021\/carlo-maria-bertora-en-noviembre-estaremos-plantando-mas-vinedos\/\" \/>\n<meta property=\"og:locale\" content=\"es_ES\" \/>\n<meta property=\"og:type\" content=\"article\" \/>\n<meta property=\"og:title\" content=\"Carlo Mar\u00eda B\u00e9rtora: \u201cEn noviembre estaremos plantando m\u00e1s vi\u00f1edos\u201d - Noticias Radio Reflejos\" \/>\n<meta property=\"og:description\" content=\"El due\u00f1o de MYL Colores en estancia \u201cLa Catalina\u201d coment\u00f3 c\u00f3mo se expandir\u00e1n en corto plazo, al tiempo que anticip\u00f3 las novedades que llevar\u00e1n a la Fiesta de la Vendimia.\" \/>\n<meta property=\"og:url\" content=\"https:\/\/www.noticiasradioreflejos.com.ar\/2021\/carlo-maria-bertora-en-noviembre-estaremos-plantando-mas-vinedos\/\" \/>\n<meta property=\"og:site_name\" content=\"Noticias Radio Reflejos\" \/>\n<meta property=\"article:published_time\" content=\"2024-03-21T18:24:13+00:00\" \/>\n<meta property=\"og:image\" content=\"https:\/\/www.noticiasradioreflejos.com.ar\/2021\/wp-content\/uploads\/2024\/03\/La-Catalina1.jpg\" \/>\n\t<meta property=\"og:image:width\" content=\"1080\" \/>\n\t<meta property=\"og:image:height\" content=\"1080\" \/>\n\t<meta property=\"og:image:type\" content=\"image\/jpeg\" \/>\n<meta name=\"author\" content=\"Arnaldo Botto\" \/>\n<meta name=\"twitter:card\" content=\"summary_large_image\" \/>\n<script type=\"application\/ld+json\" class=\"yoast-schema-graph\">{\"@context\":\"https:\/\/schema.org\",\"@graph\":[{\"@type\":\"WebPage\",\"@id\":\"https:\/\/www.noticiasradioreflejos.com.ar\/2021\/carlo-maria-bertora-en-noviembre-estaremos-plantando-mas-vinedos\/\",\"url\":\"https:\/\/www.noticiasradioreflejos.com.ar\/2021\/carlo-maria-bertora-en-noviembre-estaremos-plantando-mas-vinedos\/\",\"name\":\"Carlo Mar\u00eda B\u00e9rtora: \u201cEn noviembre estaremos plantando m\u00e1s vi\u00f1edos\u201d - Noticias Radio Reflejos\",\"isPartOf\":{\"@id\":\"https:\/\/www.noticiasradioreflejos.com.ar\/2021\/#website\"},\"primaryImageOfPage\":{\"@id\":\"https:\/\/www.noticiasradioreflejos.com.ar\/2021\/carlo-maria-bertora-en-noviembre-estaremos-plantando-mas-vinedos\/#primaryimage\"},\"image\":{\"@id\":\"https:\/\/www.noticiasradioreflejos.com.ar\/2021\/carlo-maria-bertora-en-noviembre-estaremos-plantando-mas-vinedos\/#primaryimage\"},\"thumbnailUrl\":\"https:\/\/www.noticiasradioreflejos.com.ar\/2021\/wp-content\/uploads\/2024\/03\/La-Catalina1.jpg\",\"datePublished\":\"2024-03-21T18:24:13+00:00\",\"author\":{\"@id\":\"https:\/\/www.noticiasradioreflejos.com.ar\/2021\/#\/schema\/person\/ad82545263dcc5ec0996818884fd5fb1\"},\"breadcrumb\":{\"@id\":\"https:\/\/www.noticiasradioreflejos.com.ar\/2021\/carlo-maria-bertora-en-noviembre-estaremos-plantando-mas-vinedos\/#breadcrumb\"},\"inLanguage\":\"es\",\"potentialAction\":[{\"@type\":\"ReadAction\",\"target\":[\"https:\/\/www.noticiasradioreflejos.com.ar\/2021\/carlo-maria-bertora-en-noviembre-estaremos-plantando-mas-vinedos\/\"]}]},{\"@type\":\"ImageObject\",\"inLanguage\":\"es\",\"@id\":\"https:\/\/www.noticiasradioreflejos.com.ar\/2021\/carlo-maria-bertora-en-noviembre-estaremos-plantando-mas-vinedos\/#primaryimage\",\"url\":\"https:\/\/www.noticiasradioreflejos.com.ar\/2021\/wp-content\/uploads\/2024\/03\/La-Catalina1.jpg\",\"contentUrl\":\"https:\/\/www.noticiasradioreflejos.com.ar\/2021\/wp-content\/uploads\/2024\/03\/La-Catalina1.jpg\",\"width\":1080,\"height\":1080},{\"@type\":\"BreadcrumbList\",\"@id\":\"https:\/\/www.noticiasradioreflejos.com.ar\/2021\/carlo-maria-bertora-en-noviembre-estaremos-plantando-mas-vinedos\/#breadcrumb\",\"itemListElement\":[{\"@type\":\"ListItem\",\"position\":1,\"name\":\"Portada\",\"item\":\"https:\/\/www.noticiasradioreflejos.com.ar\/2021\/\"},{\"@type\":\"ListItem\",\"position\":2,\"name\":\"Carlo Mar\u00eda B\u00e9rtora: \u201cEn noviembre estaremos plantando m\u00e1s vi\u00f1edos\u201d\"}]},{\"@type\":\"WebSite\",\"@id\":\"https:\/\/www.noticiasradioreflejos.com.ar\/2021\/#website\",\"url\":\"https:\/\/www.noticiasradioreflejos.com.ar\/2021\/\",\"name\":\"Noticias Radio Reflejos\",\"description\":\"Las noticias de mi comarca\",\"potentialAction\":[{\"@type\":\"SearchAction\",\"target\":{\"@type\":\"EntryPoint\",\"urlTemplate\":\"https:\/\/www.noticiasradioreflejos.com.ar\/2021\/?s={search_term_string}\"},\"query-input\":{\"@type\":\"PropertyValueSpecification\",\"valueRequired\":true,\"valueName\":\"search_term_string\"}}],\"inLanguage\":\"es\"},{\"@type\":\"Person\",\"@id\":\"https:\/\/www.noticiasradioreflejos.com.ar\/2021\/#\/schema\/person\/ad82545263dcc5ec0996818884fd5fb1\",\"name\":\"Arnaldo Botto\",\"image\":{\"@type\":\"ImageObject\",\"inLanguage\":\"es\",\"@id\":\"https:\/\/www.noticiasradioreflejos.com.ar\/2021\/#\/schema\/person\/image\/\",\"url\":\"https:\/\/secure.gravatar.com\/avatar\/55cb5e37c1efa326397366e6974cb338056df65cb50e7d64d1cf314e87504837?s=96&d=mm&r=g\",\"contentUrl\":\"https:\/\/secure.gravatar.com\/avatar\/55cb5e37c1efa326397366e6974cb338056df65cb50e7d64d1cf314e87504837?s=96&d=mm&r=g\",\"caption\":\"Arnaldo Botto\"},\"url\":\"https:\/\/www.noticiasradioreflejos.com.ar\/2021\/author\/arnaldo\/\"}]}<\/script>\n<!-- \/ Yoast SEO plugin. -->","yoast_head_json":{"title":"Carlo Mar\u00eda B\u00e9rtora: \u201cEn noviembre estaremos plantando m\u00e1s vi\u00f1edos\u201d - Noticias Radio Reflejos","robots":{"index":"index","follow":"follow","max-snippet":"max-snippet:-1","max-image-preview":"max-image-preview:large","max-video-preview":"max-video-preview:-1"},"canonical":"https:\/\/www.noticiasradioreflejos.com.ar\/2021\/carlo-maria-bertora-en-noviembre-estaremos-plantando-mas-vinedos\/","og_locale":"es_ES","og_type":"article","og_title":"Carlo Mar\u00eda B\u00e9rtora: \u201cEn noviembre estaremos plantando m\u00e1s vi\u00f1edos\u201d - Noticias Radio Reflejos","og_description":"El due\u00f1o de MYL Colores en estancia \u201cLa Catalina\u201d coment\u00f3 c\u00f3mo se expandir\u00e1n en corto plazo, al tiempo que anticip\u00f3 las novedades que llevar\u00e1n a la Fiesta de la Vendimia.","og_url":"https:\/\/www.noticiasradioreflejos.com.ar\/2021\/carlo-maria-bertora-en-noviembre-estaremos-plantando-mas-vinedos\/","og_site_name":"Noticias Radio Reflejos","article_published_time":"2024-03-21T18:24:13+00:00","og_image":[{"width":1080,"height":1080,"url":"https:\/\/www.noticiasradioreflejos.com.ar\/2021\/wp-content\/uploads\/2024\/03\/La-Catalina1.jpg","type":"image\/jpeg"}],"author":"Arnaldo Botto","twitter_card":"summary_large_image","schema":{"@context":"https:\/\/schema.org","@graph":[{"@type":"WebPage","@id":"https:\/\/www.noticiasradioreflejos.com.ar\/2021\/carlo-maria-bertora-en-noviembre-estaremos-plantando-mas-vinedos\/","url":"https:\/\/www.noticiasradioreflejos.com.ar\/2021\/carlo-maria-bertora-en-noviembre-estaremos-plantando-mas-vinedos\/","name":"Carlo Mar\u00eda B\u00e9rtora: \u201cEn noviembre estaremos plantando m\u00e1s vi\u00f1edos\u201d - Noticias Radio Reflejos","isPartOf":{"@id":"https:\/\/www.noticiasradioreflejos.com.ar\/2021\/#website"},"primaryImageOfPage":{"@id":"https:\/\/www.noticiasradioreflejos.com.ar\/2021\/carlo-maria-bertora-en-noviembre-estaremos-plantando-mas-vinedos\/#primaryimage"},"image":{"@id":"https:\/\/www.noticiasradioreflejos.com.ar\/2021\/carlo-maria-bertora-en-noviembre-estaremos-plantando-mas-vinedos\/#primaryimage"},"thumbnailUrl":"https:\/\/www.noticiasradioreflejos.com.ar\/2021\/wp-content\/uploads\/2024\/03\/La-Catalina1.jpg","datePublished":"2024-03-21T18:24:13+00:00","author":{"@id":"https:\/\/www.noticiasradioreflejos.com.ar\/2021\/#\/schema\/person\/ad82545263dcc5ec0996818884fd5fb1"},"breadcrumb":{"@id":"https:\/\/www.noticiasradioreflejos.com.ar\/2021\/carlo-maria-bertora-en-noviembre-estaremos-plantando-mas-vinedos\/#breadcrumb"},"inLanguage":"es","potentialAction":[{"@type":"ReadAction","target":["https:\/\/www.noticiasradioreflejos.com.ar\/2021\/carlo-maria-bertora-en-noviembre-estaremos-plantando-mas-vinedos\/"]}]},{"@type":"ImageObject","inLanguage":"es","@id":"https:\/\/www.noticiasradioreflejos.com.ar\/2021\/carlo-maria-bertora-en-noviembre-estaremos-plantando-mas-vinedos\/#primaryimage","url":"https:\/\/www.noticiasradioreflejos.com.ar\/2021\/wp-content\/uploads\/2024\/03\/La-Catalina1.jpg","contentUrl":"https:\/\/www.noticiasradioreflejos.com.ar\/2021\/wp-content\/uploads\/2024\/03\/La-Catalina1.jpg","width":1080,"height":1080},{"@type":"BreadcrumbList","@id":"https:\/\/www.noticiasradioreflejos.com.ar\/2021\/carlo-maria-bertora-en-noviembre-estaremos-plantando-mas-vinedos\/#breadcrumb","itemListElement":[{"@type":"ListItem","position":1,"name":"Portada","item":"https:\/\/www.noticiasradioreflejos.com.ar\/2021\/"},{"@type":"ListItem","position":2,"name":"Carlo Mar\u00eda B\u00e9rtora: \u201cEn noviembre estaremos plantando m\u00e1s vi\u00f1edos\u201d"}]},{"@type":"WebSite","@id":"https:\/\/www.noticiasradioreflejos.com.ar\/2021\/#website","url":"https:\/\/www.noticiasradioreflejos.com.ar\/2021\/","name":"Noticias Radio Reflejos","description":"Las noticias de mi comarca","potentialAction":[{"@type":"SearchAction","target":{"@type":"EntryPoint","urlTemplate":"https:\/\/www.noticiasradioreflejos.com.ar\/2021\/?s={search_term_string}"},"query-input":{"@type":"PropertyValueSpecification","valueRequired":true,"valueName":"search_term_string"}}],"inLanguage":"es"},{"@type":"Person","@id":"https:\/\/www.noticiasradioreflejos.com.ar\/2021\/#\/schema\/person\/ad82545263dcc5ec0996818884fd5fb1","name":"Arnaldo Botto","image":{"@type":"ImageObject","inLanguage":"es","@id":"https:\/\/www.noticiasradioreflejos.com.ar\/2021\/#\/schema\/person\/image\/","url":"https:\/\/secure.gravatar.com\/avatar\/55cb5e37c1efa326397366e6974cb338056df65cb50e7d64d1cf314e87504837?s=96&d=mm&r=g","contentUrl":"https:\/\/secure.gravatar.com\/avatar\/55cb5e37c1efa326397366e6974cb338056df65cb50e7d64d1cf314e87504837?s=96&d=mm&r=g","caption":"Arnaldo Botto"},"url":"https:\/\/www.noticiasradioreflejos.com.ar\/2021\/author\/arnaldo\/"}]}},"_links":{"self":[{"href":"https:\/\/www.noticiasradioreflejos.com.ar\/2021\/wp-json\/wp\/v2\/posts\/100406","targetHints":{"allow":["GET"]}}],"collection":[{"href":"https:\/\/www.noticiasradioreflejos.com.ar\/2021\/wp-json\/wp\/v2\/posts"}],"about":[{"href":"https:\/\/www.noticiasradioreflejos.com.ar\/2021\/wp-json\/wp\/v2\/types\/post"}],"author":[{"embeddable":true,"href":"https:\/\/www.noticiasradioreflejos.com.ar\/2021\/wp-json\/wp\/v2\/users\/3"}],"replies":[{"embeddable":true,"href":"https:\/\/www.noticiasradioreflejos.com.ar\/2021\/wp-json\/wp\/v2\/comments?post=100406"}],"version-history":[{"count":2,"href":"https:\/\/www.noticiasradioreflejos.com.ar\/2021\/wp-json\/wp\/v2\/posts\/100406\/revisions"}],"predecessor-version":[{"id":100431,"href":"https:\/\/www.noticiasradioreflejos.com.ar\/2021\/wp-json\/wp\/v2\/posts\/100406\/revisions\/100431"}],"wp:featuredmedia":[{"embeddable":true,"href":"https:\/\/www.noticiasradioreflejos.com.ar\/2021\/wp-json\/wp\/v2\/media\/100430"}],"wp:attachment":[{"href":"https:\/\/www.noticiasradioreflejos.com.ar\/2021\/wp-json\/wp\/v2\/media?parent=100406"}],"wp:term":[{"taxonomy":"category","embeddable":true,"href":"https:\/\/www.noticiasradioreflejos.com.ar\/2021\/wp-json\/wp\/v2\/categories?post=100406"},{"taxonomy":"post_tag","embeddable":true,"href":"https:\/\/www.noticiasradioreflejos.com.ar\/2021\/wp-json\/wp\/v2\/tags?post=100406"}],"curies":[{"name":"wp","href":"https:\/\/api.w.org\/{rel}","templated":true}]}}