{"id":100396,"date":"2024-03-21T10:39:19","date_gmt":"2024-03-21T13:39:19","guid":{"rendered":"https:\/\/www.noticiasradioreflejos.com.ar\/2021\/?p=100396"},"modified":"2024-03-21T11:12:53","modified_gmt":"2024-03-21T14:12:53","slug":"8-de-cada-10-personas-con-enfermedades-autoinmunes-son-mujeres","status":"publish","type":"post","link":"https:\/\/www.noticiasradioreflejos.com.ar\/2021\/8-de-cada-10-personas-con-enfermedades-autoinmunes-son-mujeres\/","title":{"rendered":"8 de cada 10 personas con enfermedades autoinmunes son mujeres."},"content":{"rendered":"<p>La sintomatolog\u00eda, com\u00fan a otros padecimientos m\u00e1s frecuentes, suele subestimarse o adjudicarse a enfermedades psicosom\u00e1ticas, por lo cual, el diagn\u00f3stico tarda a\u00f1os en precisarse.<!--more--><\/p>\n<div class=\"article-body\" data-tadevel-template=\"web\/article-body\">\n<div class=\"article-body-content\">\n<p>Fatiga severa, dolores cr\u00f3nicos, problemas de sue\u00f1o, cambios\u00a0\u00a0repentinos de \u00e1nimo, falta de deseo sexual, son s\u00edntomas con los que miles de personas conviven d\u00eda a d\u00eda y que muchas veces son\u00a0incomprendidos porque, frente a la mirada del otro, no se ven. A pesar de no ser perceptibles, pueden ser<strong> se\u00f1ales de alerta de un diagn\u00f3stico d\u00e9<\/strong><strong>\u00a0enfermedad autoinmune no detectado.<\/strong><\/p>\n<p><strong>Del 8% de la poblaci\u00f3n mundial que padece alguna enfermedad autoinmune, el 78%<\/strong><strong>son mujeres.<\/strong>\u00a0Lupus, artritis reumatoidea, tiroiditis de Hashimoto, psoriasis,\u00a0\u00a0esclerodermia, Crohn, miastenia gravis, esclerosis m\u00faltiple suelen ser las m\u00e1s\u00a0\u00a0prevalentes dentro de las m\u00e1s de 100 identificadas hasta el momento por la\u00a0\u00a0Asociaci\u00f3n Estadounidense de Enfermedades vinculadas con la Autoinmunidad (AARDA, por su sigla en ingl\u00e9s).<\/p>\n<p><strong>Las enfermedades autoinmunes comienzan a manifestarse con s\u00edntomas comunes a<\/strong><strong>otras condiciones m\u00e9dicas m\u00e1s frecuentes<\/strong>: estar m\u00e1s cansad de lo habitual, presentar cambios de \u00e1nimo repentinos, problemas para conciliar el sue\u00f1o e, incluso, falta de deseo sexual. A simple vista, pueden adjudicarse a un estado de tensi\u00f3n y\u00a0\u00a0estr\u00e9s, sin embargo, esta sintomatolog\u00eda tambi\u00e9n puede indicar un trastorno\u00a0\u00a0subyacente, que llega a demorar a\u00f1os en diagnosticarse..<\/p>\n<h4>El rol de las hormonas<\/h4>\n<p><strong>La ciencia estudia por qu\u00e9 el sistema inmunol\u00f3gico femenino ataca a sus propias c\u00e9lulas y tejidos como si fueran un agente pat\u00f3geno externo<\/strong>. \u00bfA qu\u00e9 se debe que algunas mujeres pierden tolerancia con su propia piel, la tiroides, el ri\u00f1\u00f3n, el cerebro o\u00a0\u00a0los vasos sangu\u00edneos y los atacan con todo su arsenal defensivo?<\/p>\n<p>Esta pregunta condujo a inmun\u00f3logos y reumat\u00f3logos a estudiar los mecanismos que llevan a\u00a0<strong>la fabricaci\u00f3n de autoanticuerpos\u00a0<\/strong>y a la liberaci\u00f3n\u00a0descontrolada de prote\u00ednas defensivas inflamatorias (citoquinas) en las personas\u00a0\u00a0que padecen enfermedades autoinmunes.<\/p>\n<p>Si bien todav\u00eda hay cuestiones envueltas en el misterio<strong>, se produjeron muchos avances<\/strong><strong>\u00a0en los \u00faltimos tiempos<\/strong>. Por lo pronto, los cient\u00edficos descubrieron anomal\u00edas\u00a0\u00a0en ciertos genes, en uno de los cromosomas X que portan las mujeres, y en las\u00a0\u00a0se\u00f1ales que env\u00edan los linfocitos y otras c\u00e9lulas defensivas del organismo.<\/p>\n<p>Adem\u00e1s, determinaron que<strong> ciertos est\u00edmulos ambientales -como la exposici\u00f3n a\u00a0<\/strong><strong>agentes infecciosos, el exceso de sol y el tabaco- son disparadores de algunas enfermedades<\/strong><strong>\u00a0autoinmunes<\/strong>. Pero son las hormonas sexuales -principalmente el\u00a0\u00a0estr\u00f3geno, pero a veces tambi\u00e9n la progesterona- las que parecen incidir m\u00e1s\u00a0\u00a0fuertemente en la manifestaci\u00f3n de ciertas enfermedades autoinmunes en las\u00a0\u00a0mujeres.<\/p>\n<p><strong>La relaci\u00f3n entre las hormonas sexuales femeninas y el sistema inmunol\u00f3gico\u00a0<\/strong>es\u00a0\u00a0compleja y variable. Algunas c\u00e9lulas defensivas, como los linfocitos B y T, tienen\u00a0\u00a0receptores para hormonas sexuales y, ante una infecci\u00f3n por un virus o una bacteria, el estr\u00f3geno puede disparar reacciones defensivas poderosas en las\u00a0\u00a0mujeres, generando gran cantidad de anticuerpos y proliferaci\u00f3n de linfocitos.<\/p>\n<p>El problema es que, al resolverse esa infecci\u00f3n, el sistema inmunol\u00f3gico de algunas\u00a0\u00a0mujeres contin\u00faa reaccionado desproporcionadamente, ahora contra las c\u00e9lulas y\u00a0\u00a0tejidos de su propio organismo, dando lugar a una enfermedad autoinmune. Se podr\u00eda decir que el sistema inmunol\u00f3gico de estas mujeres se torna intolerante\u00a0\u00a0contra ella misma debido a la estimulaci\u00f3n excesiva del estr\u00f3geno, o a la falta de\u00a0\u00a0estr\u00f3geno y el exceso de progesterona<\/p>\n<p>En este marco,<strong> la investigaci\u00f3n cient\u00edfica resulta esencial para descubrir nuevos<\/strong><strong> tratamientos para este tipo de afecciones. En<\/strong><strong>\u00a0www.unensayoparami.org, el primer buscador en espa\u00f1ol de ensayos cl\u00ednicos para Latinoam\u00e9rica, se encuentra informaci\u00f3n clara y accesible<\/strong><strong>\u00a0<\/strong>sobre ensayos cl\u00ednicos disponibles en Argentina para\u00a0\u00a0enfermedades autoinmunes, que podr\u00edan ayudar a mejorar la calidad\u00a0\u00a0de vida de las personas que las padecen, controlando los s\u00edntomas.<\/p>\n<\/div>\n<\/div>\n<p><strong>Fuente NA<\/strong><\/p>\n","protected":false},"excerpt":{"rendered":"<p>La sintomatolog\u00eda, com\u00fan a otros padecimientos m\u00e1s frecuentes, suele subestimarse o adjudicarse a enfermedades psicosom\u00e1ticas, por lo cual, el diagn\u00f3stico tarda a\u00f1os en precisarse.<\/p>\n","protected":false},"author":3,"featured_media":0,"comment_status":"closed","ping_status":"closed","sticky":false,"template":"","format":"standard","meta":{"footnotes":""},"categories":[30],"tags":[],"class_list":["post-100396","post","type-post","status-publish","format-standard","hentry","category-salud"],"yoast_head":"<!-- This site is optimized with the Yoast SEO plugin v25.9 - https:\/\/yoast.com\/wordpress\/plugins\/seo\/ -->\n<title>8 de cada 10 personas con enfermedades autoinmunes son mujeres. - Noticias Radio Reflejos<\/title>\n<meta name=\"robots\" content=\"index, follow, max-snippet:-1, max-image-preview:large, max-video-preview:-1\" \/>\n<link rel=\"canonical\" href=\"https:\/\/www.noticiasradioreflejos.com.ar\/2021\/8-de-cada-10-personas-con-enfermedades-autoinmunes-son-mujeres\/\" \/>\n<meta property=\"og:locale\" content=\"es_ES\" \/>\n<meta property=\"og:type\" content=\"article\" \/>\n<meta property=\"og:title\" content=\"8 de cada 10 personas con enfermedades autoinmunes son mujeres. - Noticias Radio Reflejos\" \/>\n<meta property=\"og:description\" content=\"La sintomatolog\u00eda, com\u00fan a otros padecimientos m\u00e1s frecuentes, suele subestimarse o adjudicarse a enfermedades psicosom\u00e1ticas, por lo cual, el diagn\u00f3stico tarda a\u00f1os en precisarse.\" \/>\n<meta property=\"og:url\" content=\"https:\/\/www.noticiasradioreflejos.com.ar\/2021\/8-de-cada-10-personas-con-enfermedades-autoinmunes-son-mujeres\/\" \/>\n<meta property=\"og:site_name\" content=\"Noticias Radio Reflejos\" \/>\n<meta property=\"article:published_time\" content=\"2024-03-21T13:39:19+00:00\" \/>\n<meta property=\"article:modified_time\" content=\"2024-03-21T14:12:53+00:00\" \/>\n<meta property=\"og:image\" content=\"https:\/\/www.noticiasradioreflejos.com.ar\/2021\/wp-content\/uploads\/2021\/07\/logosol300x200.png\" \/>\n\t<meta property=\"og:image:width\" content=\"300\" \/>\n\t<meta property=\"og:image:height\" content=\"200\" \/>\n\t<meta property=\"og:image:type\" content=\"image\/png\" \/>\n<meta name=\"author\" content=\"Arnaldo Botto\" \/>\n<meta name=\"twitter:card\" content=\"summary_large_image\" \/>\n<script type=\"application\/ld+json\" class=\"yoast-schema-graph\">{\"@context\":\"https:\/\/schema.org\",\"@graph\":[{\"@type\":\"WebPage\",\"@id\":\"https:\/\/www.noticiasradioreflejos.com.ar\/2021\/8-de-cada-10-personas-con-enfermedades-autoinmunes-son-mujeres\/\",\"url\":\"https:\/\/www.noticiasradioreflejos.com.ar\/2021\/8-de-cada-10-personas-con-enfermedades-autoinmunes-son-mujeres\/\",\"name\":\"8 de cada 10 personas con enfermedades autoinmunes son mujeres. - Noticias Radio Reflejos\",\"isPartOf\":{\"@id\":\"https:\/\/www.noticiasradioreflejos.com.ar\/2021\/#website\"},\"datePublished\":\"2024-03-21T13:39:19+00:00\",\"dateModified\":\"2024-03-21T14:12:53+00:00\",\"author\":{\"@id\":\"https:\/\/www.noticiasradioreflejos.com.ar\/2021\/#\/schema\/person\/ad82545263dcc5ec0996818884fd5fb1\"},\"breadcrumb\":{\"@id\":\"https:\/\/www.noticiasradioreflejos.com.ar\/2021\/8-de-cada-10-personas-con-enfermedades-autoinmunes-son-mujeres\/#breadcrumb\"},\"inLanguage\":\"es\",\"potentialAction\":[{\"@type\":\"ReadAction\",\"target\":[\"https:\/\/www.noticiasradioreflejos.com.ar\/2021\/8-de-cada-10-personas-con-enfermedades-autoinmunes-son-mujeres\/\"]}]},{\"@type\":\"BreadcrumbList\",\"@id\":\"https:\/\/www.noticiasradioreflejos.com.ar\/2021\/8-de-cada-10-personas-con-enfermedades-autoinmunes-son-mujeres\/#breadcrumb\",\"itemListElement\":[{\"@type\":\"ListItem\",\"position\":1,\"name\":\"Portada\",\"item\":\"https:\/\/www.noticiasradioreflejos.com.ar\/2021\/\"},{\"@type\":\"ListItem\",\"position\":2,\"name\":\"8 de cada 10 personas con enfermedades autoinmunes son mujeres.\"}]},{\"@type\":\"WebSite\",\"@id\":\"https:\/\/www.noticiasradioreflejos.com.ar\/2021\/#website\",\"url\":\"https:\/\/www.noticiasradioreflejos.com.ar\/2021\/\",\"name\":\"Noticias Radio Reflejos\",\"description\":\"Las noticias de mi comarca\",\"potentialAction\":[{\"@type\":\"SearchAction\",\"target\":{\"@type\":\"EntryPoint\",\"urlTemplate\":\"https:\/\/www.noticiasradioreflejos.com.ar\/2021\/?s={search_term_string}\"},\"query-input\":{\"@type\":\"PropertyValueSpecification\",\"valueRequired\":true,\"valueName\":\"search_term_string\"}}],\"inLanguage\":\"es\"},{\"@type\":\"Person\",\"@id\":\"https:\/\/www.noticiasradioreflejos.com.ar\/2021\/#\/schema\/person\/ad82545263dcc5ec0996818884fd5fb1\",\"name\":\"Arnaldo Botto\",\"image\":{\"@type\":\"ImageObject\",\"inLanguage\":\"es\",\"@id\":\"https:\/\/www.noticiasradioreflejos.com.ar\/2021\/#\/schema\/person\/image\/\",\"url\":\"https:\/\/secure.gravatar.com\/avatar\/55cb5e37c1efa326397366e6974cb338056df65cb50e7d64d1cf314e87504837?s=96&d=mm&r=g\",\"contentUrl\":\"https:\/\/secure.gravatar.com\/avatar\/55cb5e37c1efa326397366e6974cb338056df65cb50e7d64d1cf314e87504837?s=96&d=mm&r=g\",\"caption\":\"Arnaldo Botto\"},\"url\":\"https:\/\/www.noticiasradioreflejos.com.ar\/2021\/author\/arnaldo\/\"}]}<\/script>\n<!-- \/ Yoast SEO plugin. -->","yoast_head_json":{"title":"8 de cada 10 personas con enfermedades autoinmunes son mujeres. - Noticias Radio Reflejos","robots":{"index":"index","follow":"follow","max-snippet":"max-snippet:-1","max-image-preview":"max-image-preview:large","max-video-preview":"max-video-preview:-1"},"canonical":"https:\/\/www.noticiasradioreflejos.com.ar\/2021\/8-de-cada-10-personas-con-enfermedades-autoinmunes-son-mujeres\/","og_locale":"es_ES","og_type":"article","og_title":"8 de cada 10 personas con enfermedades autoinmunes son mujeres. - Noticias Radio Reflejos","og_description":"La sintomatolog\u00eda, com\u00fan a otros padecimientos m\u00e1s frecuentes, suele subestimarse o adjudicarse a enfermedades psicosom\u00e1ticas, por lo cual, el diagn\u00f3stico tarda a\u00f1os en precisarse.","og_url":"https:\/\/www.noticiasradioreflejos.com.ar\/2021\/8-de-cada-10-personas-con-enfermedades-autoinmunes-son-mujeres\/","og_site_name":"Noticias Radio Reflejos","article_published_time":"2024-03-21T13:39:19+00:00","article_modified_time":"2024-03-21T14:12:53+00:00","og_image":[{"width":300,"height":200,"url":"https:\/\/www.noticiasradioreflejos.com.ar\/2021\/wp-content\/uploads\/2021\/07\/logosol300x200.png","type":"image\/png"}],"author":"Arnaldo Botto","twitter_card":"summary_large_image","schema":{"@context":"https:\/\/schema.org","@graph":[{"@type":"WebPage","@id":"https:\/\/www.noticiasradioreflejos.com.ar\/2021\/8-de-cada-10-personas-con-enfermedades-autoinmunes-son-mujeres\/","url":"https:\/\/www.noticiasradioreflejos.com.ar\/2021\/8-de-cada-10-personas-con-enfermedades-autoinmunes-son-mujeres\/","name":"8 de cada 10 personas con enfermedades autoinmunes son mujeres. - Noticias Radio Reflejos","isPartOf":{"@id":"https:\/\/www.noticiasradioreflejos.com.ar\/2021\/#website"},"datePublished":"2024-03-21T13:39:19+00:00","dateModified":"2024-03-21T14:12:53+00:00","author":{"@id":"https:\/\/www.noticiasradioreflejos.com.ar\/2021\/#\/schema\/person\/ad82545263dcc5ec0996818884fd5fb1"},"breadcrumb":{"@id":"https:\/\/www.noticiasradioreflejos.com.ar\/2021\/8-de-cada-10-personas-con-enfermedades-autoinmunes-son-mujeres\/#breadcrumb"},"inLanguage":"es","potentialAction":[{"@type":"ReadAction","target":["https:\/\/www.noticiasradioreflejos.com.ar\/2021\/8-de-cada-10-personas-con-enfermedades-autoinmunes-son-mujeres\/"]}]},{"@type":"BreadcrumbList","@id":"https:\/\/www.noticiasradioreflejos.com.ar\/2021\/8-de-cada-10-personas-con-enfermedades-autoinmunes-son-mujeres\/#breadcrumb","itemListElement":[{"@type":"ListItem","position":1,"name":"Portada","item":"https:\/\/www.noticiasradioreflejos.com.ar\/2021\/"},{"@type":"ListItem","position":2,"name":"8 de cada 10 personas con enfermedades autoinmunes son mujeres."}]},{"@type":"WebSite","@id":"https:\/\/www.noticiasradioreflejos.com.ar\/2021\/#website","url":"https:\/\/www.noticiasradioreflejos.com.ar\/2021\/","name":"Noticias Radio Reflejos","description":"Las noticias de mi comarca","potentialAction":[{"@type":"SearchAction","target":{"@type":"EntryPoint","urlTemplate":"https:\/\/www.noticiasradioreflejos.com.ar\/2021\/?s={search_term_string}"},"query-input":{"@type":"PropertyValueSpecification","valueRequired":true,"valueName":"search_term_string"}}],"inLanguage":"es"},{"@type":"Person","@id":"https:\/\/www.noticiasradioreflejos.com.ar\/2021\/#\/schema\/person\/ad82545263dcc5ec0996818884fd5fb1","name":"Arnaldo Botto","image":{"@type":"ImageObject","inLanguage":"es","@id":"https:\/\/www.noticiasradioreflejos.com.ar\/2021\/#\/schema\/person\/image\/","url":"https:\/\/secure.gravatar.com\/avatar\/55cb5e37c1efa326397366e6974cb338056df65cb50e7d64d1cf314e87504837?s=96&d=mm&r=g","contentUrl":"https:\/\/secure.gravatar.com\/avatar\/55cb5e37c1efa326397366e6974cb338056df65cb50e7d64d1cf314e87504837?s=96&d=mm&r=g","caption":"Arnaldo Botto"},"url":"https:\/\/www.noticiasradioreflejos.com.ar\/2021\/author\/arnaldo\/"}]}},"_links":{"self":[{"href":"https:\/\/www.noticiasradioreflejos.com.ar\/2021\/wp-json\/wp\/v2\/posts\/100396","targetHints":{"allow":["GET"]}}],"collection":[{"href":"https:\/\/www.noticiasradioreflejos.com.ar\/2021\/wp-json\/wp\/v2\/posts"}],"about":[{"href":"https:\/\/www.noticiasradioreflejos.com.ar\/2021\/wp-json\/wp\/v2\/types\/post"}],"author":[{"embeddable":true,"href":"https:\/\/www.noticiasradioreflejos.com.ar\/2021\/wp-json\/wp\/v2\/users\/3"}],"replies":[{"embeddable":true,"href":"https:\/\/www.noticiasradioreflejos.com.ar\/2021\/wp-json\/wp\/v2\/comments?post=100396"}],"version-history":[{"count":3,"href":"https:\/\/www.noticiasradioreflejos.com.ar\/2021\/wp-json\/wp\/v2\/posts\/100396\/revisions"}],"predecessor-version":[{"id":100402,"href":"https:\/\/www.noticiasradioreflejos.com.ar\/2021\/wp-json\/wp\/v2\/posts\/100396\/revisions\/100402"}],"wp:attachment":[{"href":"https:\/\/www.noticiasradioreflejos.com.ar\/2021\/wp-json\/wp\/v2\/media?parent=100396"}],"wp:term":[{"taxonomy":"category","embeddable":true,"href":"https:\/\/www.noticiasradioreflejos.com.ar\/2021\/wp-json\/wp\/v2\/categories?post=100396"},{"taxonomy":"post_tag","embeddable":true,"href":"https:\/\/www.noticiasradioreflejos.com.ar\/2021\/wp-json\/wp\/v2\/tags?post=100396"}],"curies":[{"name":"wp","href":"https:\/\/api.w.org\/{rel}","templated":true}]}}