{"id":100371,"date":"2024-03-20T16:33:57","date_gmt":"2024-03-20T19:33:57","guid":{"rendered":"https:\/\/www.noticiasradioreflejos.com.ar\/2021\/?p=100371"},"modified":"2024-03-20T16:33:57","modified_gmt":"2024-03-20T19:33:57","slug":"inscripcion-2024-listado-3-del-programa-fines","status":"publish","type":"post","link":"https:\/\/www.noticiasradioreflejos.com.ar\/2021\/inscripcion-2024-listado-3-del-programa-fines\/","title":{"rendered":"Inscripci\u00f3n 2024: listado 3 del Programa \u201cFINES \u201d"},"content":{"rendered":"<p><span style=\"color: #000000;\">La Secretaria de Asuntos Docentes de Tornquist informa que, se proceder\u00e1 a la difusi\u00f3n e inscripci\u00f3n de aspirantes al LISTADO 3 seg\u00fan el orden de m\u00e9rito, establecido en la RESOL. 115\/16:\u00a0<\/span><\/p>\n<p>&nbsp;<\/p>\n<ol>\n<li><span style=\"color: #000000;\">\u00a0Estudiantes de carreras docentes habilitantes para el cargo al que aspire, con menos del 50%.<\/span><\/li>\n<li><span style=\"color: #000000;\">\u00a0Docentes excedidos\/as en edad con t\u00edtulo habilitante, hasta 65 a\u00f1os de edad.\u00a0<\/span><\/li>\n<li><span style=\"color: #000000;\">\u00a0Docentes jubilados\/as con t\u00edtulo habilitante, hasta 65 a\u00f1os de edad.\u00a0<\/span><\/li>\n<li><span style=\"color: #000000;\">\u00a0Profesionales o T\u00e9cnicos\/as con m\u00e1s del 50% de la carrera, sin capacitaci\u00f3n docente\u00a0<\/span><\/li>\n<\/ol>\n<p>&nbsp;<\/p>\n<p><span style=\"color: #000000;\">Fecha de Difusi\u00f3n e inscripci\u00f3n: 20 al 26 de Marzo de 2024\u00a0<\/span><\/p>\n<p>El orden de m\u00e9rito estar\u00e1 a cargo de la Comisi\u00f3n\u00a0evaluadora integrada por:<\/p>\n<p>&nbsp;<\/p>\n<ul>\n<li>Coordinadora Distrital de Fines,Prof. Ludmila Becker<\/li>\n<li>SAD de TORNQUIST : Paula\u00a0Mu\u00f1oz<\/li>\n<li><span style=\"color: #000000;\">Inspectora Jefe Distrital : Lic. Marcela Gimenez<\/span><\/li>\n<\/ul>\n<p>&nbsp;<\/p>\n<p><span style=\"color: #000000;\">La inscripci\u00f3n ser\u00e1 totalmente virtual a trav\u00e9s del mail:\u00a0<a href=\"mailto:sad105inscripciones@gmail.com\" target=\"_blank\" rel=\"noopener\">sad105inscripciones@gmail.com<\/a><\/span><\/p>\n<p><u>DOCUMENTACI\u00d3N A PRESENTAR:<\/u><\/p>\n<p>En todos los listados en los que aspire ingresar el docente, se deber\u00e1 presentar:<br \/>\n\u2013 Planilla de declaraci\u00f3n Jurada:\u00a0<a href=\"https:\/\/drive.google.com\/file\/d\/1u59_z6V58L7kyV1LVCLXElOCeodVVQtY\/view?usp=drive_link\" target=\"_blank\" rel=\"noopener\" data-saferedirecturl=\"https:\/\/www.google.com\/url?q=https:\/\/drive.google.com\/file\/d\/1u59_z6V58L7kyV1LVCLXElOCeodVVQtY\/view?usp%3Ddrive_link&amp;source=gmail&amp;ust=1711048006995000&amp;usg=AOvVaw0XQPvFj-r_HleZTPF-fkHL\">https:\/\/drive.google.com\/file\/<wbr \/>d\/1u59_<wbr \/>z6V58L7kyV1LVCLXElOCeodVVQtY\/<wbr \/>view?usp=drive_link<\/a><br \/>\n\u2013 Fotocopia de DNI, anverso y reverso.<\/p>\n<p><u>TITULOS HABILITANTES<\/u><\/p>\n<p>\u2013 Fotocopia del t\u00edtulo habilitante, registrado en la D.G.C. y E.<br \/>\nEn los distritos en que no sea viable el registro de los t\u00edtulos, por encontrarse cerrado el Consejo Escolar correspondiente, se considerar\u00e1 a todos los efectos la Declaraci\u00f3n Jurada del docente.<\/p>\n<p>\u2013 Fotocopia del t\u00edtulo secundario, registrado en la D.G.C. y E. (s\u00f3lo en los casos que su condici\u00f3n de t\u00edtulo lo requiera)<\/p>\n<p>&nbsp;<\/p>\n<p>\u2013 Constancia de t\u00edtulo en Tr\u00e1mite o certificado de alumno regular actualizado al momento de la inscripci\u00f3n donde se especifique la actualizaci\u00f3n (porcentaje) de las \u00faltimas materias aprobada<\/p>\n<p><span style=\"color: #000000;\">Toda la documentaci\u00f3n probatoria deber\u00e1 estar escaneada en un solo archivo PDF al momento de adjuntarse (En el caso de ser ilegible o estar incompleta, se anular\u00e1 la inscripci\u00f3n).\u00a0<\/span><\/p>\n<p>&nbsp;<\/p>\n<p style=\"margin: 12px auto 6px auto; font-family: Helvetica,Arial,Sans-serif; font-style: normal; font-variant: normal; font-weight: normal; font-size: 14px; line-height: normal; font-size-adjust: none; font-stretch: normal; -x-system-font: none; display: block;\"><a style=\"text-decoration: underline;\" title=\"View DDJJ Inscripci\u00f3n Emergencia on Scribd\" href=\"https:\/\/www.scribd.com\/document\/715416541\/DDJJ-Inscripcion-Emergencia#from_embed\">DDJJ Inscripci\u00f3n Emergencia<\/a> by <a style=\"text-decoration: underline;\" title=\"View FM Reflejos Sierra de la Ventana's profile on Scribd\" href=\"https:\/\/es.scribd.com\/user\/128459674\/FM-Reflejos-Sierra-de-la-Ventana#from_embed\">FM Reflejos Sierra de la Ventana<\/a> on Scribd<\/p>\n<p><iframe loading=\"lazy\" id=\"doc_94810\" class=\"scribd_iframe_embed\" title=\"DDJJ Inscripci\u00f3n Emergencia\" src=\"https:\/\/es.scribd.com\/embeds\/715416541\/content?start_page=1&amp;view_mode=scroll&amp;access_key=key-iwJNcWdb8xZowN5Zvqp6\" width=\"100%\" height=\"600\" frameborder=\"0\" scrolling=\"no\" data-auto-height=\"true\" data-aspect-ratio=\"0.7050078247261345\"><\/iframe><script type=\"text\/javascript\">(function() { var scribd = document.createElement(\"script\"); scribd.type = \"text\/javascript\"; scribd.async = true; scribd.src = \"https:\/\/es.scribd.com\/javascripts\/embed_code\/inject.js\"; var s = document.getElementsByTagName(\"script\")[0]; s.parentNode.insertBefore(scribd, s); })();<\/script><br \/>\n&nbsp;<\/p>\n","protected":false},"excerpt":{"rendered":"<p>La Secretaria de Asuntos Docentes de Tornquist informa que, se proceder\u00e1 a la difusi\u00f3n e inscripci\u00f3n de aspirantes al LISTADO 3 seg\u00fan el orden de m\u00e9rito, establecido en la RESOL. 115\/16:\u00a0 &nbsp; \u00a0Estudiantes de carreras docentes habilitantes para el cargo al que aspire, con menos del 50%. \u00a0Docentes excedidos\/as en edad con t\u00edtulo habilitante, hasta [&hellip;]<\/p>\n","protected":false},"author":3,"featured_media":55301,"comment_status":"closed","ping_status":"closed","sticky":false,"template":"","format":"standard","meta":{"footnotes":""},"categories":[34],"tags":[],"class_list":["post-100371","post","type-post","status-publish","format-standard","has-post-thumbnail","hentry","category-educacion"],"yoast_head":"<!-- This site is optimized with the Yoast SEO plugin v25.9 - https:\/\/yoast.com\/wordpress\/plugins\/seo\/ -->\n<title>Inscripci\u00f3n 2024: listado 3 del Programa \u201cFINES \u201d - Noticias Radio Reflejos<\/title>\n<meta name=\"robots\" content=\"index, follow, max-snippet:-1, max-image-preview:large, max-video-preview:-1\" \/>\n<link rel=\"canonical\" href=\"https:\/\/www.noticiasradioreflejos.com.ar\/2021\/inscripcion-2024-listado-3-del-programa-fines\/\" \/>\n<meta property=\"og:locale\" content=\"es_ES\" \/>\n<meta property=\"og:type\" content=\"article\" \/>\n<meta property=\"og:title\" content=\"Inscripci\u00f3n 2024: listado 3 del Programa \u201cFINES \u201d - Noticias Radio Reflejos\" \/>\n<meta property=\"og:description\" content=\"La Secretaria de Asuntos Docentes de Tornquist informa que, se proceder\u00e1 a la difusi\u00f3n e inscripci\u00f3n de aspirantes al LISTADO 3 seg\u00fan el orden de m\u00e9rito, establecido en la RESOL. 115\/16:\u00a0 &nbsp; \u00a0Estudiantes de carreras docentes habilitantes para el cargo al que aspire, con menos del 50%. \u00a0Docentes excedidos\/as en edad con t\u00edtulo habilitante, hasta [&hellip;]\" \/>\n<meta property=\"og:url\" content=\"https:\/\/www.noticiasradioreflejos.com.ar\/2021\/inscripcion-2024-listado-3-del-programa-fines\/\" \/>\n<meta property=\"og:site_name\" content=\"Noticias Radio Reflejos\" \/>\n<meta property=\"article:published_time\" content=\"2024-03-20T19:33:57+00:00\" \/>\n<meta property=\"og:image\" content=\"https:\/\/www.noticiasradioreflejos.com.ar\/2021\/wp-content\/uploads\/2021\/04\/fines.jpg\" \/>\n\t<meta property=\"og:image:width\" content=\"950\" \/>\n\t<meta property=\"og:image:height\" content=\"500\" \/>\n\t<meta property=\"og:image:type\" content=\"image\/jpeg\" \/>\n<meta name=\"author\" content=\"Arnaldo Botto\" \/>\n<meta name=\"twitter:card\" content=\"summary_large_image\" \/>\n<script type=\"application\/ld+json\" class=\"yoast-schema-graph\">{\"@context\":\"https:\/\/schema.org\",\"@graph\":[{\"@type\":\"WebPage\",\"@id\":\"https:\/\/www.noticiasradioreflejos.com.ar\/2021\/inscripcion-2024-listado-3-del-programa-fines\/\",\"url\":\"https:\/\/www.noticiasradioreflejos.com.ar\/2021\/inscripcion-2024-listado-3-del-programa-fines\/\",\"name\":\"Inscripci\u00f3n 2024: listado 3 del Programa \u201cFINES \u201d - Noticias Radio Reflejos\",\"isPartOf\":{\"@id\":\"https:\/\/www.noticiasradioreflejos.com.ar\/2021\/#website\"},\"primaryImageOfPage\":{\"@id\":\"https:\/\/www.noticiasradioreflejos.com.ar\/2021\/inscripcion-2024-listado-3-del-programa-fines\/#primaryimage\"},\"image\":{\"@id\":\"https:\/\/www.noticiasradioreflejos.com.ar\/2021\/inscripcion-2024-listado-3-del-programa-fines\/#primaryimage\"},\"thumbnailUrl\":\"https:\/\/www.noticiasradioreflejos.com.ar\/2021\/wp-content\/uploads\/2021\/04\/fines.jpg\",\"datePublished\":\"2024-03-20T19:33:57+00:00\",\"author\":{\"@id\":\"https:\/\/www.noticiasradioreflejos.com.ar\/2021\/#\/schema\/person\/ad82545263dcc5ec0996818884fd5fb1\"},\"breadcrumb\":{\"@id\":\"https:\/\/www.noticiasradioreflejos.com.ar\/2021\/inscripcion-2024-listado-3-del-programa-fines\/#breadcrumb\"},\"inLanguage\":\"es\",\"potentialAction\":[{\"@type\":\"ReadAction\",\"target\":[\"https:\/\/www.noticiasradioreflejos.com.ar\/2021\/inscripcion-2024-listado-3-del-programa-fines\/\"]}]},{\"@type\":\"ImageObject\",\"inLanguage\":\"es\",\"@id\":\"https:\/\/www.noticiasradioreflejos.com.ar\/2021\/inscripcion-2024-listado-3-del-programa-fines\/#primaryimage\",\"url\":\"https:\/\/www.noticiasradioreflejos.com.ar\/2021\/wp-content\/uploads\/2021\/04\/fines.jpg\",\"contentUrl\":\"https:\/\/www.noticiasradioreflejos.com.ar\/2021\/wp-content\/uploads\/2021\/04\/fines.jpg\",\"width\":950,\"height\":500},{\"@type\":\"BreadcrumbList\",\"@id\":\"https:\/\/www.noticiasradioreflejos.com.ar\/2021\/inscripcion-2024-listado-3-del-programa-fines\/#breadcrumb\",\"itemListElement\":[{\"@type\":\"ListItem\",\"position\":1,\"name\":\"Portada\",\"item\":\"https:\/\/www.noticiasradioreflejos.com.ar\/2021\/\"},{\"@type\":\"ListItem\",\"position\":2,\"name\":\"Inscripci\u00f3n 2024: listado 3 del Programa \u201cFINES \u201d\"}]},{\"@type\":\"WebSite\",\"@id\":\"https:\/\/www.noticiasradioreflejos.com.ar\/2021\/#website\",\"url\":\"https:\/\/www.noticiasradioreflejos.com.ar\/2021\/\",\"name\":\"Noticias Radio Reflejos\",\"description\":\"Las noticias de mi comarca\",\"potentialAction\":[{\"@type\":\"SearchAction\",\"target\":{\"@type\":\"EntryPoint\",\"urlTemplate\":\"https:\/\/www.noticiasradioreflejos.com.ar\/2021\/?s={search_term_string}\"},\"query-input\":{\"@type\":\"PropertyValueSpecification\",\"valueRequired\":true,\"valueName\":\"search_term_string\"}}],\"inLanguage\":\"es\"},{\"@type\":\"Person\",\"@id\":\"https:\/\/www.noticiasradioreflejos.com.ar\/2021\/#\/schema\/person\/ad82545263dcc5ec0996818884fd5fb1\",\"name\":\"Arnaldo Botto\",\"image\":{\"@type\":\"ImageObject\",\"inLanguage\":\"es\",\"@id\":\"https:\/\/www.noticiasradioreflejos.com.ar\/2021\/#\/schema\/person\/image\/\",\"url\":\"https:\/\/secure.gravatar.com\/avatar\/55cb5e37c1efa326397366e6974cb338056df65cb50e7d64d1cf314e87504837?s=96&d=mm&r=g\",\"contentUrl\":\"https:\/\/secure.gravatar.com\/avatar\/55cb5e37c1efa326397366e6974cb338056df65cb50e7d64d1cf314e87504837?s=96&d=mm&r=g\",\"caption\":\"Arnaldo Botto\"},\"url\":\"https:\/\/www.noticiasradioreflejos.com.ar\/2021\/author\/arnaldo\/\"}]}<\/script>\n<!-- \/ Yoast SEO plugin. -->","yoast_head_json":{"title":"Inscripci\u00f3n 2024: listado 3 del Programa \u201cFINES \u201d - Noticias Radio Reflejos","robots":{"index":"index","follow":"follow","max-snippet":"max-snippet:-1","max-image-preview":"max-image-preview:large","max-video-preview":"max-video-preview:-1"},"canonical":"https:\/\/www.noticiasradioreflejos.com.ar\/2021\/inscripcion-2024-listado-3-del-programa-fines\/","og_locale":"es_ES","og_type":"article","og_title":"Inscripci\u00f3n 2024: listado 3 del Programa \u201cFINES \u201d - Noticias Radio Reflejos","og_description":"La Secretaria de Asuntos Docentes de Tornquist informa que, se proceder\u00e1 a la difusi\u00f3n e inscripci\u00f3n de aspirantes al LISTADO 3 seg\u00fan el orden de m\u00e9rito, establecido en la RESOL. 115\/16:\u00a0 &nbsp; \u00a0Estudiantes de carreras docentes habilitantes para el cargo al que aspire, con menos del 50%. \u00a0Docentes excedidos\/as en edad con t\u00edtulo habilitante, hasta [&hellip;]","og_url":"https:\/\/www.noticiasradioreflejos.com.ar\/2021\/inscripcion-2024-listado-3-del-programa-fines\/","og_site_name":"Noticias Radio Reflejos","article_published_time":"2024-03-20T19:33:57+00:00","og_image":[{"width":950,"height":500,"url":"https:\/\/www.noticiasradioreflejos.com.ar\/2021\/wp-content\/uploads\/2021\/04\/fines.jpg","type":"image\/jpeg"}],"author":"Arnaldo Botto","twitter_card":"summary_large_image","schema":{"@context":"https:\/\/schema.org","@graph":[{"@type":"WebPage","@id":"https:\/\/www.noticiasradioreflejos.com.ar\/2021\/inscripcion-2024-listado-3-del-programa-fines\/","url":"https:\/\/www.noticiasradioreflejos.com.ar\/2021\/inscripcion-2024-listado-3-del-programa-fines\/","name":"Inscripci\u00f3n 2024: listado 3 del Programa \u201cFINES \u201d - Noticias Radio Reflejos","isPartOf":{"@id":"https:\/\/www.noticiasradioreflejos.com.ar\/2021\/#website"},"primaryImageOfPage":{"@id":"https:\/\/www.noticiasradioreflejos.com.ar\/2021\/inscripcion-2024-listado-3-del-programa-fines\/#primaryimage"},"image":{"@id":"https:\/\/www.noticiasradioreflejos.com.ar\/2021\/inscripcion-2024-listado-3-del-programa-fines\/#primaryimage"},"thumbnailUrl":"https:\/\/www.noticiasradioreflejos.com.ar\/2021\/wp-content\/uploads\/2021\/04\/fines.jpg","datePublished":"2024-03-20T19:33:57+00:00","author":{"@id":"https:\/\/www.noticiasradioreflejos.com.ar\/2021\/#\/schema\/person\/ad82545263dcc5ec0996818884fd5fb1"},"breadcrumb":{"@id":"https:\/\/www.noticiasradioreflejos.com.ar\/2021\/inscripcion-2024-listado-3-del-programa-fines\/#breadcrumb"},"inLanguage":"es","potentialAction":[{"@type":"ReadAction","target":["https:\/\/www.noticiasradioreflejos.com.ar\/2021\/inscripcion-2024-listado-3-del-programa-fines\/"]}]},{"@type":"ImageObject","inLanguage":"es","@id":"https:\/\/www.noticiasradioreflejos.com.ar\/2021\/inscripcion-2024-listado-3-del-programa-fines\/#primaryimage","url":"https:\/\/www.noticiasradioreflejos.com.ar\/2021\/wp-content\/uploads\/2021\/04\/fines.jpg","contentUrl":"https:\/\/www.noticiasradioreflejos.com.ar\/2021\/wp-content\/uploads\/2021\/04\/fines.jpg","width":950,"height":500},{"@type":"BreadcrumbList","@id":"https:\/\/www.noticiasradioreflejos.com.ar\/2021\/inscripcion-2024-listado-3-del-programa-fines\/#breadcrumb","itemListElement":[{"@type":"ListItem","position":1,"name":"Portada","item":"https:\/\/www.noticiasradioreflejos.com.ar\/2021\/"},{"@type":"ListItem","position":2,"name":"Inscripci\u00f3n 2024: listado 3 del Programa \u201cFINES \u201d"}]},{"@type":"WebSite","@id":"https:\/\/www.noticiasradioreflejos.com.ar\/2021\/#website","url":"https:\/\/www.noticiasradioreflejos.com.ar\/2021\/","name":"Noticias Radio Reflejos","description":"Las noticias de mi comarca","potentialAction":[{"@type":"SearchAction","target":{"@type":"EntryPoint","urlTemplate":"https:\/\/www.noticiasradioreflejos.com.ar\/2021\/?s={search_term_string}"},"query-input":{"@type":"PropertyValueSpecification","valueRequired":true,"valueName":"search_term_string"}}],"inLanguage":"es"},{"@type":"Person","@id":"https:\/\/www.noticiasradioreflejos.com.ar\/2021\/#\/schema\/person\/ad82545263dcc5ec0996818884fd5fb1","name":"Arnaldo Botto","image":{"@type":"ImageObject","inLanguage":"es","@id":"https:\/\/www.noticiasradioreflejos.com.ar\/2021\/#\/schema\/person\/image\/","url":"https:\/\/secure.gravatar.com\/avatar\/55cb5e37c1efa326397366e6974cb338056df65cb50e7d64d1cf314e87504837?s=96&d=mm&r=g","contentUrl":"https:\/\/secure.gravatar.com\/avatar\/55cb5e37c1efa326397366e6974cb338056df65cb50e7d64d1cf314e87504837?s=96&d=mm&r=g","caption":"Arnaldo Botto"},"url":"https:\/\/www.noticiasradioreflejos.com.ar\/2021\/author\/arnaldo\/"}]}},"_links":{"self":[{"href":"https:\/\/www.noticiasradioreflejos.com.ar\/2021\/wp-json\/wp\/v2\/posts\/100371","targetHints":{"allow":["GET"]}}],"collection":[{"href":"https:\/\/www.noticiasradioreflejos.com.ar\/2021\/wp-json\/wp\/v2\/posts"}],"about":[{"href":"https:\/\/www.noticiasradioreflejos.com.ar\/2021\/wp-json\/wp\/v2\/types\/post"}],"author":[{"embeddable":true,"href":"https:\/\/www.noticiasradioreflejos.com.ar\/2021\/wp-json\/wp\/v2\/users\/3"}],"replies":[{"embeddable":true,"href":"https:\/\/www.noticiasradioreflejos.com.ar\/2021\/wp-json\/wp\/v2\/comments?post=100371"}],"version-history":[{"count":1,"href":"https:\/\/www.noticiasradioreflejos.com.ar\/2021\/wp-json\/wp\/v2\/posts\/100371\/revisions"}],"predecessor-version":[{"id":100372,"href":"https:\/\/www.noticiasradioreflejos.com.ar\/2021\/wp-json\/wp\/v2\/posts\/100371\/revisions\/100372"}],"wp:featuredmedia":[{"embeddable":true,"href":"https:\/\/www.noticiasradioreflejos.com.ar\/2021\/wp-json\/wp\/v2\/media\/55301"}],"wp:attachment":[{"href":"https:\/\/www.noticiasradioreflejos.com.ar\/2021\/wp-json\/wp\/v2\/media?parent=100371"}],"wp:term":[{"taxonomy":"category","embeddable":true,"href":"https:\/\/www.noticiasradioreflejos.com.ar\/2021\/wp-json\/wp\/v2\/categories?post=100371"},{"taxonomy":"post_tag","embeddable":true,"href":"https:\/\/www.noticiasradioreflejos.com.ar\/2021\/wp-json\/wp\/v2\/tags?post=100371"}],"curies":[{"name":"wp","href":"https:\/\/api.w.org\/{rel}","templated":true}]}}