{"id":100358,"date":"2024-03-20T16:27:59","date_gmt":"2024-03-20T19:27:59","guid":{"rendered":"https:\/\/www.noticiasradioreflejos.com.ar\/2021\/?p=100358"},"modified":"2024-03-20T16:27:59","modified_gmt":"2024-03-20T19:27:59","slug":"todo-cambio-y-la-adopcion-se-ve-desde-el-punto-de-vista-de-los-ninos","status":"publish","type":"post","link":"https:\/\/www.noticiasradioreflejos.com.ar\/2021\/todo-cambio-y-la-adopcion-se-ve-desde-el-punto-de-vista-de-los-ninos\/","title":{"rendered":"\u201cTodo cambi\u00f3 y la adopci\u00f3n se ve desde el punto de vista de los ni\u00f1os\u201d"},"content":{"rendered":"<p>La abogada <strong>Paula Goldin<\/strong> explic\u00f3 c\u00f3mo ha cambiado en el \u00faltimo tiempo el sistema de adopci\u00f3n, lo que facilita y agiliza el tr\u00e1mite de dar amor.<!--more--><\/p>\n<p>Esta semana la abogada Paula Goldin explic\u00f3 c\u00f3mo cambi\u00f3 en el \u00faltimo tiempo la acci\u00f3n de adoptar en nuestro pa\u00eds.<\/p>\n<p>Al respecto sostuvo que en su estudio \u201ctenemos muchas adopciones realizadas y varias en tr\u00e1mite. Son procesos judiciales muy placenteros, a veces con algunas complicaciones en el medio, pero en general con a\u00f1adir amor a la vida de otra persona\u201d.<\/p>\n<p>Y en ese sentido acot\u00f3 que \u201ces un tema que en la Argentina ha cambiado para bien, es vista desde un punto de vista m\u00e1s humano. Antes se hablaba de la pobre gente que no puede tener hijos. Hoy todo eso cambi\u00f3 y se ve desde el punto de vista del adoptado. Se eval\u00faa las necesidades del ni\u00f1o\u201d.<\/p>\n<p>Sobre las opciones que hay afirm\u00f3 que \u201cuna es la adopci\u00f3n de integraci\u00f3n; eso me permite adoptar al hijo de mi pareja. Eso lo que hace es sumar al v\u00ednculo que ya tienen. Y despu\u00e9s est\u00e1 la adopci\u00f3n que todos conocemos, que hay que decir que tambi\u00e9n cambi\u00f3\u201d.<\/p>\n<p>Sobre los pasos a dar cont\u00f3 que \u201cpara todos los que quieran adoptar a un ni\u00f1o o ni\u00f1a, antes ten\u00edan que ir juzgado por juzgado, ahora hay un solo registro de aspirantes. Las personas se inscriben y hay pasos que dar\u201d.<\/p>\n<p>Por \u00faltimo agreg\u00f3 que \u201cdurante seis meses la justicia trata de revincular a los ni\u00f1os con su familia de origen. Muchas veces tiene \u00e9xito y otras veces no. Una vez que pasa ese tiempo pasan a estar en estado de adoptabilidad. All\u00ed el juzgado recurre al listado y determina quienes son los candidatos ideales. Hoy por hoy se escucha al ni\u00f1o\u201d.<\/p>\n<p><iframe loading=\"lazy\" width=\"100%\" height=\"166\" scrolling=\"no\" frameborder=\"no\" allow=\"autoplay\" src=\"https:\/\/w.soundcloud.com\/player\/?url=https%3A\/\/api.soundcloud.com\/tracks\/1779862218&#038;color=%23ff5500&#038;auto_play=false&#038;hide_related=false&#038;show_comments=true&#038;show_user=true&#038;show_reposts=false&#038;show_teaser=true\"><\/iframe><\/p>\n<div style=\"font-size: 10px; color: #cccccc;line-break: anywhere;word-break: normal;overflow: hidden;white-space: nowrap;text-overflow: ellipsis; font-family: Interstate,Lucida Grande,Lucida Sans Unicode,Lucida Sans,Garuda,Verdana,Tahoma,sans-serif;font-weight: 100;\"><a href=\"https:\/\/soundcloud.com\/fmreflejos-103-7\" title=\"fmreflejos 103.7\" target=\"_blank\" style=\"color: #cccccc; text-decoration: none;\" rel=\"noopener\">fmreflejos 103.7<\/a> \u00b7 <a href=\"https:\/\/soundcloud.com\/fmreflejos-103-7\/paula-goldin-20-03\" title=\"Paula Goldin 20 - 03\" target=\"_blank\" style=\"color: #cccccc; text-decoration: none;\" rel=\"noopener\">Paula Goldin 20 &#8211; 03<\/a><\/div>\n","protected":false},"excerpt":{"rendered":"<p>La abogada Paula Goldin explic\u00f3 c\u00f3mo ha cambiado en el \u00faltimo tiempo el sistema de adopci\u00f3n, lo que facilita y agiliza el tr\u00e1mite de dar amor.<\/p>\n","protected":false},"author":3,"featured_media":100369,"comment_status":"closed","ping_status":"closed","sticky":false,"template":"","format":"standard","meta":{"footnotes":""},"categories":[57],"tags":[48],"class_list":["post-100358","post","type-post","status-publish","format-standard","has-post-thumbnail","hentry","category-judiciales","tag-destacada"],"yoast_head":"<!-- This site is optimized with the Yoast SEO plugin v25.9 - https:\/\/yoast.com\/wordpress\/plugins\/seo\/ -->\n<title>\u201cTodo cambi\u00f3 y la adopci\u00f3n se ve desde el punto de vista de los ni\u00f1os\u201d - Noticias Radio Reflejos<\/title>\n<meta name=\"robots\" content=\"index, follow, max-snippet:-1, max-image-preview:large, max-video-preview:-1\" \/>\n<link rel=\"canonical\" href=\"https:\/\/www.noticiasradioreflejos.com.ar\/2021\/todo-cambio-y-la-adopcion-se-ve-desde-el-punto-de-vista-de-los-ninos\/\" \/>\n<meta property=\"og:locale\" content=\"es_ES\" \/>\n<meta property=\"og:type\" content=\"article\" \/>\n<meta property=\"og:title\" content=\"\u201cTodo cambi\u00f3 y la adopci\u00f3n se ve desde el punto de vista de los ni\u00f1os\u201d - Noticias Radio Reflejos\" \/>\n<meta property=\"og:description\" content=\"La abogada Paula Goldin explic\u00f3 c\u00f3mo ha cambiado en el \u00faltimo tiempo el sistema de adopci\u00f3n, lo que facilita y agiliza el tr\u00e1mite de dar amor.\" \/>\n<meta property=\"og:url\" content=\"https:\/\/www.noticiasradioreflejos.com.ar\/2021\/todo-cambio-y-la-adopcion-se-ve-desde-el-punto-de-vista-de-los-ninos\/\" \/>\n<meta property=\"og:site_name\" content=\"Noticias Radio Reflejos\" \/>\n<meta property=\"article:published_time\" content=\"2024-03-20T19:27:59+00:00\" \/>\n<meta property=\"og:image\" content=\"https:\/\/www.noticiasradioreflejos.com.ar\/2021\/wp-content\/uploads\/2024\/03\/adopcion.jpg\" \/>\n\t<meta property=\"og:image:width\" content=\"720\" \/>\n\t<meta property=\"og:image:height\" content=\"406\" \/>\n\t<meta property=\"og:image:type\" content=\"image\/jpeg\" \/>\n<meta name=\"author\" content=\"Arnaldo Botto\" \/>\n<meta name=\"twitter:card\" content=\"summary_large_image\" \/>\n<script type=\"application\/ld+json\" class=\"yoast-schema-graph\">{\"@context\":\"https:\/\/schema.org\",\"@graph\":[{\"@type\":\"WebPage\",\"@id\":\"https:\/\/www.noticiasradioreflejos.com.ar\/2021\/todo-cambio-y-la-adopcion-se-ve-desde-el-punto-de-vista-de-los-ninos\/\",\"url\":\"https:\/\/www.noticiasradioreflejos.com.ar\/2021\/todo-cambio-y-la-adopcion-se-ve-desde-el-punto-de-vista-de-los-ninos\/\",\"name\":\"\u201cTodo cambi\u00f3 y la adopci\u00f3n se ve desde el punto de vista de los ni\u00f1os\u201d - Noticias Radio Reflejos\",\"isPartOf\":{\"@id\":\"https:\/\/www.noticiasradioreflejos.com.ar\/2021\/#website\"},\"primaryImageOfPage\":{\"@id\":\"https:\/\/www.noticiasradioreflejos.com.ar\/2021\/todo-cambio-y-la-adopcion-se-ve-desde-el-punto-de-vista-de-los-ninos\/#primaryimage\"},\"image\":{\"@id\":\"https:\/\/www.noticiasradioreflejos.com.ar\/2021\/todo-cambio-y-la-adopcion-se-ve-desde-el-punto-de-vista-de-los-ninos\/#primaryimage\"},\"thumbnailUrl\":\"https:\/\/www.noticiasradioreflejos.com.ar\/2021\/wp-content\/uploads\/2024\/03\/adopcion.jpg\",\"datePublished\":\"2024-03-20T19:27:59+00:00\",\"author\":{\"@id\":\"https:\/\/www.noticiasradioreflejos.com.ar\/2021\/#\/schema\/person\/ad82545263dcc5ec0996818884fd5fb1\"},\"breadcrumb\":{\"@id\":\"https:\/\/www.noticiasradioreflejos.com.ar\/2021\/todo-cambio-y-la-adopcion-se-ve-desde-el-punto-de-vista-de-los-ninos\/#breadcrumb\"},\"inLanguage\":\"es\",\"potentialAction\":[{\"@type\":\"ReadAction\",\"target\":[\"https:\/\/www.noticiasradioreflejos.com.ar\/2021\/todo-cambio-y-la-adopcion-se-ve-desde-el-punto-de-vista-de-los-ninos\/\"]}]},{\"@type\":\"ImageObject\",\"inLanguage\":\"es\",\"@id\":\"https:\/\/www.noticiasradioreflejos.com.ar\/2021\/todo-cambio-y-la-adopcion-se-ve-desde-el-punto-de-vista-de-los-ninos\/#primaryimage\",\"url\":\"https:\/\/www.noticiasradioreflejos.com.ar\/2021\/wp-content\/uploads\/2024\/03\/adopcion.jpg\",\"contentUrl\":\"https:\/\/www.noticiasradioreflejos.com.ar\/2021\/wp-content\/uploads\/2024\/03\/adopcion.jpg\",\"width\":720,\"height\":406},{\"@type\":\"BreadcrumbList\",\"@id\":\"https:\/\/www.noticiasradioreflejos.com.ar\/2021\/todo-cambio-y-la-adopcion-se-ve-desde-el-punto-de-vista-de-los-ninos\/#breadcrumb\",\"itemListElement\":[{\"@type\":\"ListItem\",\"position\":1,\"name\":\"Portada\",\"item\":\"https:\/\/www.noticiasradioreflejos.com.ar\/2021\/\"},{\"@type\":\"ListItem\",\"position\":2,\"name\":\"\u201cTodo cambi\u00f3 y la adopci\u00f3n se ve desde el punto de vista de los ni\u00f1os\u201d\"}]},{\"@type\":\"WebSite\",\"@id\":\"https:\/\/www.noticiasradioreflejos.com.ar\/2021\/#website\",\"url\":\"https:\/\/www.noticiasradioreflejos.com.ar\/2021\/\",\"name\":\"Noticias Radio Reflejos\",\"description\":\"Las noticias de mi comarca\",\"potentialAction\":[{\"@type\":\"SearchAction\",\"target\":{\"@type\":\"EntryPoint\",\"urlTemplate\":\"https:\/\/www.noticiasradioreflejos.com.ar\/2021\/?s={search_term_string}\"},\"query-input\":{\"@type\":\"PropertyValueSpecification\",\"valueRequired\":true,\"valueName\":\"search_term_string\"}}],\"inLanguage\":\"es\"},{\"@type\":\"Person\",\"@id\":\"https:\/\/www.noticiasradioreflejos.com.ar\/2021\/#\/schema\/person\/ad82545263dcc5ec0996818884fd5fb1\",\"name\":\"Arnaldo Botto\",\"image\":{\"@type\":\"ImageObject\",\"inLanguage\":\"es\",\"@id\":\"https:\/\/www.noticiasradioreflejos.com.ar\/2021\/#\/schema\/person\/image\/\",\"url\":\"https:\/\/secure.gravatar.com\/avatar\/55cb5e37c1efa326397366e6974cb338056df65cb50e7d64d1cf314e87504837?s=96&d=mm&r=g\",\"contentUrl\":\"https:\/\/secure.gravatar.com\/avatar\/55cb5e37c1efa326397366e6974cb338056df65cb50e7d64d1cf314e87504837?s=96&d=mm&r=g\",\"caption\":\"Arnaldo Botto\"},\"url\":\"https:\/\/www.noticiasradioreflejos.com.ar\/2021\/author\/arnaldo\/\"}]}<\/script>\n<!-- \/ Yoast SEO plugin. -->","yoast_head_json":{"title":"\u201cTodo cambi\u00f3 y la adopci\u00f3n se ve desde el punto de vista de los ni\u00f1os\u201d - Noticias Radio Reflejos","robots":{"index":"index","follow":"follow","max-snippet":"max-snippet:-1","max-image-preview":"max-image-preview:large","max-video-preview":"max-video-preview:-1"},"canonical":"https:\/\/www.noticiasradioreflejos.com.ar\/2021\/todo-cambio-y-la-adopcion-se-ve-desde-el-punto-de-vista-de-los-ninos\/","og_locale":"es_ES","og_type":"article","og_title":"\u201cTodo cambi\u00f3 y la adopci\u00f3n se ve desde el punto de vista de los ni\u00f1os\u201d - Noticias Radio Reflejos","og_description":"La abogada Paula Goldin explic\u00f3 c\u00f3mo ha cambiado en el \u00faltimo tiempo el sistema de adopci\u00f3n, lo que facilita y agiliza el tr\u00e1mite de dar amor.","og_url":"https:\/\/www.noticiasradioreflejos.com.ar\/2021\/todo-cambio-y-la-adopcion-se-ve-desde-el-punto-de-vista-de-los-ninos\/","og_site_name":"Noticias Radio Reflejos","article_published_time":"2024-03-20T19:27:59+00:00","og_image":[{"width":720,"height":406,"url":"https:\/\/www.noticiasradioreflejos.com.ar\/2021\/wp-content\/uploads\/2024\/03\/adopcion.jpg","type":"image\/jpeg"}],"author":"Arnaldo Botto","twitter_card":"summary_large_image","schema":{"@context":"https:\/\/schema.org","@graph":[{"@type":"WebPage","@id":"https:\/\/www.noticiasradioreflejos.com.ar\/2021\/todo-cambio-y-la-adopcion-se-ve-desde-el-punto-de-vista-de-los-ninos\/","url":"https:\/\/www.noticiasradioreflejos.com.ar\/2021\/todo-cambio-y-la-adopcion-se-ve-desde-el-punto-de-vista-de-los-ninos\/","name":"\u201cTodo cambi\u00f3 y la adopci\u00f3n se ve desde el punto de vista de los ni\u00f1os\u201d - Noticias Radio Reflejos","isPartOf":{"@id":"https:\/\/www.noticiasradioreflejos.com.ar\/2021\/#website"},"primaryImageOfPage":{"@id":"https:\/\/www.noticiasradioreflejos.com.ar\/2021\/todo-cambio-y-la-adopcion-se-ve-desde-el-punto-de-vista-de-los-ninos\/#primaryimage"},"image":{"@id":"https:\/\/www.noticiasradioreflejos.com.ar\/2021\/todo-cambio-y-la-adopcion-se-ve-desde-el-punto-de-vista-de-los-ninos\/#primaryimage"},"thumbnailUrl":"https:\/\/www.noticiasradioreflejos.com.ar\/2021\/wp-content\/uploads\/2024\/03\/adopcion.jpg","datePublished":"2024-03-20T19:27:59+00:00","author":{"@id":"https:\/\/www.noticiasradioreflejos.com.ar\/2021\/#\/schema\/person\/ad82545263dcc5ec0996818884fd5fb1"},"breadcrumb":{"@id":"https:\/\/www.noticiasradioreflejos.com.ar\/2021\/todo-cambio-y-la-adopcion-se-ve-desde-el-punto-de-vista-de-los-ninos\/#breadcrumb"},"inLanguage":"es","potentialAction":[{"@type":"ReadAction","target":["https:\/\/www.noticiasradioreflejos.com.ar\/2021\/todo-cambio-y-la-adopcion-se-ve-desde-el-punto-de-vista-de-los-ninos\/"]}]},{"@type":"ImageObject","inLanguage":"es","@id":"https:\/\/www.noticiasradioreflejos.com.ar\/2021\/todo-cambio-y-la-adopcion-se-ve-desde-el-punto-de-vista-de-los-ninos\/#primaryimage","url":"https:\/\/www.noticiasradioreflejos.com.ar\/2021\/wp-content\/uploads\/2024\/03\/adopcion.jpg","contentUrl":"https:\/\/www.noticiasradioreflejos.com.ar\/2021\/wp-content\/uploads\/2024\/03\/adopcion.jpg","width":720,"height":406},{"@type":"BreadcrumbList","@id":"https:\/\/www.noticiasradioreflejos.com.ar\/2021\/todo-cambio-y-la-adopcion-se-ve-desde-el-punto-de-vista-de-los-ninos\/#breadcrumb","itemListElement":[{"@type":"ListItem","position":1,"name":"Portada","item":"https:\/\/www.noticiasradioreflejos.com.ar\/2021\/"},{"@type":"ListItem","position":2,"name":"\u201cTodo cambi\u00f3 y la adopci\u00f3n se ve desde el punto de vista de los ni\u00f1os\u201d"}]},{"@type":"WebSite","@id":"https:\/\/www.noticiasradioreflejos.com.ar\/2021\/#website","url":"https:\/\/www.noticiasradioreflejos.com.ar\/2021\/","name":"Noticias Radio Reflejos","description":"Las noticias de mi comarca","potentialAction":[{"@type":"SearchAction","target":{"@type":"EntryPoint","urlTemplate":"https:\/\/www.noticiasradioreflejos.com.ar\/2021\/?s={search_term_string}"},"query-input":{"@type":"PropertyValueSpecification","valueRequired":true,"valueName":"search_term_string"}}],"inLanguage":"es"},{"@type":"Person","@id":"https:\/\/www.noticiasradioreflejos.com.ar\/2021\/#\/schema\/person\/ad82545263dcc5ec0996818884fd5fb1","name":"Arnaldo Botto","image":{"@type":"ImageObject","inLanguage":"es","@id":"https:\/\/www.noticiasradioreflejos.com.ar\/2021\/#\/schema\/person\/image\/","url":"https:\/\/secure.gravatar.com\/avatar\/55cb5e37c1efa326397366e6974cb338056df65cb50e7d64d1cf314e87504837?s=96&d=mm&r=g","contentUrl":"https:\/\/secure.gravatar.com\/avatar\/55cb5e37c1efa326397366e6974cb338056df65cb50e7d64d1cf314e87504837?s=96&d=mm&r=g","caption":"Arnaldo Botto"},"url":"https:\/\/www.noticiasradioreflejos.com.ar\/2021\/author\/arnaldo\/"}]}},"_links":{"self":[{"href":"https:\/\/www.noticiasradioreflejos.com.ar\/2021\/wp-json\/wp\/v2\/posts\/100358","targetHints":{"allow":["GET"]}}],"collection":[{"href":"https:\/\/www.noticiasradioreflejos.com.ar\/2021\/wp-json\/wp\/v2\/posts"}],"about":[{"href":"https:\/\/www.noticiasradioreflejos.com.ar\/2021\/wp-json\/wp\/v2\/types\/post"}],"author":[{"embeddable":true,"href":"https:\/\/www.noticiasradioreflejos.com.ar\/2021\/wp-json\/wp\/v2\/users\/3"}],"replies":[{"embeddable":true,"href":"https:\/\/www.noticiasradioreflejos.com.ar\/2021\/wp-json\/wp\/v2\/comments?post=100358"}],"version-history":[{"count":2,"href":"https:\/\/www.noticiasradioreflejos.com.ar\/2021\/wp-json\/wp\/v2\/posts\/100358\/revisions"}],"predecessor-version":[{"id":100370,"href":"https:\/\/www.noticiasradioreflejos.com.ar\/2021\/wp-json\/wp\/v2\/posts\/100358\/revisions\/100370"}],"wp:featuredmedia":[{"embeddable":true,"href":"https:\/\/www.noticiasradioreflejos.com.ar\/2021\/wp-json\/wp\/v2\/media\/100369"}],"wp:attachment":[{"href":"https:\/\/www.noticiasradioreflejos.com.ar\/2021\/wp-json\/wp\/v2\/media?parent=100358"}],"wp:term":[{"taxonomy":"category","embeddable":true,"href":"https:\/\/www.noticiasradioreflejos.com.ar\/2021\/wp-json\/wp\/v2\/categories?post=100358"},{"taxonomy":"post_tag","embeddable":true,"href":"https:\/\/www.noticiasradioreflejos.com.ar\/2021\/wp-json\/wp\/v2\/tags?post=100358"}],"curies":[{"name":"wp","href":"https:\/\/api.w.org\/{rel}","templated":true}]}}