{"id":100356,"date":"2024-03-20T16:37:22","date_gmt":"2024-03-20T19:37:22","guid":{"rendered":"https:\/\/www.noticiasradioreflejos.com.ar\/2021\/?p=100356"},"modified":"2024-03-20T16:54:53","modified_gmt":"2024-03-20T19:54:53","slug":"fiesta-de-la-vendimia-provincia-salvo-la-realizacion","status":"publish","type":"post","link":"https:\/\/www.noticiasradioreflejos.com.ar\/2021\/fiesta-de-la-vendimia-provincia-salvo-la-realizacion\/","title":{"rendered":"Fiesta de la Vendimia: \u201cProvincia salv\u00f3 la realizaci\u00f3n\u201d"},"content":{"rendered":"<p>Luc\u00eda Urriaga, Subsecretaria de Cultura, confirm\u00f3 que gracias al aporte de distintas \u00e1reas se podr\u00e1 llevar una vez m\u00e1s adelante este evento.<!--more--><\/p>\n<p>En solo diez d\u00edas la localidad de Saldungaray vivir\u00e1 una nueva edici\u00f3n de la Fiesta de la Vendimia. Al respecto la Subsecretaria de Cultura, Luc\u00eda Urriaga, afirm\u00f3 que \u201ces una fiesta donde los productores vitivin\u00edcolas aprovechan a mostrar su producci\u00f3n, m\u00e1s all\u00e1 de que hay muchas cosas ricas por probar\u201d.<\/p>\n<p><a href=\"https:\/\/www.noticiasradioreflejos.com.ar\/2021\/la-fiesta-de-la-vendimia-se-queda-en-saldungaray\/vendimia-saldungaray-1\/\" rel=\"attachment wp-att-82450\"><img loading=\"lazy\" decoding=\"async\" class=\"aligncenter size-full wp-image-82450\" src=\"https:\/\/www.noticiasradioreflejos.com.ar\/2021\/wp-content\/uploads\/2023\/01\/Vendimia-Saldungaray-1.jpg\" alt=\"\" width=\"2016\" height=\"1134\" \/><\/a><\/p>\n<p>Sobre estos d\u00edas previos no dud\u00f3 en referenciar que \u201cestamos enloquecidos de reuniones, pero muy felices. Estamos armando los equipos para que todo salga muy lindo. La fiesta nos ha sorprendido, porque no hab\u00eda presupuesto pero provincia salv\u00f3 la realizaci\u00f3n desde varias \u00e1reas\u201d.<\/p>\n<p>Y dando m\u00e1s detalles explic\u00f3 que \u201chabr\u00e1 sector de productores, artesanos, foodtruck y a eso se le suma la grilla de artistas. Encima ser\u00e1 fin de semana largo, as\u00ed que habr\u00e1 much\u00edsima gente que quiz\u00e1s nos visite por primera vez\u201d.<\/p>\n<p>Sobre la locaci\u00f3n mencion\u00f3 que \u201ceste a\u00f1o repetimos el predio del ferrocarril de Saldungaray, pero ahora le sumamos estacionamiento en el campo de enfrente, como aquella vez cuando vinieron Los Nocheros. La idea es trabajar en la comodidad de la gente\u201d.<\/p>\n<p>En otro pasaje de la charla resalt\u00f3 que \u201cno cobramos canon para las instituciones, as\u00ed que muchas se est\u00e1n anotando porque buscar\u00e1n solventar algunos gastos del a\u00f1o con lo que generen en esos d\u00edas\u201d.<\/p>\n<p>Por \u00faltimo acot\u00f3 que \u201cluego de que se cerrara la fecha y que ten\u00edamos un mont\u00f3n de cosas confirmadas, sali\u00f3 que estaba la fiesta del camar\u00f3n y el langostino en Ingeniero White, pero esta fiesta es muy distinta a esa y la verdad es que tenemos much\u00edsimos inscriptos. Hay espacios para todos\u201d.<\/p>\n<p><iframe loading=\"lazy\" src=\"https:\/\/w.soundcloud.com\/player\/?url=https%3A\/\/api.soundcloud.com\/tracks\/1779847353&amp;color=%23ff5500&amp;auto_play=false&amp;hide_related=false&amp;show_comments=true&amp;show_user=true&amp;show_reposts=false&amp;show_teaser=true\" width=\"100%\" height=\"166\" frameborder=\"no\" scrolling=\"no\"><\/iframe><\/p>\n<div style=\"font-size: 10px; color: #cccccc; line-break: anywhere; word-break: normal; overflow: hidden; white-space: nowrap; text-overflow: ellipsis; font-family: Interstate,Lucida Grande,Lucida Sans Unicode,Lucida Sans,Garuda,Verdana,Tahoma,sans-serif; font-weight: 100;\"><a style=\"color: #cccccc; text-decoration: none;\" title=\"fmreflejos 103.7\" href=\"https:\/\/soundcloud.com\/fmreflejos-103-7\" target=\"_blank\" rel=\"noopener\">fmreflejos 103.7<\/a> \u00b7 <a style=\"color: #cccccc; text-decoration: none;\" title=\"Lucia Urriaga 20 - 03\" href=\"https:\/\/soundcloud.com\/fmreflejos-103-7\/lucia-urriaga-20-03\" target=\"_blank\" rel=\"noopener\">Lucia Urriaga 20 &#8211; 03<\/a><\/div>\n","protected":false},"excerpt":{"rendered":"<p>Luc\u00eda Urriaga, Subsecretaria de Cultura, confirm\u00f3 que gracias al aporte de distintas \u00e1reas se podr\u00e1 llevar una vez m\u00e1s adelante este evento.<\/p>\n","protected":false},"author":3,"featured_media":100377,"comment_status":"closed","ping_status":"closed","sticky":false,"template":"","format":"standard","meta":{"footnotes":""},"categories":[35,28,33],"tags":[48],"class_list":["post-100356","post","type-post","status-publish","format-standard","has-post-thumbnail","hentry","category-cultura","category-municipales","category-turismo","tag-destacada"],"yoast_head":"<!-- This site is optimized with the Yoast SEO plugin v25.9 - https:\/\/yoast.com\/wordpress\/plugins\/seo\/ -->\n<title>Fiesta de la Vendimia: \u201cProvincia salv\u00f3 la realizaci\u00f3n\u201d - Noticias Radio Reflejos<\/title>\n<meta name=\"robots\" content=\"index, follow, max-snippet:-1, max-image-preview:large, max-video-preview:-1\" \/>\n<link rel=\"canonical\" href=\"https:\/\/www.noticiasradioreflejos.com.ar\/2021\/fiesta-de-la-vendimia-provincia-salvo-la-realizacion\/\" \/>\n<meta property=\"og:locale\" content=\"es_ES\" \/>\n<meta property=\"og:type\" content=\"article\" \/>\n<meta property=\"og:title\" content=\"Fiesta de la Vendimia: \u201cProvincia salv\u00f3 la realizaci\u00f3n\u201d - Noticias Radio Reflejos\" \/>\n<meta property=\"og:description\" content=\"Luc\u00eda Urriaga, Subsecretaria de Cultura, confirm\u00f3 que gracias al aporte de distintas \u00e1reas se podr\u00e1 llevar una vez m\u00e1s adelante este evento.\" \/>\n<meta property=\"og:url\" content=\"https:\/\/www.noticiasradioreflejos.com.ar\/2021\/fiesta-de-la-vendimia-provincia-salvo-la-realizacion\/\" \/>\n<meta property=\"og:site_name\" content=\"Noticias Radio Reflejos\" \/>\n<meta property=\"article:published_time\" content=\"2024-03-20T19:37:22+00:00\" \/>\n<meta property=\"article:modified_time\" content=\"2024-03-20T19:54:53+00:00\" \/>\n<meta property=\"og:image\" content=\"https:\/\/www.noticiasradioreflejos.com.ar\/2021\/wp-content\/uploads\/2024\/03\/8-va-Vendimia-5.jpg\" \/>\n\t<meta property=\"og:image:width\" content=\"2304\" \/>\n\t<meta property=\"og:image:height\" content=\"1296\" \/>\n\t<meta property=\"og:image:type\" content=\"image\/jpeg\" \/>\n<meta name=\"author\" content=\"Arnaldo Botto\" \/>\n<meta name=\"twitter:card\" content=\"summary_large_image\" \/>\n<script type=\"application\/ld+json\" class=\"yoast-schema-graph\">{\"@context\":\"https:\/\/schema.org\",\"@graph\":[{\"@type\":\"WebPage\",\"@id\":\"https:\/\/www.noticiasradioreflejos.com.ar\/2021\/fiesta-de-la-vendimia-provincia-salvo-la-realizacion\/\",\"url\":\"https:\/\/www.noticiasradioreflejos.com.ar\/2021\/fiesta-de-la-vendimia-provincia-salvo-la-realizacion\/\",\"name\":\"Fiesta de la Vendimia: \u201cProvincia salv\u00f3 la realizaci\u00f3n\u201d - Noticias Radio Reflejos\",\"isPartOf\":{\"@id\":\"https:\/\/www.noticiasradioreflejos.com.ar\/2021\/#website\"},\"primaryImageOfPage\":{\"@id\":\"https:\/\/www.noticiasradioreflejos.com.ar\/2021\/fiesta-de-la-vendimia-provincia-salvo-la-realizacion\/#primaryimage\"},\"image\":{\"@id\":\"https:\/\/www.noticiasradioreflejos.com.ar\/2021\/fiesta-de-la-vendimia-provincia-salvo-la-realizacion\/#primaryimage\"},\"thumbnailUrl\":\"https:\/\/www.noticiasradioreflejos.com.ar\/2021\/wp-content\/uploads\/2024\/03\/8-va-Vendimia-5.jpg\",\"datePublished\":\"2024-03-20T19:37:22+00:00\",\"dateModified\":\"2024-03-20T19:54:53+00:00\",\"author\":{\"@id\":\"https:\/\/www.noticiasradioreflejos.com.ar\/2021\/#\/schema\/person\/ad82545263dcc5ec0996818884fd5fb1\"},\"breadcrumb\":{\"@id\":\"https:\/\/www.noticiasradioreflejos.com.ar\/2021\/fiesta-de-la-vendimia-provincia-salvo-la-realizacion\/#breadcrumb\"},\"inLanguage\":\"es\",\"potentialAction\":[{\"@type\":\"ReadAction\",\"target\":[\"https:\/\/www.noticiasradioreflejos.com.ar\/2021\/fiesta-de-la-vendimia-provincia-salvo-la-realizacion\/\"]}]},{\"@type\":\"ImageObject\",\"inLanguage\":\"es\",\"@id\":\"https:\/\/www.noticiasradioreflejos.com.ar\/2021\/fiesta-de-la-vendimia-provincia-salvo-la-realizacion\/#primaryimage\",\"url\":\"https:\/\/www.noticiasradioreflejos.com.ar\/2021\/wp-content\/uploads\/2024\/03\/8-va-Vendimia-5.jpg\",\"contentUrl\":\"https:\/\/www.noticiasradioreflejos.com.ar\/2021\/wp-content\/uploads\/2024\/03\/8-va-Vendimia-5.jpg\",\"width\":2304,\"height\":1296},{\"@type\":\"BreadcrumbList\",\"@id\":\"https:\/\/www.noticiasradioreflejos.com.ar\/2021\/fiesta-de-la-vendimia-provincia-salvo-la-realizacion\/#breadcrumb\",\"itemListElement\":[{\"@type\":\"ListItem\",\"position\":1,\"name\":\"Portada\",\"item\":\"https:\/\/www.noticiasradioreflejos.com.ar\/2021\/\"},{\"@type\":\"ListItem\",\"position\":2,\"name\":\"Fiesta de la Vendimia: \u201cProvincia salv\u00f3 la realizaci\u00f3n\u201d\"}]},{\"@type\":\"WebSite\",\"@id\":\"https:\/\/www.noticiasradioreflejos.com.ar\/2021\/#website\",\"url\":\"https:\/\/www.noticiasradioreflejos.com.ar\/2021\/\",\"name\":\"Noticias Radio Reflejos\",\"description\":\"Las noticias de mi comarca\",\"potentialAction\":[{\"@type\":\"SearchAction\",\"target\":{\"@type\":\"EntryPoint\",\"urlTemplate\":\"https:\/\/www.noticiasradioreflejos.com.ar\/2021\/?s={search_term_string}\"},\"query-input\":{\"@type\":\"PropertyValueSpecification\",\"valueRequired\":true,\"valueName\":\"search_term_string\"}}],\"inLanguage\":\"es\"},{\"@type\":\"Person\",\"@id\":\"https:\/\/www.noticiasradioreflejos.com.ar\/2021\/#\/schema\/person\/ad82545263dcc5ec0996818884fd5fb1\",\"name\":\"Arnaldo Botto\",\"image\":{\"@type\":\"ImageObject\",\"inLanguage\":\"es\",\"@id\":\"https:\/\/www.noticiasradioreflejos.com.ar\/2021\/#\/schema\/person\/image\/\",\"url\":\"https:\/\/secure.gravatar.com\/avatar\/55cb5e37c1efa326397366e6974cb338056df65cb50e7d64d1cf314e87504837?s=96&d=mm&r=g\",\"contentUrl\":\"https:\/\/secure.gravatar.com\/avatar\/55cb5e37c1efa326397366e6974cb338056df65cb50e7d64d1cf314e87504837?s=96&d=mm&r=g\",\"caption\":\"Arnaldo Botto\"},\"url\":\"https:\/\/www.noticiasradioreflejos.com.ar\/2021\/author\/arnaldo\/\"}]}<\/script>\n<!-- \/ Yoast SEO plugin. -->","yoast_head_json":{"title":"Fiesta de la Vendimia: \u201cProvincia salv\u00f3 la realizaci\u00f3n\u201d - Noticias Radio Reflejos","robots":{"index":"index","follow":"follow","max-snippet":"max-snippet:-1","max-image-preview":"max-image-preview:large","max-video-preview":"max-video-preview:-1"},"canonical":"https:\/\/www.noticiasradioreflejos.com.ar\/2021\/fiesta-de-la-vendimia-provincia-salvo-la-realizacion\/","og_locale":"es_ES","og_type":"article","og_title":"Fiesta de la Vendimia: \u201cProvincia salv\u00f3 la realizaci\u00f3n\u201d - Noticias Radio Reflejos","og_description":"Luc\u00eda Urriaga, Subsecretaria de Cultura, confirm\u00f3 que gracias al aporte de distintas \u00e1reas se podr\u00e1 llevar una vez m\u00e1s adelante este evento.","og_url":"https:\/\/www.noticiasradioreflejos.com.ar\/2021\/fiesta-de-la-vendimia-provincia-salvo-la-realizacion\/","og_site_name":"Noticias Radio Reflejos","article_published_time":"2024-03-20T19:37:22+00:00","article_modified_time":"2024-03-20T19:54:53+00:00","og_image":[{"width":2304,"height":1296,"url":"https:\/\/www.noticiasradioreflejos.com.ar\/2021\/wp-content\/uploads\/2024\/03\/8-va-Vendimia-5.jpg","type":"image\/jpeg"}],"author":"Arnaldo Botto","twitter_card":"summary_large_image","schema":{"@context":"https:\/\/schema.org","@graph":[{"@type":"WebPage","@id":"https:\/\/www.noticiasradioreflejos.com.ar\/2021\/fiesta-de-la-vendimia-provincia-salvo-la-realizacion\/","url":"https:\/\/www.noticiasradioreflejos.com.ar\/2021\/fiesta-de-la-vendimia-provincia-salvo-la-realizacion\/","name":"Fiesta de la Vendimia: \u201cProvincia salv\u00f3 la realizaci\u00f3n\u201d - Noticias Radio Reflejos","isPartOf":{"@id":"https:\/\/www.noticiasradioreflejos.com.ar\/2021\/#website"},"primaryImageOfPage":{"@id":"https:\/\/www.noticiasradioreflejos.com.ar\/2021\/fiesta-de-la-vendimia-provincia-salvo-la-realizacion\/#primaryimage"},"image":{"@id":"https:\/\/www.noticiasradioreflejos.com.ar\/2021\/fiesta-de-la-vendimia-provincia-salvo-la-realizacion\/#primaryimage"},"thumbnailUrl":"https:\/\/www.noticiasradioreflejos.com.ar\/2021\/wp-content\/uploads\/2024\/03\/8-va-Vendimia-5.jpg","datePublished":"2024-03-20T19:37:22+00:00","dateModified":"2024-03-20T19:54:53+00:00","author":{"@id":"https:\/\/www.noticiasradioreflejos.com.ar\/2021\/#\/schema\/person\/ad82545263dcc5ec0996818884fd5fb1"},"breadcrumb":{"@id":"https:\/\/www.noticiasradioreflejos.com.ar\/2021\/fiesta-de-la-vendimia-provincia-salvo-la-realizacion\/#breadcrumb"},"inLanguage":"es","potentialAction":[{"@type":"ReadAction","target":["https:\/\/www.noticiasradioreflejos.com.ar\/2021\/fiesta-de-la-vendimia-provincia-salvo-la-realizacion\/"]}]},{"@type":"ImageObject","inLanguage":"es","@id":"https:\/\/www.noticiasradioreflejos.com.ar\/2021\/fiesta-de-la-vendimia-provincia-salvo-la-realizacion\/#primaryimage","url":"https:\/\/www.noticiasradioreflejos.com.ar\/2021\/wp-content\/uploads\/2024\/03\/8-va-Vendimia-5.jpg","contentUrl":"https:\/\/www.noticiasradioreflejos.com.ar\/2021\/wp-content\/uploads\/2024\/03\/8-va-Vendimia-5.jpg","width":2304,"height":1296},{"@type":"BreadcrumbList","@id":"https:\/\/www.noticiasradioreflejos.com.ar\/2021\/fiesta-de-la-vendimia-provincia-salvo-la-realizacion\/#breadcrumb","itemListElement":[{"@type":"ListItem","position":1,"name":"Portada","item":"https:\/\/www.noticiasradioreflejos.com.ar\/2021\/"},{"@type":"ListItem","position":2,"name":"Fiesta de la Vendimia: \u201cProvincia salv\u00f3 la realizaci\u00f3n\u201d"}]},{"@type":"WebSite","@id":"https:\/\/www.noticiasradioreflejos.com.ar\/2021\/#website","url":"https:\/\/www.noticiasradioreflejos.com.ar\/2021\/","name":"Noticias Radio Reflejos","description":"Las noticias de mi comarca","potentialAction":[{"@type":"SearchAction","target":{"@type":"EntryPoint","urlTemplate":"https:\/\/www.noticiasradioreflejos.com.ar\/2021\/?s={search_term_string}"},"query-input":{"@type":"PropertyValueSpecification","valueRequired":true,"valueName":"search_term_string"}}],"inLanguage":"es"},{"@type":"Person","@id":"https:\/\/www.noticiasradioreflejos.com.ar\/2021\/#\/schema\/person\/ad82545263dcc5ec0996818884fd5fb1","name":"Arnaldo Botto","image":{"@type":"ImageObject","inLanguage":"es","@id":"https:\/\/www.noticiasradioreflejos.com.ar\/2021\/#\/schema\/person\/image\/","url":"https:\/\/secure.gravatar.com\/avatar\/55cb5e37c1efa326397366e6974cb338056df65cb50e7d64d1cf314e87504837?s=96&d=mm&r=g","contentUrl":"https:\/\/secure.gravatar.com\/avatar\/55cb5e37c1efa326397366e6974cb338056df65cb50e7d64d1cf314e87504837?s=96&d=mm&r=g","caption":"Arnaldo Botto"},"url":"https:\/\/www.noticiasradioreflejos.com.ar\/2021\/author\/arnaldo\/"}]}},"_links":{"self":[{"href":"https:\/\/www.noticiasradioreflejos.com.ar\/2021\/wp-json\/wp\/v2\/posts\/100356","targetHints":{"allow":["GET"]}}],"collection":[{"href":"https:\/\/www.noticiasradioreflejos.com.ar\/2021\/wp-json\/wp\/v2\/posts"}],"about":[{"href":"https:\/\/www.noticiasradioreflejos.com.ar\/2021\/wp-json\/wp\/v2\/types\/post"}],"author":[{"embeddable":true,"href":"https:\/\/www.noticiasradioreflejos.com.ar\/2021\/wp-json\/wp\/v2\/users\/3"}],"replies":[{"embeddable":true,"href":"https:\/\/www.noticiasradioreflejos.com.ar\/2021\/wp-json\/wp\/v2\/comments?post=100356"}],"version-history":[{"count":4,"href":"https:\/\/www.noticiasradioreflejos.com.ar\/2021\/wp-json\/wp\/v2\/posts\/100356\/revisions"}],"predecessor-version":[{"id":100376,"href":"https:\/\/www.noticiasradioreflejos.com.ar\/2021\/wp-json\/wp\/v2\/posts\/100356\/revisions\/100376"}],"wp:featuredmedia":[{"embeddable":true,"href":"https:\/\/www.noticiasradioreflejos.com.ar\/2021\/wp-json\/wp\/v2\/media\/100377"}],"wp:attachment":[{"href":"https:\/\/www.noticiasradioreflejos.com.ar\/2021\/wp-json\/wp\/v2\/media?parent=100356"}],"wp:term":[{"taxonomy":"category","embeddable":true,"href":"https:\/\/www.noticiasradioreflejos.com.ar\/2021\/wp-json\/wp\/v2\/categories?post=100356"},{"taxonomy":"post_tag","embeddable":true,"href":"https:\/\/www.noticiasradioreflejos.com.ar\/2021\/wp-json\/wp\/v2\/tags?post=100356"}],"curies":[{"name":"wp","href":"https:\/\/api.w.org\/{rel}","templated":true}]}}