{"id":100354,"date":"2024-03-20T16:13:38","date_gmt":"2024-03-20T19:13:38","guid":{"rendered":"https:\/\/www.noticiasradioreflejos.com.ar\/2021\/?p=100354"},"modified":"2024-03-20T16:13:38","modified_gmt":"2024-03-20T19:13:38","slug":"pileta-en-sierra-se-apunta-a-que-este-invierno-este-funcionando","status":"publish","type":"post","link":"https:\/\/www.noticiasradioreflejos.com.ar\/2021\/pileta-en-sierra-se-apunta-a-que-este-invierno-este-funcionando\/","title":{"rendered":"Pileta en Sierra: \u201cSe apunta a que este invierno est\u00e9 funcionando\u201d"},"content":{"rendered":"<p>La titular de la Subsecretaria de Deportes, Sof\u00eda Urriaga, no quiso dar una fecha exacta pero se esperanz\u00f3 en que prontamente la pileta climatizada sea una realidad. \u201cEl intendente se comprometi\u00f3 y es una persona de palabra\u201d dijo.<!--more--><\/p>\n<p>Las piletas climatizadas est\u00e1n siendo todo un boom de esparcimiento, recreaci\u00f3n, salud y deporte en la comarca, y al respecto la Subsecretaria Sof\u00eda Urriaga ratific\u00f3 que \u201cac\u00e1 es sorprendente la cantidad de gente que va a la pile. Mantenemos unas 500 personas mensuales. En el invierno por ah\u00ed baja un poco la matr\u00edcula a primera hora y a la noche, pero los grupos de adultos se mantienen\u201d.<\/p>\n<p>Seg\u00fan su visi\u00f3n \u201csiempre hay cosas para mejorar. El a\u00f1o pasado fue una prueba piloto en muchas cuestiones. Buscamos tener salidas a torneos en la regi\u00f3n. La mayor\u00eda de la gente que viene de afuera nos dice que la pileta es incre\u00edble\u201d.<\/p>\n<p>Sobre la climatizaci\u00f3n de la pileta de Sierra asegur\u00f3 que \u201cel intendente se comprometi\u00f3, es de palabra, y est\u00e1 haciendo hasta lo imposible para hacer funcional la pileta de Sierra. Est\u00e1 poniendo toda su energ\u00eda para poder terminarla. Ayer llegaron los dos calefactores para el ambiente. Nos faltan los climatizadores. El viernes llegar\u00edan los proveedores de la lona para medir y comenzar\u201d.<\/p>\n<p>E intentando dar m\u00e1s precisiones afirm\u00f3 que \u201cse apunta a que este invierno est\u00e9 funcionando. No quiero poner fechas porque hay mucha expectativa, y no quiero dar una fecha que nose si va a ser posible. Estamos elaborando todo el proyecto. Se est\u00e1 haciendo hasta lo imposible a nivel econ\u00f3mico. Queremos m\u00ednimamente acondicionar los vestuarios. Que tengan su espacio las duchas\u201d.<\/p>\n<p>Por \u00faltimo resalt\u00f3 que \u201cel capital humano es lo m\u00e1s importante para que la pileta funcione de primera. En Tornquist se nos dio. En Sierra necesitaremos un n\u00famero similar de empleados. M\u00e1s sobre la fecha buscaremos profes\u201d.<\/p>\n<p>&nbsp;<\/p>\n<p><iframe loading=\"lazy\" src=\"https:\/\/w.soundcloud.com\/player\/?url=https%3A\/\/api.soundcloud.com\/tracks\/1779828831&amp;color=%23ff5500&amp;auto_play=false&amp;hide_related=false&amp;show_comments=true&amp;show_user=true&amp;show_reposts=false&amp;show_teaser=true\" width=\"100%\" height=\"166\" frameborder=\"no\" scrolling=\"no\"><\/iframe><\/p>\n<div style=\"font-size: 10px; color: #cccccc; line-break: anywhere; word-break: normal; overflow: hidden; white-space: nowrap; text-overflow: ellipsis; font-family: Interstate,Lucida Grande,Lucida Sans Unicode,Lucida Sans,Garuda,Verdana,Tahoma,sans-serif; font-weight: 100;\"><a style=\"color: #cccccc; text-decoration: none;\" title=\"fmreflejos 103.7\" href=\"https:\/\/soundcloud.com\/fmreflejos-103-7\" target=\"_blank\" rel=\"noopener\">fmreflejos 103.7<\/a> \u00b7 <a style=\"color: #cccccc; text-decoration: none;\" title=\"Sofia Urriaga 20 - 03\" href=\"https:\/\/soundcloud.com\/fmreflejos-103-7\/sofia-urriaga-20-03\" target=\"_blank\" rel=\"noopener\">Sofia Urriaga 20 &#8211; 03<\/a><\/div>\n","protected":false},"excerpt":{"rendered":"<p>La titular de la Subsecretaria de Deportes, Sof\u00eda Urriaga, no quiso dar una fecha exacta pero se esperanz\u00f3 en que prontamente la pileta climatizada sea una realidad. \u201cEl intendente se comprometi\u00f3 y es una persona de palabra\u201d dijo.<\/p>\n","protected":false},"author":3,"featured_media":0,"comment_status":"closed","ping_status":"closed","sticky":false,"template":"","format":"standard","meta":{"footnotes":""},"categories":[27,28],"tags":[48],"class_list":["post-100354","post","type-post","status-publish","format-standard","hentry","category-deportes","category-municipales","tag-destacada"],"yoast_head":"<!-- This site is optimized with the Yoast SEO plugin v25.9 - https:\/\/yoast.com\/wordpress\/plugins\/seo\/ -->\n<title>Pileta en Sierra: \u201cSe apunta a que este invierno est\u00e9 funcionando\u201d - Noticias Radio Reflejos<\/title>\n<meta name=\"robots\" content=\"index, follow, max-snippet:-1, max-image-preview:large, max-video-preview:-1\" \/>\n<link rel=\"canonical\" href=\"https:\/\/www.noticiasradioreflejos.com.ar\/2021\/pileta-en-sierra-se-apunta-a-que-este-invierno-este-funcionando\/\" \/>\n<meta property=\"og:locale\" content=\"es_ES\" \/>\n<meta property=\"og:type\" content=\"article\" \/>\n<meta property=\"og:title\" content=\"Pileta en Sierra: \u201cSe apunta a que este invierno est\u00e9 funcionando\u201d - Noticias Radio Reflejos\" \/>\n<meta property=\"og:description\" content=\"La titular de la Subsecretaria de Deportes, Sof\u00eda Urriaga, no quiso dar una fecha exacta pero se esperanz\u00f3 en que prontamente la pileta climatizada sea una realidad. \u201cEl intendente se comprometi\u00f3 y es una persona de palabra\u201d dijo.\" \/>\n<meta property=\"og:url\" content=\"https:\/\/www.noticiasradioreflejos.com.ar\/2021\/pileta-en-sierra-se-apunta-a-que-este-invierno-este-funcionando\/\" \/>\n<meta property=\"og:site_name\" content=\"Noticias Radio Reflejos\" \/>\n<meta property=\"article:published_time\" content=\"2024-03-20T19:13:38+00:00\" \/>\n<meta property=\"og:image\" content=\"https:\/\/www.noticiasradioreflejos.com.ar\/2021\/wp-content\/uploads\/2022\/12\/inauguracion-piletas-Sierra-4.jpeg\" \/>\n\t<meta property=\"og:image:width\" content=\"1160\" \/>\n\t<meta property=\"og:image:height\" content=\"522\" \/>\n\t<meta property=\"og:image:type\" content=\"image\/jpeg\" \/>\n<meta name=\"author\" content=\"Arnaldo Botto\" \/>\n<meta name=\"twitter:card\" content=\"summary_large_image\" \/>\n<script type=\"application\/ld+json\" class=\"yoast-schema-graph\">{\"@context\":\"https:\/\/schema.org\",\"@graph\":[{\"@type\":\"WebPage\",\"@id\":\"https:\/\/www.noticiasradioreflejos.com.ar\/2021\/pileta-en-sierra-se-apunta-a-que-este-invierno-este-funcionando\/\",\"url\":\"https:\/\/www.noticiasradioreflejos.com.ar\/2021\/pileta-en-sierra-se-apunta-a-que-este-invierno-este-funcionando\/\",\"name\":\"Pileta en Sierra: \u201cSe apunta a que este invierno est\u00e9 funcionando\u201d - Noticias Radio Reflejos\",\"isPartOf\":{\"@id\":\"https:\/\/www.noticiasradioreflejos.com.ar\/2021\/#website\"},\"datePublished\":\"2024-03-20T19:13:38+00:00\",\"author\":{\"@id\":\"https:\/\/www.noticiasradioreflejos.com.ar\/2021\/#\/schema\/person\/ad82545263dcc5ec0996818884fd5fb1\"},\"breadcrumb\":{\"@id\":\"https:\/\/www.noticiasradioreflejos.com.ar\/2021\/pileta-en-sierra-se-apunta-a-que-este-invierno-este-funcionando\/#breadcrumb\"},\"inLanguage\":\"es\",\"potentialAction\":[{\"@type\":\"ReadAction\",\"target\":[\"https:\/\/www.noticiasradioreflejos.com.ar\/2021\/pileta-en-sierra-se-apunta-a-que-este-invierno-este-funcionando\/\"]}]},{\"@type\":\"BreadcrumbList\",\"@id\":\"https:\/\/www.noticiasradioreflejos.com.ar\/2021\/pileta-en-sierra-se-apunta-a-que-este-invierno-este-funcionando\/#breadcrumb\",\"itemListElement\":[{\"@type\":\"ListItem\",\"position\":1,\"name\":\"Portada\",\"item\":\"https:\/\/www.noticiasradioreflejos.com.ar\/2021\/\"},{\"@type\":\"ListItem\",\"position\":2,\"name\":\"Pileta en Sierra: \u201cSe apunta a que este invierno est\u00e9 funcionando\u201d\"}]},{\"@type\":\"WebSite\",\"@id\":\"https:\/\/www.noticiasradioreflejos.com.ar\/2021\/#website\",\"url\":\"https:\/\/www.noticiasradioreflejos.com.ar\/2021\/\",\"name\":\"Noticias Radio Reflejos\",\"description\":\"Las noticias de mi comarca\",\"potentialAction\":[{\"@type\":\"SearchAction\",\"target\":{\"@type\":\"EntryPoint\",\"urlTemplate\":\"https:\/\/www.noticiasradioreflejos.com.ar\/2021\/?s={search_term_string}\"},\"query-input\":{\"@type\":\"PropertyValueSpecification\",\"valueRequired\":true,\"valueName\":\"search_term_string\"}}],\"inLanguage\":\"es\"},{\"@type\":\"Person\",\"@id\":\"https:\/\/www.noticiasradioreflejos.com.ar\/2021\/#\/schema\/person\/ad82545263dcc5ec0996818884fd5fb1\",\"name\":\"Arnaldo Botto\",\"image\":{\"@type\":\"ImageObject\",\"inLanguage\":\"es\",\"@id\":\"https:\/\/www.noticiasradioreflejos.com.ar\/2021\/#\/schema\/person\/image\/\",\"url\":\"https:\/\/secure.gravatar.com\/avatar\/55cb5e37c1efa326397366e6974cb338056df65cb50e7d64d1cf314e87504837?s=96&d=mm&r=g\",\"contentUrl\":\"https:\/\/secure.gravatar.com\/avatar\/55cb5e37c1efa326397366e6974cb338056df65cb50e7d64d1cf314e87504837?s=96&d=mm&r=g\",\"caption\":\"Arnaldo Botto\"},\"url\":\"https:\/\/www.noticiasradioreflejos.com.ar\/2021\/author\/arnaldo\/\"}]}<\/script>\n<!-- \/ Yoast SEO plugin. -->","yoast_head_json":{"title":"Pileta en Sierra: \u201cSe apunta a que este invierno est\u00e9 funcionando\u201d - Noticias Radio Reflejos","robots":{"index":"index","follow":"follow","max-snippet":"max-snippet:-1","max-image-preview":"max-image-preview:large","max-video-preview":"max-video-preview:-1"},"canonical":"https:\/\/www.noticiasradioreflejos.com.ar\/2021\/pileta-en-sierra-se-apunta-a-que-este-invierno-este-funcionando\/","og_locale":"es_ES","og_type":"article","og_title":"Pileta en Sierra: \u201cSe apunta a que este invierno est\u00e9 funcionando\u201d - Noticias Radio Reflejos","og_description":"La titular de la Subsecretaria de Deportes, Sof\u00eda Urriaga, no quiso dar una fecha exacta pero se esperanz\u00f3 en que prontamente la pileta climatizada sea una realidad. \u201cEl intendente se comprometi\u00f3 y es una persona de palabra\u201d dijo.","og_url":"https:\/\/www.noticiasradioreflejos.com.ar\/2021\/pileta-en-sierra-se-apunta-a-que-este-invierno-este-funcionando\/","og_site_name":"Noticias Radio Reflejos","article_published_time":"2024-03-20T19:13:38+00:00","og_image":[{"width":1160,"height":522,"url":"https:\/\/www.noticiasradioreflejos.com.ar\/2021\/wp-content\/uploads\/2022\/12\/inauguracion-piletas-Sierra-4.jpeg","type":"image\/jpeg"}],"author":"Arnaldo Botto","twitter_card":"summary_large_image","schema":{"@context":"https:\/\/schema.org","@graph":[{"@type":"WebPage","@id":"https:\/\/www.noticiasradioreflejos.com.ar\/2021\/pileta-en-sierra-se-apunta-a-que-este-invierno-este-funcionando\/","url":"https:\/\/www.noticiasradioreflejos.com.ar\/2021\/pileta-en-sierra-se-apunta-a-que-este-invierno-este-funcionando\/","name":"Pileta en Sierra: \u201cSe apunta a que este invierno est\u00e9 funcionando\u201d - Noticias Radio Reflejos","isPartOf":{"@id":"https:\/\/www.noticiasradioreflejos.com.ar\/2021\/#website"},"datePublished":"2024-03-20T19:13:38+00:00","author":{"@id":"https:\/\/www.noticiasradioreflejos.com.ar\/2021\/#\/schema\/person\/ad82545263dcc5ec0996818884fd5fb1"},"breadcrumb":{"@id":"https:\/\/www.noticiasradioreflejos.com.ar\/2021\/pileta-en-sierra-se-apunta-a-que-este-invierno-este-funcionando\/#breadcrumb"},"inLanguage":"es","potentialAction":[{"@type":"ReadAction","target":["https:\/\/www.noticiasradioreflejos.com.ar\/2021\/pileta-en-sierra-se-apunta-a-que-este-invierno-este-funcionando\/"]}]},{"@type":"BreadcrumbList","@id":"https:\/\/www.noticiasradioreflejos.com.ar\/2021\/pileta-en-sierra-se-apunta-a-que-este-invierno-este-funcionando\/#breadcrumb","itemListElement":[{"@type":"ListItem","position":1,"name":"Portada","item":"https:\/\/www.noticiasradioreflejos.com.ar\/2021\/"},{"@type":"ListItem","position":2,"name":"Pileta en Sierra: \u201cSe apunta a que este invierno est\u00e9 funcionando\u201d"}]},{"@type":"WebSite","@id":"https:\/\/www.noticiasradioreflejos.com.ar\/2021\/#website","url":"https:\/\/www.noticiasradioreflejos.com.ar\/2021\/","name":"Noticias Radio Reflejos","description":"Las noticias de mi comarca","potentialAction":[{"@type":"SearchAction","target":{"@type":"EntryPoint","urlTemplate":"https:\/\/www.noticiasradioreflejos.com.ar\/2021\/?s={search_term_string}"},"query-input":{"@type":"PropertyValueSpecification","valueRequired":true,"valueName":"search_term_string"}}],"inLanguage":"es"},{"@type":"Person","@id":"https:\/\/www.noticiasradioreflejos.com.ar\/2021\/#\/schema\/person\/ad82545263dcc5ec0996818884fd5fb1","name":"Arnaldo Botto","image":{"@type":"ImageObject","inLanguage":"es","@id":"https:\/\/www.noticiasradioreflejos.com.ar\/2021\/#\/schema\/person\/image\/","url":"https:\/\/secure.gravatar.com\/avatar\/55cb5e37c1efa326397366e6974cb338056df65cb50e7d64d1cf314e87504837?s=96&d=mm&r=g","contentUrl":"https:\/\/secure.gravatar.com\/avatar\/55cb5e37c1efa326397366e6974cb338056df65cb50e7d64d1cf314e87504837?s=96&d=mm&r=g","caption":"Arnaldo Botto"},"url":"https:\/\/www.noticiasradioreflejos.com.ar\/2021\/author\/arnaldo\/"}]}},"_links":{"self":[{"href":"https:\/\/www.noticiasradioreflejos.com.ar\/2021\/wp-json\/wp\/v2\/posts\/100354","targetHints":{"allow":["GET"]}}],"collection":[{"href":"https:\/\/www.noticiasradioreflejos.com.ar\/2021\/wp-json\/wp\/v2\/posts"}],"about":[{"href":"https:\/\/www.noticiasradioreflejos.com.ar\/2021\/wp-json\/wp\/v2\/types\/post"}],"author":[{"embeddable":true,"href":"https:\/\/www.noticiasradioreflejos.com.ar\/2021\/wp-json\/wp\/v2\/users\/3"}],"replies":[{"embeddable":true,"href":"https:\/\/www.noticiasradioreflejos.com.ar\/2021\/wp-json\/wp\/v2\/comments?post=100354"}],"version-history":[{"count":2,"href":"https:\/\/www.noticiasradioreflejos.com.ar\/2021\/wp-json\/wp\/v2\/posts\/100354\/revisions"}],"predecessor-version":[{"id":100362,"href":"https:\/\/www.noticiasradioreflejos.com.ar\/2021\/wp-json\/wp\/v2\/posts\/100354\/revisions\/100362"}],"wp:attachment":[{"href":"https:\/\/www.noticiasradioreflejos.com.ar\/2021\/wp-json\/wp\/v2\/media?parent=100354"}],"wp:term":[{"taxonomy":"category","embeddable":true,"href":"https:\/\/www.noticiasradioreflejos.com.ar\/2021\/wp-json\/wp\/v2\/categories?post=100354"},{"taxonomy":"post_tag","embeddable":true,"href":"https:\/\/www.noticiasradioreflejos.com.ar\/2021\/wp-json\/wp\/v2\/tags?post=100354"}],"curies":[{"name":"wp","href":"https:\/\/api.w.org\/{rel}","templated":true}]}}