{"id":100345,"date":"2024-03-20T13:54:11","date_gmt":"2024-03-20T16:54:11","guid":{"rendered":"https:\/\/www.noticiasradioreflejos.com.ar\/2021\/?p=100345"},"modified":"2024-03-20T13:56:53","modified_gmt":"2024-03-20T16:56:53","slug":"bloque-jxc-ucr-pedido-de-informe-2","status":"publish","type":"post","link":"https:\/\/www.noticiasradioreflejos.com.ar\/2021\/bloque-jxc-ucr-pedido-de-informe-2\/","title":{"rendered":"Bloque JxC UCR: Pedido de informe"},"content":{"rendered":"<p>El Bloque de Juntor por el Cambio y la Uni\u00f3n C\u00edvica Radical realizan pedido de informe al Ejecutivo Municipal referido al alquiler de grupo electr\u00f3geno para ser utilizado en la localidad de Sierra de la Ventana.<\/p>\n<p style=\"text-align: right;\">Tornquist, 19 de marzo de 2024.-<\/p>\n<p>VISTO:<br \/>\nLas atribuciones conferidas por la Ley Org\u00e1nica de las Municipalidades de la Provincia de Buenos Aires, y;<br \/>\nCONSIDERANDO:<br \/>\nQue el Municipio de Tornquist alquil\u00f3 un equipo electr\u00f3geno para el sistema de bombas de agua corriente de la localidad de Sierra de la Ventana;<br \/>\nQue el 2 de febrero del corriente se hizo la contrataci\u00f3n del equipo por 10 d\u00edas;<br \/>\nQue el monto erogado es de $2.245.000,00;<br \/>\nQue el gasto mencionado fue encuadrado en el decreto N\u00b0 67\/24 de Emergencia Social, Ambiental, Educativa y de Infraestructura;<br \/>\nQue los Funcionarios tienen el deber de exponer a la ciudadan\u00eda informaci\u00f3n sobre el uso de los recursos y los criterios de la erogaci\u00f3n de los mismos;<br \/>\nQue con fecha del 16 de febrero del corriente le solicitamos desde el Bloque de Juntos y Juntos por el Cambio, al Contador Municipal (Nota N\u00b0 143\/24) copia del Expte. perteneciente a la orden de pago N\u00b0 1279, hasta el d\u00eda de la fecha no contamos con la informaci\u00f3n requerida;<br \/>\nPOR ELLO:<br \/>\nLOS BLOQUES DE JUNTOS Y JUNTOS POR EL CAMBIO<br \/>\nPROPONEN EL SIGUIENTE<br \/>\nPROYECTO DE RESOLUCI\u00d3N<\/p>\n<p>ARTICULO 1\u00b0: Solicitar a la Presidencia del Honorable Concejo Deliberante que, mediante Sesi\u00f3n Extraordinaria, convoque al Secretario de Gobierno y Gesti\u00f3n P\u00fablica, Lic. Bruno Zacconi, a fin de que brinde informaci\u00f3n sobre el siguiente tema:<br \/>\nPedido N\u00b0 538 \u2013 alquiler de grupo electr\u00f3geno<br \/>\n\u00bfCu\u00e1ntas veces fue utilizado?<br \/>\n\u00bfPor cuantos d\u00edas se alquil\u00f3?<br \/>\n\u00bfTiempo de uso diario?<br \/>\n\u00bfPor qu\u00e9 se encuadr\u00f3 la contrataci\u00f3n en el decreto N\u00b0 67\/24?<br \/>\n\u00bfExiste documentaci\u00f3n solicitando realizar dicha erogaci\u00f3n?<br \/>\n\u00bfCu\u00e1les son las especificaciones t\u00e9cnicas del equipo?<br \/>\nARTICULO 2\u00b0: De forma.<\/p>\n","protected":false},"excerpt":{"rendered":"<p>El Bloque de Juntor por el Cambio y la Uni\u00f3n C\u00edvica Radical realizan pedido de informe al Ejecutivo Municipal referido al alquiler de grupo electr\u00f3geno para ser utilizado en la localidad de Sierra de la Ventana. Tornquist, 19 de marzo de 2024.- VISTO: Las atribuciones conferidas por la Ley Org\u00e1nica de las Municipalidades de la [&hellip;]<\/p>\n","protected":false},"author":3,"featured_media":0,"comment_status":"closed","ping_status":"closed","sticky":false,"template":"","format":"standard","meta":{"footnotes":""},"categories":[59],"tags":[],"class_list":["post-100345","post","type-post","status-publish","format-standard","hentry","category-concejo-deliberante"],"yoast_head":"<!-- This site is optimized with the Yoast SEO plugin v25.9 - https:\/\/yoast.com\/wordpress\/plugins\/seo\/ -->\n<title>Bloque JxC UCR: Pedido de informe - Noticias Radio Reflejos<\/title>\n<meta name=\"robots\" content=\"index, follow, max-snippet:-1, max-image-preview:large, max-video-preview:-1\" \/>\n<link rel=\"canonical\" href=\"https:\/\/www.noticiasradioreflejos.com.ar\/2021\/bloque-jxc-ucr-pedido-de-informe-2\/\" \/>\n<meta property=\"og:locale\" content=\"es_ES\" \/>\n<meta property=\"og:type\" content=\"article\" \/>\n<meta property=\"og:title\" content=\"Bloque JxC UCR: Pedido de informe - Noticias Radio Reflejos\" \/>\n<meta property=\"og:description\" content=\"El Bloque de Juntor por el Cambio y la Uni\u00f3n C\u00edvica Radical realizan pedido de informe al Ejecutivo Municipal referido al alquiler de grupo electr\u00f3geno para ser utilizado en la localidad de Sierra de la Ventana. Tornquist, 19 de marzo de 2024.- VISTO: Las atribuciones conferidas por la Ley Org\u00e1nica de las Municipalidades de la [&hellip;]\" \/>\n<meta property=\"og:url\" content=\"https:\/\/www.noticiasradioreflejos.com.ar\/2021\/bloque-jxc-ucr-pedido-de-informe-2\/\" \/>\n<meta property=\"og:site_name\" content=\"Noticias Radio Reflejos\" \/>\n<meta property=\"article:published_time\" content=\"2024-03-20T16:54:11+00:00\" \/>\n<meta property=\"article:modified_time\" content=\"2024-03-20T16:56:53+00:00\" \/>\n<meta property=\"og:image\" content=\"https:\/\/www.noticiasradioreflejos.com.ar\/2021\/wp-content\/uploads\/2021\/07\/logosol300x200.png\" \/>\n\t<meta property=\"og:image:width\" content=\"300\" \/>\n\t<meta property=\"og:image:height\" content=\"200\" \/>\n\t<meta property=\"og:image:type\" content=\"image\/png\" \/>\n<meta name=\"author\" content=\"Arnaldo Botto\" \/>\n<meta name=\"twitter:card\" content=\"summary_large_image\" \/>\n<script type=\"application\/ld+json\" class=\"yoast-schema-graph\">{\"@context\":\"https:\/\/schema.org\",\"@graph\":[{\"@type\":\"WebPage\",\"@id\":\"https:\/\/www.noticiasradioreflejos.com.ar\/2021\/bloque-jxc-ucr-pedido-de-informe-2\/\",\"url\":\"https:\/\/www.noticiasradioreflejos.com.ar\/2021\/bloque-jxc-ucr-pedido-de-informe-2\/\",\"name\":\"Bloque JxC UCR: Pedido de informe - Noticias Radio Reflejos\",\"isPartOf\":{\"@id\":\"https:\/\/www.noticiasradioreflejos.com.ar\/2021\/#website\"},\"datePublished\":\"2024-03-20T16:54:11+00:00\",\"dateModified\":\"2024-03-20T16:56:53+00:00\",\"author\":{\"@id\":\"https:\/\/www.noticiasradioreflejos.com.ar\/2021\/#\/schema\/person\/ad82545263dcc5ec0996818884fd5fb1\"},\"breadcrumb\":{\"@id\":\"https:\/\/www.noticiasradioreflejos.com.ar\/2021\/bloque-jxc-ucr-pedido-de-informe-2\/#breadcrumb\"},\"inLanguage\":\"es\",\"potentialAction\":[{\"@type\":\"ReadAction\",\"target\":[\"https:\/\/www.noticiasradioreflejos.com.ar\/2021\/bloque-jxc-ucr-pedido-de-informe-2\/\"]}]},{\"@type\":\"BreadcrumbList\",\"@id\":\"https:\/\/www.noticiasradioreflejos.com.ar\/2021\/bloque-jxc-ucr-pedido-de-informe-2\/#breadcrumb\",\"itemListElement\":[{\"@type\":\"ListItem\",\"position\":1,\"name\":\"Portada\",\"item\":\"https:\/\/www.noticiasradioreflejos.com.ar\/2021\/\"},{\"@type\":\"ListItem\",\"position\":2,\"name\":\"Bloque JxC UCR: Pedido de informe\"}]},{\"@type\":\"WebSite\",\"@id\":\"https:\/\/www.noticiasradioreflejos.com.ar\/2021\/#website\",\"url\":\"https:\/\/www.noticiasradioreflejos.com.ar\/2021\/\",\"name\":\"Noticias Radio Reflejos\",\"description\":\"Las noticias de mi comarca\",\"potentialAction\":[{\"@type\":\"SearchAction\",\"target\":{\"@type\":\"EntryPoint\",\"urlTemplate\":\"https:\/\/www.noticiasradioreflejos.com.ar\/2021\/?s={search_term_string}\"},\"query-input\":{\"@type\":\"PropertyValueSpecification\",\"valueRequired\":true,\"valueName\":\"search_term_string\"}}],\"inLanguage\":\"es\"},{\"@type\":\"Person\",\"@id\":\"https:\/\/www.noticiasradioreflejos.com.ar\/2021\/#\/schema\/person\/ad82545263dcc5ec0996818884fd5fb1\",\"name\":\"Arnaldo Botto\",\"image\":{\"@type\":\"ImageObject\",\"inLanguage\":\"es\",\"@id\":\"https:\/\/www.noticiasradioreflejos.com.ar\/2021\/#\/schema\/person\/image\/\",\"url\":\"https:\/\/secure.gravatar.com\/avatar\/55cb5e37c1efa326397366e6974cb338056df65cb50e7d64d1cf314e87504837?s=96&d=mm&r=g\",\"contentUrl\":\"https:\/\/secure.gravatar.com\/avatar\/55cb5e37c1efa326397366e6974cb338056df65cb50e7d64d1cf314e87504837?s=96&d=mm&r=g\",\"caption\":\"Arnaldo Botto\"},\"url\":\"https:\/\/www.noticiasradioreflejos.com.ar\/2021\/author\/arnaldo\/\"}]}<\/script>\n<!-- \/ Yoast SEO plugin. -->","yoast_head_json":{"title":"Bloque JxC UCR: Pedido de informe - Noticias Radio Reflejos","robots":{"index":"index","follow":"follow","max-snippet":"max-snippet:-1","max-image-preview":"max-image-preview:large","max-video-preview":"max-video-preview:-1"},"canonical":"https:\/\/www.noticiasradioreflejos.com.ar\/2021\/bloque-jxc-ucr-pedido-de-informe-2\/","og_locale":"es_ES","og_type":"article","og_title":"Bloque JxC UCR: Pedido de informe - Noticias Radio Reflejos","og_description":"El Bloque de Juntor por el Cambio y la Uni\u00f3n C\u00edvica Radical realizan pedido de informe al Ejecutivo Municipal referido al alquiler de grupo electr\u00f3geno para ser utilizado en la localidad de Sierra de la Ventana. Tornquist, 19 de marzo de 2024.- VISTO: Las atribuciones conferidas por la Ley Org\u00e1nica de las Municipalidades de la [&hellip;]","og_url":"https:\/\/www.noticiasradioreflejos.com.ar\/2021\/bloque-jxc-ucr-pedido-de-informe-2\/","og_site_name":"Noticias Radio Reflejos","article_published_time":"2024-03-20T16:54:11+00:00","article_modified_time":"2024-03-20T16:56:53+00:00","og_image":[{"width":300,"height":200,"url":"https:\/\/www.noticiasradioreflejos.com.ar\/2021\/wp-content\/uploads\/2021\/07\/logosol300x200.png","type":"image\/png"}],"author":"Arnaldo Botto","twitter_card":"summary_large_image","schema":{"@context":"https:\/\/schema.org","@graph":[{"@type":"WebPage","@id":"https:\/\/www.noticiasradioreflejos.com.ar\/2021\/bloque-jxc-ucr-pedido-de-informe-2\/","url":"https:\/\/www.noticiasradioreflejos.com.ar\/2021\/bloque-jxc-ucr-pedido-de-informe-2\/","name":"Bloque JxC UCR: Pedido de informe - Noticias Radio Reflejos","isPartOf":{"@id":"https:\/\/www.noticiasradioreflejos.com.ar\/2021\/#website"},"datePublished":"2024-03-20T16:54:11+00:00","dateModified":"2024-03-20T16:56:53+00:00","author":{"@id":"https:\/\/www.noticiasradioreflejos.com.ar\/2021\/#\/schema\/person\/ad82545263dcc5ec0996818884fd5fb1"},"breadcrumb":{"@id":"https:\/\/www.noticiasradioreflejos.com.ar\/2021\/bloque-jxc-ucr-pedido-de-informe-2\/#breadcrumb"},"inLanguage":"es","potentialAction":[{"@type":"ReadAction","target":["https:\/\/www.noticiasradioreflejos.com.ar\/2021\/bloque-jxc-ucr-pedido-de-informe-2\/"]}]},{"@type":"BreadcrumbList","@id":"https:\/\/www.noticiasradioreflejos.com.ar\/2021\/bloque-jxc-ucr-pedido-de-informe-2\/#breadcrumb","itemListElement":[{"@type":"ListItem","position":1,"name":"Portada","item":"https:\/\/www.noticiasradioreflejos.com.ar\/2021\/"},{"@type":"ListItem","position":2,"name":"Bloque JxC UCR: Pedido de informe"}]},{"@type":"WebSite","@id":"https:\/\/www.noticiasradioreflejos.com.ar\/2021\/#website","url":"https:\/\/www.noticiasradioreflejos.com.ar\/2021\/","name":"Noticias Radio Reflejos","description":"Las noticias de mi comarca","potentialAction":[{"@type":"SearchAction","target":{"@type":"EntryPoint","urlTemplate":"https:\/\/www.noticiasradioreflejos.com.ar\/2021\/?s={search_term_string}"},"query-input":{"@type":"PropertyValueSpecification","valueRequired":true,"valueName":"search_term_string"}}],"inLanguage":"es"},{"@type":"Person","@id":"https:\/\/www.noticiasradioreflejos.com.ar\/2021\/#\/schema\/person\/ad82545263dcc5ec0996818884fd5fb1","name":"Arnaldo Botto","image":{"@type":"ImageObject","inLanguage":"es","@id":"https:\/\/www.noticiasradioreflejos.com.ar\/2021\/#\/schema\/person\/image\/","url":"https:\/\/secure.gravatar.com\/avatar\/55cb5e37c1efa326397366e6974cb338056df65cb50e7d64d1cf314e87504837?s=96&d=mm&r=g","contentUrl":"https:\/\/secure.gravatar.com\/avatar\/55cb5e37c1efa326397366e6974cb338056df65cb50e7d64d1cf314e87504837?s=96&d=mm&r=g","caption":"Arnaldo Botto"},"url":"https:\/\/www.noticiasradioreflejos.com.ar\/2021\/author\/arnaldo\/"}]}},"_links":{"self":[{"href":"https:\/\/www.noticiasradioreflejos.com.ar\/2021\/wp-json\/wp\/v2\/posts\/100345","targetHints":{"allow":["GET"]}}],"collection":[{"href":"https:\/\/www.noticiasradioreflejos.com.ar\/2021\/wp-json\/wp\/v2\/posts"}],"about":[{"href":"https:\/\/www.noticiasradioreflejos.com.ar\/2021\/wp-json\/wp\/v2\/types\/post"}],"author":[{"embeddable":true,"href":"https:\/\/www.noticiasradioreflejos.com.ar\/2021\/wp-json\/wp\/v2\/users\/3"}],"replies":[{"embeddable":true,"href":"https:\/\/www.noticiasradioreflejos.com.ar\/2021\/wp-json\/wp\/v2\/comments?post=100345"}],"version-history":[{"count":1,"href":"https:\/\/www.noticiasradioreflejos.com.ar\/2021\/wp-json\/wp\/v2\/posts\/100345\/revisions"}],"predecessor-version":[{"id":100347,"href":"https:\/\/www.noticiasradioreflejos.com.ar\/2021\/wp-json\/wp\/v2\/posts\/100345\/revisions\/100347"}],"wp:attachment":[{"href":"https:\/\/www.noticiasradioreflejos.com.ar\/2021\/wp-json\/wp\/v2\/media?parent=100345"}],"wp:term":[{"taxonomy":"category","embeddable":true,"href":"https:\/\/www.noticiasradioreflejos.com.ar\/2021\/wp-json\/wp\/v2\/categories?post=100345"},{"taxonomy":"post_tag","embeddable":true,"href":"https:\/\/www.noticiasradioreflejos.com.ar\/2021\/wp-json\/wp\/v2\/tags?post=100345"}],"curies":[{"name":"wp","href":"https:\/\/api.w.org\/{rel}","templated":true}]}}