{"id":100337,"date":"2024-03-20T13:48:36","date_gmt":"2024-03-20T16:48:36","guid":{"rendered":"https:\/\/www.noticiasradioreflejos.com.ar\/2021\/?p=100337"},"modified":"2024-03-20T13:48:36","modified_gmt":"2024-03-20T16:48:36","slug":"destacado-desempeno-de-la-escuela-municipal-de-atletismo-en-mendoza","status":"publish","type":"post","link":"https:\/\/www.noticiasradioreflejos.com.ar\/2021\/destacado-desempeno-de-la-escuela-municipal-de-atletismo-en-mendoza\/","title":{"rendered":"Destacado desempe\u00f1o de la Escuela Municipal de Atletismo en Mendoza"},"content":{"rendered":"<p>La Escuela Municipal de Atletismo de Tornquist (EMAT), particip\u00f3 del Torneo Vendimia 2024, disputado del 16 al 18 de este mes en la ciudad de Mendoza.<!--more--><\/p>\n<p><a data-flickr-embed=\"true\" href=\"https:\/\/www.flickr.com\/photos\/182279889@N02\/53599905746\/in\/dateposted-public\/\" title=\"EMAT Mendoza (3)\"><img loading=\"lazy\" decoding=\"async\" src=\"https:\/\/live.staticflickr.com\/65535\/53599905746_17f8abb229_c.jpg\" width=\"800\" height=\"800\" alt=\"EMAT Mendoza (3)\"\/><\/a><script async src=\"\/\/embedr.flickr.com\/assets\/client-code.js\" charset=\"utf-8\"><\/script><\/p>\n<p>Con destacados desempe\u00f1os, cinco representantes de la EMAT representaron al distrito, obteniendo los siguientes resultados:<\/p>\n<p>Categor\u00eda U16 &#8211; Ariel Sanz:<br \/>\n2do en Lanzamiento de jabalina<br \/>\n3ro en lanzamiento de martillo<br \/>\n4to en lanzamiento de bala<br \/>\n4to en lanzamiento de disco <\/p>\n<p>Categor\u00eda U18<br \/>\n-Tom\u00e1s Trivellini:<br \/>\n3ro en salto en largo<br \/>\n5to en 100 metros llanos<br \/>\n7mo en 110 metros con vallas<br \/>\n-Iara Perez:<br \/>\n2do en lanzamiento de disco<br \/>\n4to en lanzamiento de martillo<br \/>\n5to en lanzamiento de bala <\/p>\n<p>Categor\u00eda U20 &#8211; Nicol\u00e1s Sethman:<br \/>\n2do en lanzamiento de martillo<br \/>\n2do en lanzamiento de jabalina<br \/>\n3ro en lanzamiento de bala<br \/>\n6to en lanzamiento de disco <\/p>\n<p>Categor\u00eda Mayores &#8211; Nicol\u00e1s Cabral:<br \/>\n2do en salto en alto<br \/>\n2do en salto en largo<br \/>\n2do en 110 metros con vallas<br \/>\n10mo en 100 metros llanos <\/p>\n<p>La Subsecretar\u00eda de Deportes felicita a los participantes y agradece la colaboraci\u00f3n permanente de la comisi\u00f3n de la EMAT para hacer posible el viaje.<\/p>\n<p><a data-flickr-embed=\"true\" href=\"https:\/\/www.flickr.com\/photos\/182279889@N02\/53599905741\/in\/dateposted-public\/\" title=\"EMAT Mendoza (1)\"><img loading=\"lazy\" decoding=\"async\" src=\"https:\/\/live.staticflickr.com\/65535\/53599905741_31f7de907f_c.jpg\" width=\"800\" height=\"800\" alt=\"EMAT Mendoza (1)\"\/><\/a><script async src=\"\/\/embedr.flickr.com\/assets\/client-code.js\" charset=\"utf-8\"><\/script><\/p>\n<p><a data-flickr-embed=\"true\" href=\"https:\/\/www.flickr.com\/photos\/182279889@N02\/53600366195\/in\/dateposted-public\/\" title=\"EMAT Mendoza (2)\"><img loading=\"lazy\" decoding=\"async\" src=\"https:\/\/live.staticflickr.com\/65535\/53600366195_b63433d1a8_c.jpg\" width=\"800\" height=\"800\" alt=\"EMAT Mendoza (2)\"\/><\/a><script async src=\"\/\/embedr.flickr.com\/assets\/client-code.js\" charset=\"utf-8\"><\/script><\/p>\n","protected":false},"excerpt":{"rendered":"<p>La Escuela Municipal de Atletismo de Tornquist (EMAT), particip\u00f3 del Torneo Vendimia 2024, disputado del 16 al 18 de este mes en la ciudad de Mendoza.<\/p>\n","protected":false},"author":3,"featured_media":0,"comment_status":"closed","ping_status":"closed","sticky":false,"template":"","format":"standard","meta":{"footnotes":""},"categories":[1],"tags":[],"class_list":["post-100337","post","type-post","status-publish","format-standard","hentry","category-sin-categoria"],"yoast_head":"<!-- This site is optimized with the Yoast SEO plugin v25.9 - https:\/\/yoast.com\/wordpress\/plugins\/seo\/ -->\n<title>Destacado desempe\u00f1o de la Escuela Municipal de Atletismo en Mendoza - Noticias Radio Reflejos<\/title>\n<meta name=\"robots\" content=\"index, follow, max-snippet:-1, max-image-preview:large, max-video-preview:-1\" \/>\n<link rel=\"canonical\" href=\"https:\/\/www.noticiasradioreflejos.com.ar\/2021\/destacado-desempeno-de-la-escuela-municipal-de-atletismo-en-mendoza\/\" \/>\n<meta property=\"og:locale\" content=\"es_ES\" \/>\n<meta property=\"og:type\" content=\"article\" \/>\n<meta property=\"og:title\" content=\"Destacado desempe\u00f1o de la Escuela Municipal de Atletismo en Mendoza - Noticias Radio Reflejos\" \/>\n<meta property=\"og:description\" content=\"La Escuela Municipal de Atletismo de Tornquist (EMAT), particip\u00f3 del Torneo Vendimia 2024, disputado del 16 al 18 de este mes en la ciudad de Mendoza.\" \/>\n<meta property=\"og:url\" content=\"https:\/\/www.noticiasradioreflejos.com.ar\/2021\/destacado-desempeno-de-la-escuela-municipal-de-atletismo-en-mendoza\/\" \/>\n<meta property=\"og:site_name\" content=\"Noticias Radio Reflejos\" \/>\n<meta property=\"article:published_time\" content=\"2024-03-20T16:48:36+00:00\" \/>\n<meta property=\"og:image\" content=\"https:\/\/live.staticflickr.com\/65535\/53599905746_17f8abb229_c.jpg\" \/>\n<meta name=\"author\" content=\"Arnaldo Botto\" \/>\n<meta name=\"twitter:card\" content=\"summary_large_image\" \/>\n<script type=\"application\/ld+json\" class=\"yoast-schema-graph\">{\"@context\":\"https:\/\/schema.org\",\"@graph\":[{\"@type\":\"WebPage\",\"@id\":\"https:\/\/www.noticiasradioreflejos.com.ar\/2021\/destacado-desempeno-de-la-escuela-municipal-de-atletismo-en-mendoza\/\",\"url\":\"https:\/\/www.noticiasradioreflejos.com.ar\/2021\/destacado-desempeno-de-la-escuela-municipal-de-atletismo-en-mendoza\/\",\"name\":\"Destacado desempe\u00f1o de la Escuela Municipal de Atletismo en Mendoza - Noticias Radio Reflejos\",\"isPartOf\":{\"@id\":\"https:\/\/www.noticiasradioreflejos.com.ar\/2021\/#website\"},\"primaryImageOfPage\":{\"@id\":\"https:\/\/www.noticiasradioreflejos.com.ar\/2021\/destacado-desempeno-de-la-escuela-municipal-de-atletismo-en-mendoza\/#primaryimage\"},\"image\":{\"@id\":\"https:\/\/www.noticiasradioreflejos.com.ar\/2021\/destacado-desempeno-de-la-escuela-municipal-de-atletismo-en-mendoza\/#primaryimage\"},\"thumbnailUrl\":\"https:\/\/live.staticflickr.com\/65535\/53599905746_17f8abb229_c.jpg\",\"datePublished\":\"2024-03-20T16:48:36+00:00\",\"author\":{\"@id\":\"https:\/\/www.noticiasradioreflejos.com.ar\/2021\/#\/schema\/person\/ad82545263dcc5ec0996818884fd5fb1\"},\"breadcrumb\":{\"@id\":\"https:\/\/www.noticiasradioreflejos.com.ar\/2021\/destacado-desempeno-de-la-escuela-municipal-de-atletismo-en-mendoza\/#breadcrumb\"},\"inLanguage\":\"es\",\"potentialAction\":[{\"@type\":\"ReadAction\",\"target\":[\"https:\/\/www.noticiasradioreflejos.com.ar\/2021\/destacado-desempeno-de-la-escuela-municipal-de-atletismo-en-mendoza\/\"]}]},{\"@type\":\"ImageObject\",\"inLanguage\":\"es\",\"@id\":\"https:\/\/www.noticiasradioreflejos.com.ar\/2021\/destacado-desempeno-de-la-escuela-municipal-de-atletismo-en-mendoza\/#primaryimage\",\"url\":\"https:\/\/live.staticflickr.com\/65535\/53599905746_17f8abb229_c.jpg\",\"contentUrl\":\"https:\/\/live.staticflickr.com\/65535\/53599905746_17f8abb229_c.jpg\"},{\"@type\":\"BreadcrumbList\",\"@id\":\"https:\/\/www.noticiasradioreflejos.com.ar\/2021\/destacado-desempeno-de-la-escuela-municipal-de-atletismo-en-mendoza\/#breadcrumb\",\"itemListElement\":[{\"@type\":\"ListItem\",\"position\":1,\"name\":\"Portada\",\"item\":\"https:\/\/www.noticiasradioreflejos.com.ar\/2021\/\"},{\"@type\":\"ListItem\",\"position\":2,\"name\":\"Destacado desempe\u00f1o de la Escuela Municipal de Atletismo en Mendoza\"}]},{\"@type\":\"WebSite\",\"@id\":\"https:\/\/www.noticiasradioreflejos.com.ar\/2021\/#website\",\"url\":\"https:\/\/www.noticiasradioreflejos.com.ar\/2021\/\",\"name\":\"Noticias Radio Reflejos\",\"description\":\"Las noticias de mi comarca\",\"potentialAction\":[{\"@type\":\"SearchAction\",\"target\":{\"@type\":\"EntryPoint\",\"urlTemplate\":\"https:\/\/www.noticiasradioreflejos.com.ar\/2021\/?s={search_term_string}\"},\"query-input\":{\"@type\":\"PropertyValueSpecification\",\"valueRequired\":true,\"valueName\":\"search_term_string\"}}],\"inLanguage\":\"es\"},{\"@type\":\"Person\",\"@id\":\"https:\/\/www.noticiasradioreflejos.com.ar\/2021\/#\/schema\/person\/ad82545263dcc5ec0996818884fd5fb1\",\"name\":\"Arnaldo Botto\",\"image\":{\"@type\":\"ImageObject\",\"inLanguage\":\"es\",\"@id\":\"https:\/\/www.noticiasradioreflejos.com.ar\/2021\/#\/schema\/person\/image\/\",\"url\":\"https:\/\/secure.gravatar.com\/avatar\/55cb5e37c1efa326397366e6974cb338056df65cb50e7d64d1cf314e87504837?s=96&d=mm&r=g\",\"contentUrl\":\"https:\/\/secure.gravatar.com\/avatar\/55cb5e37c1efa326397366e6974cb338056df65cb50e7d64d1cf314e87504837?s=96&d=mm&r=g\",\"caption\":\"Arnaldo Botto\"},\"url\":\"https:\/\/www.noticiasradioreflejos.com.ar\/2021\/author\/arnaldo\/\"}]}<\/script>\n<!-- \/ Yoast SEO plugin. -->","yoast_head_json":{"title":"Destacado desempe\u00f1o de la Escuela Municipal de Atletismo en Mendoza - Noticias Radio Reflejos","robots":{"index":"index","follow":"follow","max-snippet":"max-snippet:-1","max-image-preview":"max-image-preview:large","max-video-preview":"max-video-preview:-1"},"canonical":"https:\/\/www.noticiasradioreflejos.com.ar\/2021\/destacado-desempeno-de-la-escuela-municipal-de-atletismo-en-mendoza\/","og_locale":"es_ES","og_type":"article","og_title":"Destacado desempe\u00f1o de la Escuela Municipal de Atletismo en Mendoza - Noticias Radio Reflejos","og_description":"La Escuela Municipal de Atletismo de Tornquist (EMAT), particip\u00f3 del Torneo Vendimia 2024, disputado del 16 al 18 de este mes en la ciudad de Mendoza.","og_url":"https:\/\/www.noticiasradioreflejos.com.ar\/2021\/destacado-desempeno-de-la-escuela-municipal-de-atletismo-en-mendoza\/","og_site_name":"Noticias Radio Reflejos","article_published_time":"2024-03-20T16:48:36+00:00","og_image":[{"url":"https:\/\/live.staticflickr.com\/65535\/53599905746_17f8abb229_c.jpg","type":"","width":"","height":""}],"author":"Arnaldo Botto","twitter_card":"summary_large_image","schema":{"@context":"https:\/\/schema.org","@graph":[{"@type":"WebPage","@id":"https:\/\/www.noticiasradioreflejos.com.ar\/2021\/destacado-desempeno-de-la-escuela-municipal-de-atletismo-en-mendoza\/","url":"https:\/\/www.noticiasradioreflejos.com.ar\/2021\/destacado-desempeno-de-la-escuela-municipal-de-atletismo-en-mendoza\/","name":"Destacado desempe\u00f1o de la Escuela Municipal de Atletismo en Mendoza - Noticias Radio Reflejos","isPartOf":{"@id":"https:\/\/www.noticiasradioreflejos.com.ar\/2021\/#website"},"primaryImageOfPage":{"@id":"https:\/\/www.noticiasradioreflejos.com.ar\/2021\/destacado-desempeno-de-la-escuela-municipal-de-atletismo-en-mendoza\/#primaryimage"},"image":{"@id":"https:\/\/www.noticiasradioreflejos.com.ar\/2021\/destacado-desempeno-de-la-escuela-municipal-de-atletismo-en-mendoza\/#primaryimage"},"thumbnailUrl":"https:\/\/live.staticflickr.com\/65535\/53599905746_17f8abb229_c.jpg","datePublished":"2024-03-20T16:48:36+00:00","author":{"@id":"https:\/\/www.noticiasradioreflejos.com.ar\/2021\/#\/schema\/person\/ad82545263dcc5ec0996818884fd5fb1"},"breadcrumb":{"@id":"https:\/\/www.noticiasradioreflejos.com.ar\/2021\/destacado-desempeno-de-la-escuela-municipal-de-atletismo-en-mendoza\/#breadcrumb"},"inLanguage":"es","potentialAction":[{"@type":"ReadAction","target":["https:\/\/www.noticiasradioreflejos.com.ar\/2021\/destacado-desempeno-de-la-escuela-municipal-de-atletismo-en-mendoza\/"]}]},{"@type":"ImageObject","inLanguage":"es","@id":"https:\/\/www.noticiasradioreflejos.com.ar\/2021\/destacado-desempeno-de-la-escuela-municipal-de-atletismo-en-mendoza\/#primaryimage","url":"https:\/\/live.staticflickr.com\/65535\/53599905746_17f8abb229_c.jpg","contentUrl":"https:\/\/live.staticflickr.com\/65535\/53599905746_17f8abb229_c.jpg"},{"@type":"BreadcrumbList","@id":"https:\/\/www.noticiasradioreflejos.com.ar\/2021\/destacado-desempeno-de-la-escuela-municipal-de-atletismo-en-mendoza\/#breadcrumb","itemListElement":[{"@type":"ListItem","position":1,"name":"Portada","item":"https:\/\/www.noticiasradioreflejos.com.ar\/2021\/"},{"@type":"ListItem","position":2,"name":"Destacado desempe\u00f1o de la Escuela Municipal de Atletismo en Mendoza"}]},{"@type":"WebSite","@id":"https:\/\/www.noticiasradioreflejos.com.ar\/2021\/#website","url":"https:\/\/www.noticiasradioreflejos.com.ar\/2021\/","name":"Noticias Radio Reflejos","description":"Las noticias de mi comarca","potentialAction":[{"@type":"SearchAction","target":{"@type":"EntryPoint","urlTemplate":"https:\/\/www.noticiasradioreflejos.com.ar\/2021\/?s={search_term_string}"},"query-input":{"@type":"PropertyValueSpecification","valueRequired":true,"valueName":"search_term_string"}}],"inLanguage":"es"},{"@type":"Person","@id":"https:\/\/www.noticiasradioreflejos.com.ar\/2021\/#\/schema\/person\/ad82545263dcc5ec0996818884fd5fb1","name":"Arnaldo Botto","image":{"@type":"ImageObject","inLanguage":"es","@id":"https:\/\/www.noticiasradioreflejos.com.ar\/2021\/#\/schema\/person\/image\/","url":"https:\/\/secure.gravatar.com\/avatar\/55cb5e37c1efa326397366e6974cb338056df65cb50e7d64d1cf314e87504837?s=96&d=mm&r=g","contentUrl":"https:\/\/secure.gravatar.com\/avatar\/55cb5e37c1efa326397366e6974cb338056df65cb50e7d64d1cf314e87504837?s=96&d=mm&r=g","caption":"Arnaldo Botto"},"url":"https:\/\/www.noticiasradioreflejos.com.ar\/2021\/author\/arnaldo\/"}]}},"_links":{"self":[{"href":"https:\/\/www.noticiasradioreflejos.com.ar\/2021\/wp-json\/wp\/v2\/posts\/100337","targetHints":{"allow":["GET"]}}],"collection":[{"href":"https:\/\/www.noticiasradioreflejos.com.ar\/2021\/wp-json\/wp\/v2\/posts"}],"about":[{"href":"https:\/\/www.noticiasradioreflejos.com.ar\/2021\/wp-json\/wp\/v2\/types\/post"}],"author":[{"embeddable":true,"href":"https:\/\/www.noticiasradioreflejos.com.ar\/2021\/wp-json\/wp\/v2\/users\/3"}],"replies":[{"embeddable":true,"href":"https:\/\/www.noticiasradioreflejos.com.ar\/2021\/wp-json\/wp\/v2\/comments?post=100337"}],"version-history":[{"count":1,"href":"https:\/\/www.noticiasradioreflejos.com.ar\/2021\/wp-json\/wp\/v2\/posts\/100337\/revisions"}],"predecessor-version":[{"id":100339,"href":"https:\/\/www.noticiasradioreflejos.com.ar\/2021\/wp-json\/wp\/v2\/posts\/100337\/revisions\/100339"}],"wp:attachment":[{"href":"https:\/\/www.noticiasradioreflejos.com.ar\/2021\/wp-json\/wp\/v2\/media?parent=100337"}],"wp:term":[{"taxonomy":"category","embeddable":true,"href":"https:\/\/www.noticiasradioreflejos.com.ar\/2021\/wp-json\/wp\/v2\/categories?post=100337"},{"taxonomy":"post_tag","embeddable":true,"href":"https:\/\/www.noticiasradioreflejos.com.ar\/2021\/wp-json\/wp\/v2\/tags?post=100337"}],"curies":[{"name":"wp","href":"https:\/\/api.w.org\/{rel}","templated":true}]}}