{"id":100290,"date":"2024-03-19T12:16:28","date_gmt":"2024-03-19T15:16:28","guid":{"rendered":"https:\/\/www.noticiasradioreflejos.com.ar\/2021\/?p=100290"},"modified":"2024-03-19T12:17:35","modified_gmt":"2024-03-19T15:17:35","slug":"el-gobierno-de-javier-milei-quiere-cambiar-el-monotributo-como-quedarian-las-escalas","status":"publish","type":"post","link":"https:\/\/www.noticiasradioreflejos.com.ar\/2021\/el-gobierno-de-javier-milei-quiere-cambiar-el-monotributo-como-quedarian-las-escalas\/","title":{"rendered":"El Gobierno de Javier Milei quiere cambiar el monotributo: c\u00f3mo quedar\u00edan las escalas"},"content":{"rendered":"<p>El nuevo paquete de medidas fiscales propuesto por el Gobierno de Javier Milei busca ajustar los niveles de facturaci\u00f3n del Monotributo, con incrementos menos pronunciados que los propuestos anteriormente. Esto implica cambios significativos en las cuotas a pagar y en los l\u00edmites de ingresos permitidos para cada categor\u00eda.<!--more--><\/p>\n<p>El Gobierno de Javier Milei est\u00e1 impulsando un nuevo paquete de medidas fiscales destinadas a modificar los niveles de facturaci\u00f3n del Monotributo. Esta propuesta representa un aumento en los l\u00edmites de facturaci\u00f3n, aunque menos significativo que la versi\u00f3n anterior que fue retirada del Congreso. Sin embargo, la cuota a ingresar experimenta un incremento mayor que en la propuesta previa.<\/p>\n<p>Seg\u00fan especialistas consultados por el diario Clar\u00edn, en el nuevo proyecto, los niveles de facturaci\u00f3n de la categor\u00eda A pasar\u00edan de los actuales $2.108.288 a $3.000.000 anuales, en comparaci\u00f3n con los $5.000.000 propuestos en el megaproyecto anterior.<\/p>\n<p>Seg\u00fan los c\u00e1lculos de Gabriela Russo, titular del Consejo Profesional de Ciencias Econ\u00f3micas, los ingresos permitidos de la categor\u00eda A aumentar\u00edan un 42% sobre los actuales, mientras que los tres componentes de la cuota tambi\u00e9n se incrementar\u00edan significativamente: el impuesto integrado subir\u00eda un 139%, los aportes a la Seguridad Social un 112%, y a la obra social un 114%.<\/p>\n<p>Este patr\u00f3n se repite en el resto de las categor\u00edas. Por ejemplo, la categor\u00eda B aumentar\u00eda de $3.133.941 a $4.000.000, solo un 28%, en comparaci\u00f3n con los $8.000.000 propuestos anteriormente.<\/p>\n<p>Las categor\u00edas m\u00e1s altas experimentar\u00edan un aumento porcentual mayor. Por ejemplo, la categor\u00eda K, de venta de cosas muebles, pasar\u00eda de $16.957.968 a $35.500.000, un incremento del 109%.<\/p>\n<p>Por otro lado, seg\u00fan Fernando L\u00f3pez Chiesa, del Estudio Litvin, Lisicki y Asociados, las cuotas mensuales a pagar ir\u00edan desde $26.100 para la categor\u00eda A hasta $133.097 para la categor\u00eda H m\u00e1s alta de servicios, y $246.919 para la venta de bienes, categor\u00eda K.<\/p>\n<h4>\u00bfCu\u00e1nto aumentar\u00edan las escalas del monotributo?<\/h4>\n<p>Categor\u00eda A: Sube de $2.108.288 a $3.000.000 anuales.<br \/>\nCategor\u00eda B: Aumenta de $3.133.941 a $4.000.000, un incremento del 28%.<br \/>\nCategor\u00eda K (venta de cosas muebles): Pasa de $16.957.968 a $35.500.000, un aumento del 109%.<\/p>\n<h4>\u00bfCu\u00e1nto aumentar\u00eda la cuota del monotributo?<\/h4>\n<p>Categor\u00eda A: La cuota mensual pasar\u00eda a ser de $26.100, en comparaci\u00f3n con los $12.128 actuales.<br \/>\nCategor\u00eda H (m\u00e1s alta de servicios): Se estima que la cuota ascender\u00e1 a $133.097, frente a los $66.111 que se pagan actualmente.<br \/>\nCategor\u00eda K (venta de bienes): La cuota mensual proyectada alcanzar\u00eda los $246.919, superando los $106.964 del presente.<\/p>\n<p>&nbsp;<\/p>\n<p>&nbsp;<\/p>\n<p>&nbsp;<\/p>\n<p><em><strong>Fuente NA<\/strong><\/em><\/p>\n","protected":false},"excerpt":{"rendered":"<p>El nuevo paquete de medidas fiscales propuesto por el Gobierno de Javier Milei busca ajustar los niveles de facturaci\u00f3n del Monotributo, con incrementos menos pronunciados que los propuestos anteriormente. Esto implica cambios significativos en las cuotas a pagar y en los l\u00edmites de ingresos permitidos para cada categor\u00eda.<\/p>\n","protected":false},"author":3,"featured_media":0,"comment_status":"closed","ping_status":"closed","sticky":false,"template":"","format":"standard","meta":{"footnotes":""},"categories":[36],"tags":[],"class_list":["post-100290","post","type-post","status-publish","format-standard","hentry","category-economia"],"yoast_head":"<!-- This site is optimized with the Yoast SEO plugin v25.9 - https:\/\/yoast.com\/wordpress\/plugins\/seo\/ -->\n<title>El Gobierno de Javier Milei quiere cambiar el monotributo: c\u00f3mo quedar\u00edan las escalas - Noticias Radio Reflejos<\/title>\n<meta name=\"robots\" content=\"index, follow, max-snippet:-1, max-image-preview:large, max-video-preview:-1\" \/>\n<link rel=\"canonical\" href=\"https:\/\/www.noticiasradioreflejos.com.ar\/2021\/el-gobierno-de-javier-milei-quiere-cambiar-el-monotributo-como-quedarian-las-escalas\/\" \/>\n<meta property=\"og:locale\" content=\"es_ES\" \/>\n<meta property=\"og:type\" content=\"article\" \/>\n<meta property=\"og:title\" content=\"El Gobierno de Javier Milei quiere cambiar el monotributo: c\u00f3mo quedar\u00edan las escalas - Noticias Radio Reflejos\" \/>\n<meta property=\"og:description\" content=\"El nuevo paquete de medidas fiscales propuesto por el Gobierno de Javier Milei busca ajustar los niveles de facturaci\u00f3n del Monotributo, con incrementos menos pronunciados que los propuestos anteriormente. Esto implica cambios significativos en las cuotas a pagar y en los l\u00edmites de ingresos permitidos para cada categor\u00eda.\" \/>\n<meta property=\"og:url\" content=\"https:\/\/www.noticiasradioreflejos.com.ar\/2021\/el-gobierno-de-javier-milei-quiere-cambiar-el-monotributo-como-quedarian-las-escalas\/\" \/>\n<meta property=\"og:site_name\" content=\"Noticias Radio Reflejos\" \/>\n<meta property=\"article:published_time\" content=\"2024-03-19T15:16:28+00:00\" \/>\n<meta property=\"article:modified_time\" content=\"2024-03-19T15:17:35+00:00\" \/>\n<meta property=\"og:image\" content=\"https:\/\/www.noticiasradioreflejos.com.ar\/2021\/wp-content\/uploads\/2021\/07\/logosol300x200.png\" \/>\n\t<meta property=\"og:image:width\" content=\"300\" \/>\n\t<meta property=\"og:image:height\" content=\"200\" \/>\n\t<meta property=\"og:image:type\" content=\"image\/png\" \/>\n<meta name=\"author\" content=\"Arnaldo Botto\" \/>\n<meta name=\"twitter:card\" content=\"summary_large_image\" \/>\n<script type=\"application\/ld+json\" class=\"yoast-schema-graph\">{\"@context\":\"https:\/\/schema.org\",\"@graph\":[{\"@type\":\"WebPage\",\"@id\":\"https:\/\/www.noticiasradioreflejos.com.ar\/2021\/el-gobierno-de-javier-milei-quiere-cambiar-el-monotributo-como-quedarian-las-escalas\/\",\"url\":\"https:\/\/www.noticiasradioreflejos.com.ar\/2021\/el-gobierno-de-javier-milei-quiere-cambiar-el-monotributo-como-quedarian-las-escalas\/\",\"name\":\"El Gobierno de Javier Milei quiere cambiar el monotributo: c\u00f3mo quedar\u00edan las escalas - Noticias Radio Reflejos\",\"isPartOf\":{\"@id\":\"https:\/\/www.noticiasradioreflejos.com.ar\/2021\/#website\"},\"datePublished\":\"2024-03-19T15:16:28+00:00\",\"dateModified\":\"2024-03-19T15:17:35+00:00\",\"author\":{\"@id\":\"https:\/\/www.noticiasradioreflejos.com.ar\/2021\/#\/schema\/person\/ad82545263dcc5ec0996818884fd5fb1\"},\"breadcrumb\":{\"@id\":\"https:\/\/www.noticiasradioreflejos.com.ar\/2021\/el-gobierno-de-javier-milei-quiere-cambiar-el-monotributo-como-quedarian-las-escalas\/#breadcrumb\"},\"inLanguage\":\"es\",\"potentialAction\":[{\"@type\":\"ReadAction\",\"target\":[\"https:\/\/www.noticiasradioreflejos.com.ar\/2021\/el-gobierno-de-javier-milei-quiere-cambiar-el-monotributo-como-quedarian-las-escalas\/\"]}]},{\"@type\":\"BreadcrumbList\",\"@id\":\"https:\/\/www.noticiasradioreflejos.com.ar\/2021\/el-gobierno-de-javier-milei-quiere-cambiar-el-monotributo-como-quedarian-las-escalas\/#breadcrumb\",\"itemListElement\":[{\"@type\":\"ListItem\",\"position\":1,\"name\":\"Portada\",\"item\":\"https:\/\/www.noticiasradioreflejos.com.ar\/2021\/\"},{\"@type\":\"ListItem\",\"position\":2,\"name\":\"El Gobierno de Javier Milei quiere cambiar el monotributo: c\u00f3mo quedar\u00edan las escalas\"}]},{\"@type\":\"WebSite\",\"@id\":\"https:\/\/www.noticiasradioreflejos.com.ar\/2021\/#website\",\"url\":\"https:\/\/www.noticiasradioreflejos.com.ar\/2021\/\",\"name\":\"Noticias Radio Reflejos\",\"description\":\"Las noticias de mi comarca\",\"potentialAction\":[{\"@type\":\"SearchAction\",\"target\":{\"@type\":\"EntryPoint\",\"urlTemplate\":\"https:\/\/www.noticiasradioreflejos.com.ar\/2021\/?s={search_term_string}\"},\"query-input\":{\"@type\":\"PropertyValueSpecification\",\"valueRequired\":true,\"valueName\":\"search_term_string\"}}],\"inLanguage\":\"es\"},{\"@type\":\"Person\",\"@id\":\"https:\/\/www.noticiasradioreflejos.com.ar\/2021\/#\/schema\/person\/ad82545263dcc5ec0996818884fd5fb1\",\"name\":\"Arnaldo Botto\",\"image\":{\"@type\":\"ImageObject\",\"inLanguage\":\"es\",\"@id\":\"https:\/\/www.noticiasradioreflejos.com.ar\/2021\/#\/schema\/person\/image\/\",\"url\":\"https:\/\/secure.gravatar.com\/avatar\/55cb5e37c1efa326397366e6974cb338056df65cb50e7d64d1cf314e87504837?s=96&d=mm&r=g\",\"contentUrl\":\"https:\/\/secure.gravatar.com\/avatar\/55cb5e37c1efa326397366e6974cb338056df65cb50e7d64d1cf314e87504837?s=96&d=mm&r=g\",\"caption\":\"Arnaldo Botto\"},\"url\":\"https:\/\/www.noticiasradioreflejos.com.ar\/2021\/author\/arnaldo\/\"}]}<\/script>\n<!-- \/ Yoast SEO plugin. -->","yoast_head_json":{"title":"El Gobierno de Javier Milei quiere cambiar el monotributo: c\u00f3mo quedar\u00edan las escalas - Noticias Radio Reflejos","robots":{"index":"index","follow":"follow","max-snippet":"max-snippet:-1","max-image-preview":"max-image-preview:large","max-video-preview":"max-video-preview:-1"},"canonical":"https:\/\/www.noticiasradioreflejos.com.ar\/2021\/el-gobierno-de-javier-milei-quiere-cambiar-el-monotributo-como-quedarian-las-escalas\/","og_locale":"es_ES","og_type":"article","og_title":"El Gobierno de Javier Milei quiere cambiar el monotributo: c\u00f3mo quedar\u00edan las escalas - Noticias Radio Reflejos","og_description":"El nuevo paquete de medidas fiscales propuesto por el Gobierno de Javier Milei busca ajustar los niveles de facturaci\u00f3n del Monotributo, con incrementos menos pronunciados que los propuestos anteriormente. Esto implica cambios significativos en las cuotas a pagar y en los l\u00edmites de ingresos permitidos para cada categor\u00eda.","og_url":"https:\/\/www.noticiasradioreflejos.com.ar\/2021\/el-gobierno-de-javier-milei-quiere-cambiar-el-monotributo-como-quedarian-las-escalas\/","og_site_name":"Noticias Radio Reflejos","article_published_time":"2024-03-19T15:16:28+00:00","article_modified_time":"2024-03-19T15:17:35+00:00","og_image":[{"width":300,"height":200,"url":"https:\/\/www.noticiasradioreflejos.com.ar\/2021\/wp-content\/uploads\/2021\/07\/logosol300x200.png","type":"image\/png"}],"author":"Arnaldo Botto","twitter_card":"summary_large_image","schema":{"@context":"https:\/\/schema.org","@graph":[{"@type":"WebPage","@id":"https:\/\/www.noticiasradioreflejos.com.ar\/2021\/el-gobierno-de-javier-milei-quiere-cambiar-el-monotributo-como-quedarian-las-escalas\/","url":"https:\/\/www.noticiasradioreflejos.com.ar\/2021\/el-gobierno-de-javier-milei-quiere-cambiar-el-monotributo-como-quedarian-las-escalas\/","name":"El Gobierno de Javier Milei quiere cambiar el monotributo: c\u00f3mo quedar\u00edan las escalas - Noticias Radio Reflejos","isPartOf":{"@id":"https:\/\/www.noticiasradioreflejos.com.ar\/2021\/#website"},"datePublished":"2024-03-19T15:16:28+00:00","dateModified":"2024-03-19T15:17:35+00:00","author":{"@id":"https:\/\/www.noticiasradioreflejos.com.ar\/2021\/#\/schema\/person\/ad82545263dcc5ec0996818884fd5fb1"},"breadcrumb":{"@id":"https:\/\/www.noticiasradioreflejos.com.ar\/2021\/el-gobierno-de-javier-milei-quiere-cambiar-el-monotributo-como-quedarian-las-escalas\/#breadcrumb"},"inLanguage":"es","potentialAction":[{"@type":"ReadAction","target":["https:\/\/www.noticiasradioreflejos.com.ar\/2021\/el-gobierno-de-javier-milei-quiere-cambiar-el-monotributo-como-quedarian-las-escalas\/"]}]},{"@type":"BreadcrumbList","@id":"https:\/\/www.noticiasradioreflejos.com.ar\/2021\/el-gobierno-de-javier-milei-quiere-cambiar-el-monotributo-como-quedarian-las-escalas\/#breadcrumb","itemListElement":[{"@type":"ListItem","position":1,"name":"Portada","item":"https:\/\/www.noticiasradioreflejos.com.ar\/2021\/"},{"@type":"ListItem","position":2,"name":"El Gobierno de Javier Milei quiere cambiar el monotributo: c\u00f3mo quedar\u00edan las escalas"}]},{"@type":"WebSite","@id":"https:\/\/www.noticiasradioreflejos.com.ar\/2021\/#website","url":"https:\/\/www.noticiasradioreflejos.com.ar\/2021\/","name":"Noticias Radio Reflejos","description":"Las noticias de mi comarca","potentialAction":[{"@type":"SearchAction","target":{"@type":"EntryPoint","urlTemplate":"https:\/\/www.noticiasradioreflejos.com.ar\/2021\/?s={search_term_string}"},"query-input":{"@type":"PropertyValueSpecification","valueRequired":true,"valueName":"search_term_string"}}],"inLanguage":"es"},{"@type":"Person","@id":"https:\/\/www.noticiasradioreflejos.com.ar\/2021\/#\/schema\/person\/ad82545263dcc5ec0996818884fd5fb1","name":"Arnaldo Botto","image":{"@type":"ImageObject","inLanguage":"es","@id":"https:\/\/www.noticiasradioreflejos.com.ar\/2021\/#\/schema\/person\/image\/","url":"https:\/\/secure.gravatar.com\/avatar\/55cb5e37c1efa326397366e6974cb338056df65cb50e7d64d1cf314e87504837?s=96&d=mm&r=g","contentUrl":"https:\/\/secure.gravatar.com\/avatar\/55cb5e37c1efa326397366e6974cb338056df65cb50e7d64d1cf314e87504837?s=96&d=mm&r=g","caption":"Arnaldo Botto"},"url":"https:\/\/www.noticiasradioreflejos.com.ar\/2021\/author\/arnaldo\/"}]}},"_links":{"self":[{"href":"https:\/\/www.noticiasradioreflejos.com.ar\/2021\/wp-json\/wp\/v2\/posts\/100290","targetHints":{"allow":["GET"]}}],"collection":[{"href":"https:\/\/www.noticiasradioreflejos.com.ar\/2021\/wp-json\/wp\/v2\/posts"}],"about":[{"href":"https:\/\/www.noticiasradioreflejos.com.ar\/2021\/wp-json\/wp\/v2\/types\/post"}],"author":[{"embeddable":true,"href":"https:\/\/www.noticiasradioreflejos.com.ar\/2021\/wp-json\/wp\/v2\/users\/3"}],"replies":[{"embeddable":true,"href":"https:\/\/www.noticiasradioreflejos.com.ar\/2021\/wp-json\/wp\/v2\/comments?post=100290"}],"version-history":[{"count":2,"href":"https:\/\/www.noticiasradioreflejos.com.ar\/2021\/wp-json\/wp\/v2\/posts\/100290\/revisions"}],"predecessor-version":[{"id":100292,"href":"https:\/\/www.noticiasradioreflejos.com.ar\/2021\/wp-json\/wp\/v2\/posts\/100290\/revisions\/100292"}],"wp:attachment":[{"href":"https:\/\/www.noticiasradioreflejos.com.ar\/2021\/wp-json\/wp\/v2\/media?parent=100290"}],"wp:term":[{"taxonomy":"category","embeddable":true,"href":"https:\/\/www.noticiasradioreflejos.com.ar\/2021\/wp-json\/wp\/v2\/categories?post=100290"},{"taxonomy":"post_tag","embeddable":true,"href":"https:\/\/www.noticiasradioreflejos.com.ar\/2021\/wp-json\/wp\/v2\/tags?post=100290"}],"curies":[{"name":"wp","href":"https:\/\/api.w.org\/{rel}","templated":true}]}}