{"id":100243,"date":"2024-03-18T16:48:07","date_gmt":"2024-03-18T19:48:07","guid":{"rendered":"https:\/\/www.noticiasradioreflejos.com.ar\/2021\/?p=100243"},"modified":"2024-03-18T16:49:54","modified_gmt":"2024-03-18T19:49:54","slug":"mercedes-willich-bajo-un-50-la-visita-al-museo","status":"publish","type":"post","link":"https:\/\/www.noticiasradioreflejos.com.ar\/2021\/mercedes-willich-bajo-un-50-la-visita-al-museo\/","title":{"rendered":"Mercedes Willich: \u201cbaj\u00f3 un 50% la visita al museo\u201d"},"content":{"rendered":"<p>La docente e historiadora reconoci\u00f3 que tuvieron una temporada floja en Villa Ventana. \u201cEn general la gente se asombra cuando viene al Club Hotel\u201d remarc\u00f3.<!--more--><br \/>\nCon marzo ya habiendo doblado la esquina y Semana Santa pr\u00f3xima a concretarse, a\u00fan quedan balances de lo que fue la temporada veraniega, y uno de los puntos que no tuvo el auge de anta\u00f1o fue el museo de Villa Ventana.Al respecto Mercedes WIllich explic\u00f3 que \u201cbaj\u00f3 un 50% la visita al museo en relaci\u00f3n a a\u00f1os anteriores. Los comerciantes dicen que ha estado flojo. Los rubros que m\u00e1s se mueven son los de comida e incluso ha bajado. La gente busc\u00f3 ir menos a restaurant y se arregl\u00f3 con sanguches\u201d.<\/p>\n<p>&nbsp;<\/p>\n<p><a href=\"https:\/\/www.noticiasradioreflejos.com.ar\/2021\/museo-sendero-de-los-recuerdos-reabre-para-conocer-la-historia-y-patrimonio-del-club-hotel-y-toda-la-comarca\/sendero-de-los-recuerdos-4\/\" rel=\"attachment wp-att-65109\"><img loading=\"lazy\" decoding=\"async\" class=\"aligncenter  wp-image-65109\" src=\"https:\/\/www.noticiasradioreflejos.com.ar\/2021\/wp-content\/uploads\/2021\/11\/Sendero-de-los-recuerdos-4.jpg\" alt=\"\" width=\"677\" height=\"507\" srcset=\"https:\/\/www.noticiasradioreflejos.com.ar\/2021\/wp-content\/uploads\/2021\/11\/Sendero-de-los-recuerdos-4.jpg 550w, https:\/\/www.noticiasradioreflejos.com.ar\/2021\/wp-content\/uploads\/2021\/11\/Sendero-de-los-recuerdos-4-300x225.jpg 300w\" sizes=\"auto, (max-width: 677px) 100vw, 677px\" \/><\/a><\/p>\n<p>Sumando a esto admiti\u00f3 que \u201cel mismo feriado de carnavales en la Villa misma notabas que hab\u00eda menos gente. No fue como en otros a\u00f1os. La gente mira mucho sus gastos\u201d.<\/p>\n<p>En otro pasaje de la charla, y sobre la manera en que el turista llega al museo, afirm\u00f3 que \u201ca veces la gente escucha los comentarios cuando consulta, y ah\u00ed se entera tanto de la posibilidad de ir al Hotel, como venir al museo o las actividades de la biblioteca. La vecindad colabora en ese sentido\u201d.<\/p>\n<p>En tanto que sobre ese encuentro con la historia refiri\u00f3 que \u201cen general cuando la gente entra a la sala del Club Hotel pone cara de asombro. La historia le gusta mucho a la gente y al mismo tiempo a todos nos da mucha pena c\u00f3mo termin\u00f3 y c\u00f3mo est\u00e1 actualmente\u201d.<\/p>\n<p>Sobre los objetos que atesoran, \u201ca m\u00ed lo que m\u00e1s me gusta es una pala inglesa que me remite a los principios del hotel, cuando se construy\u00f3. Tiene un mango de madera de una sola pieza que se ha mantenido en el tiempo. Pero hay muchos objetos que me gustan\u201d.<\/p>\n<p>Por \u00faltimo reconoci\u00f3 que \u201ca la gente le gusta mucho escuchar la parte de la segunda guerra mundial y cuando los alemanes estuvieron en el hotel\u201d.<\/p>\n<p><iframe loading=\"lazy\" src=\"https:\/\/w.soundcloud.com\/player\/?url=https%3A\/\/api.soundcloud.com\/tracks\/1777899417&amp;color=%23ff5500&amp;auto_play=false&amp;hide_related=false&amp;show_comments=true&amp;show_user=true&amp;show_reposts=false&amp;show_teaser=true\" width=\"100%\" height=\"166\" frameborder=\"no\" scrolling=\"no\"><\/iframe><\/p>\n<div style=\"font-size: 10px; color: #cccccc; line-break: anywhere; word-break: normal; overflow: hidden; white-space: nowrap; text-overflow: ellipsis; font-family: Interstate,Lucida Grande,Lucida Sans Unicode,Lucida Sans,Garuda,Verdana,Tahoma,sans-serif; font-weight: 100;\"><a style=\"color: #cccccc; text-decoration: none;\" title=\"fmreflejos 103.7\" href=\"https:\/\/soundcloud.com\/fmreflejos-103-7\" target=\"_blank\" rel=\"noopener\">fmreflejos 103.7<\/a> \u00b7 <a style=\"color: #cccccc; text-decoration: none;\" title=\"Mercedes Willich 18 - 03\" href=\"https:\/\/soundcloud.com\/fmreflejos-103-7\/mercedes-willich-18-03\" target=\"_blank\" rel=\"noopener\">Mercedes Willich 18 &#8211; 03<\/a><\/div>\n","protected":false},"excerpt":{"rendered":"<p>La docente e historiadora reconoci\u00f3 que tuvieron una temporada floja en Villa Ventana. \u201cEn general la gente se asombra cuando viene al Club Hotel\u201d remarc\u00f3.<\/p>\n","protected":false},"author":3,"featured_media":88128,"comment_status":"closed","ping_status":"closed","sticky":false,"template":"","format":"standard","meta":{"footnotes":""},"categories":[35,33],"tags":[48],"class_list":["post-100243","post","type-post","status-publish","format-standard","has-post-thumbnail","hentry","category-cultura","category-turismo","tag-destacada"],"yoast_head":"<!-- This site is optimized with the Yoast SEO plugin v25.9 - https:\/\/yoast.com\/wordpress\/plugins\/seo\/ -->\n<title>Mercedes Willich: \u201cbaj\u00f3 un 50% la visita al museo\u201d - Noticias Radio Reflejos<\/title>\n<meta name=\"robots\" content=\"index, follow, max-snippet:-1, max-image-preview:large, max-video-preview:-1\" \/>\n<link rel=\"canonical\" href=\"https:\/\/www.noticiasradioreflejos.com.ar\/2021\/mercedes-willich-bajo-un-50-la-visita-al-museo\/\" \/>\n<meta property=\"og:locale\" content=\"es_ES\" \/>\n<meta property=\"og:type\" content=\"article\" \/>\n<meta property=\"og:title\" content=\"Mercedes Willich: \u201cbaj\u00f3 un 50% la visita al museo\u201d - Noticias Radio Reflejos\" \/>\n<meta property=\"og:description\" content=\"La docente e historiadora reconoci\u00f3 que tuvieron una temporada floja en Villa Ventana. \u201cEn general la gente se asombra cuando viene al Club Hotel\u201d remarc\u00f3.\" \/>\n<meta property=\"og:url\" content=\"https:\/\/www.noticiasradioreflejos.com.ar\/2021\/mercedes-willich-bajo-un-50-la-visita-al-museo\/\" \/>\n<meta property=\"og:site_name\" content=\"Noticias Radio Reflejos\" \/>\n<meta property=\"article:published_time\" content=\"2024-03-18T19:48:07+00:00\" \/>\n<meta property=\"article:modified_time\" content=\"2024-03-18T19:49:54+00:00\" \/>\n<meta property=\"og:image\" content=\"https:\/\/www.noticiasradioreflejos.com.ar\/2021\/wp-content\/uploads\/2023\/05\/Sendero.jpg\" \/>\n\t<meta property=\"og:image:width\" content=\"550\" \/>\n\t<meta property=\"og:image:height\" content=\"413\" \/>\n\t<meta property=\"og:image:type\" content=\"image\/jpeg\" \/>\n<meta name=\"author\" content=\"Arnaldo Botto\" \/>\n<meta name=\"twitter:card\" content=\"summary_large_image\" \/>\n<script type=\"application\/ld+json\" class=\"yoast-schema-graph\">{\"@context\":\"https:\/\/schema.org\",\"@graph\":[{\"@type\":\"WebPage\",\"@id\":\"https:\/\/www.noticiasradioreflejos.com.ar\/2021\/mercedes-willich-bajo-un-50-la-visita-al-museo\/\",\"url\":\"https:\/\/www.noticiasradioreflejos.com.ar\/2021\/mercedes-willich-bajo-un-50-la-visita-al-museo\/\",\"name\":\"Mercedes Willich: \u201cbaj\u00f3 un 50% la visita al museo\u201d - Noticias Radio Reflejos\",\"isPartOf\":{\"@id\":\"https:\/\/www.noticiasradioreflejos.com.ar\/2021\/#website\"},\"primaryImageOfPage\":{\"@id\":\"https:\/\/www.noticiasradioreflejos.com.ar\/2021\/mercedes-willich-bajo-un-50-la-visita-al-museo\/#primaryimage\"},\"image\":{\"@id\":\"https:\/\/www.noticiasradioreflejos.com.ar\/2021\/mercedes-willich-bajo-un-50-la-visita-al-museo\/#primaryimage\"},\"thumbnailUrl\":\"https:\/\/www.noticiasradioreflejos.com.ar\/2021\/wp-content\/uploads\/2023\/05\/Sendero.jpg\",\"datePublished\":\"2024-03-18T19:48:07+00:00\",\"dateModified\":\"2024-03-18T19:49:54+00:00\",\"author\":{\"@id\":\"https:\/\/www.noticiasradioreflejos.com.ar\/2021\/#\/schema\/person\/ad82545263dcc5ec0996818884fd5fb1\"},\"breadcrumb\":{\"@id\":\"https:\/\/www.noticiasradioreflejos.com.ar\/2021\/mercedes-willich-bajo-un-50-la-visita-al-museo\/#breadcrumb\"},\"inLanguage\":\"es\",\"potentialAction\":[{\"@type\":\"ReadAction\",\"target\":[\"https:\/\/www.noticiasradioreflejos.com.ar\/2021\/mercedes-willich-bajo-un-50-la-visita-al-museo\/\"]}]},{\"@type\":\"ImageObject\",\"inLanguage\":\"es\",\"@id\":\"https:\/\/www.noticiasradioreflejos.com.ar\/2021\/mercedes-willich-bajo-un-50-la-visita-al-museo\/#primaryimage\",\"url\":\"https:\/\/www.noticiasradioreflejos.com.ar\/2021\/wp-content\/uploads\/2023\/05\/Sendero.jpg\",\"contentUrl\":\"https:\/\/www.noticiasradioreflejos.com.ar\/2021\/wp-content\/uploads\/2023\/05\/Sendero.jpg\",\"width\":550,\"height\":413},{\"@type\":\"BreadcrumbList\",\"@id\":\"https:\/\/www.noticiasradioreflejos.com.ar\/2021\/mercedes-willich-bajo-un-50-la-visita-al-museo\/#breadcrumb\",\"itemListElement\":[{\"@type\":\"ListItem\",\"position\":1,\"name\":\"Portada\",\"item\":\"https:\/\/www.noticiasradioreflejos.com.ar\/2021\/\"},{\"@type\":\"ListItem\",\"position\":2,\"name\":\"Mercedes Willich: \u201cbaj\u00f3 un 50% la visita al museo\u201d\"}]},{\"@type\":\"WebSite\",\"@id\":\"https:\/\/www.noticiasradioreflejos.com.ar\/2021\/#website\",\"url\":\"https:\/\/www.noticiasradioreflejos.com.ar\/2021\/\",\"name\":\"Noticias Radio Reflejos\",\"description\":\"Las noticias de mi comarca\",\"potentialAction\":[{\"@type\":\"SearchAction\",\"target\":{\"@type\":\"EntryPoint\",\"urlTemplate\":\"https:\/\/www.noticiasradioreflejos.com.ar\/2021\/?s={search_term_string}\"},\"query-input\":{\"@type\":\"PropertyValueSpecification\",\"valueRequired\":true,\"valueName\":\"search_term_string\"}}],\"inLanguage\":\"es\"},{\"@type\":\"Person\",\"@id\":\"https:\/\/www.noticiasradioreflejos.com.ar\/2021\/#\/schema\/person\/ad82545263dcc5ec0996818884fd5fb1\",\"name\":\"Arnaldo Botto\",\"image\":{\"@type\":\"ImageObject\",\"inLanguage\":\"es\",\"@id\":\"https:\/\/www.noticiasradioreflejos.com.ar\/2021\/#\/schema\/person\/image\/\",\"url\":\"https:\/\/secure.gravatar.com\/avatar\/55cb5e37c1efa326397366e6974cb338056df65cb50e7d64d1cf314e87504837?s=96&d=mm&r=g\",\"contentUrl\":\"https:\/\/secure.gravatar.com\/avatar\/55cb5e37c1efa326397366e6974cb338056df65cb50e7d64d1cf314e87504837?s=96&d=mm&r=g\",\"caption\":\"Arnaldo Botto\"},\"url\":\"https:\/\/www.noticiasradioreflejos.com.ar\/2021\/author\/arnaldo\/\"}]}<\/script>\n<!-- \/ Yoast SEO plugin. -->","yoast_head_json":{"title":"Mercedes Willich: \u201cbaj\u00f3 un 50% la visita al museo\u201d - Noticias Radio Reflejos","robots":{"index":"index","follow":"follow","max-snippet":"max-snippet:-1","max-image-preview":"max-image-preview:large","max-video-preview":"max-video-preview:-1"},"canonical":"https:\/\/www.noticiasradioreflejos.com.ar\/2021\/mercedes-willich-bajo-un-50-la-visita-al-museo\/","og_locale":"es_ES","og_type":"article","og_title":"Mercedes Willich: \u201cbaj\u00f3 un 50% la visita al museo\u201d - Noticias Radio Reflejos","og_description":"La docente e historiadora reconoci\u00f3 que tuvieron una temporada floja en Villa Ventana. \u201cEn general la gente se asombra cuando viene al Club Hotel\u201d remarc\u00f3.","og_url":"https:\/\/www.noticiasradioreflejos.com.ar\/2021\/mercedes-willich-bajo-un-50-la-visita-al-museo\/","og_site_name":"Noticias Radio Reflejos","article_published_time":"2024-03-18T19:48:07+00:00","article_modified_time":"2024-03-18T19:49:54+00:00","og_image":[{"width":550,"height":413,"url":"https:\/\/www.noticiasradioreflejos.com.ar\/2021\/wp-content\/uploads\/2023\/05\/Sendero.jpg","type":"image\/jpeg"}],"author":"Arnaldo Botto","twitter_card":"summary_large_image","schema":{"@context":"https:\/\/schema.org","@graph":[{"@type":"WebPage","@id":"https:\/\/www.noticiasradioreflejos.com.ar\/2021\/mercedes-willich-bajo-un-50-la-visita-al-museo\/","url":"https:\/\/www.noticiasradioreflejos.com.ar\/2021\/mercedes-willich-bajo-un-50-la-visita-al-museo\/","name":"Mercedes Willich: \u201cbaj\u00f3 un 50% la visita al museo\u201d - Noticias Radio Reflejos","isPartOf":{"@id":"https:\/\/www.noticiasradioreflejos.com.ar\/2021\/#website"},"primaryImageOfPage":{"@id":"https:\/\/www.noticiasradioreflejos.com.ar\/2021\/mercedes-willich-bajo-un-50-la-visita-al-museo\/#primaryimage"},"image":{"@id":"https:\/\/www.noticiasradioreflejos.com.ar\/2021\/mercedes-willich-bajo-un-50-la-visita-al-museo\/#primaryimage"},"thumbnailUrl":"https:\/\/www.noticiasradioreflejos.com.ar\/2021\/wp-content\/uploads\/2023\/05\/Sendero.jpg","datePublished":"2024-03-18T19:48:07+00:00","dateModified":"2024-03-18T19:49:54+00:00","author":{"@id":"https:\/\/www.noticiasradioreflejos.com.ar\/2021\/#\/schema\/person\/ad82545263dcc5ec0996818884fd5fb1"},"breadcrumb":{"@id":"https:\/\/www.noticiasradioreflejos.com.ar\/2021\/mercedes-willich-bajo-un-50-la-visita-al-museo\/#breadcrumb"},"inLanguage":"es","potentialAction":[{"@type":"ReadAction","target":["https:\/\/www.noticiasradioreflejos.com.ar\/2021\/mercedes-willich-bajo-un-50-la-visita-al-museo\/"]}]},{"@type":"ImageObject","inLanguage":"es","@id":"https:\/\/www.noticiasradioreflejos.com.ar\/2021\/mercedes-willich-bajo-un-50-la-visita-al-museo\/#primaryimage","url":"https:\/\/www.noticiasradioreflejos.com.ar\/2021\/wp-content\/uploads\/2023\/05\/Sendero.jpg","contentUrl":"https:\/\/www.noticiasradioreflejos.com.ar\/2021\/wp-content\/uploads\/2023\/05\/Sendero.jpg","width":550,"height":413},{"@type":"BreadcrumbList","@id":"https:\/\/www.noticiasradioreflejos.com.ar\/2021\/mercedes-willich-bajo-un-50-la-visita-al-museo\/#breadcrumb","itemListElement":[{"@type":"ListItem","position":1,"name":"Portada","item":"https:\/\/www.noticiasradioreflejos.com.ar\/2021\/"},{"@type":"ListItem","position":2,"name":"Mercedes Willich: \u201cbaj\u00f3 un 50% la visita al museo\u201d"}]},{"@type":"WebSite","@id":"https:\/\/www.noticiasradioreflejos.com.ar\/2021\/#website","url":"https:\/\/www.noticiasradioreflejos.com.ar\/2021\/","name":"Noticias Radio Reflejos","description":"Las noticias de mi comarca","potentialAction":[{"@type":"SearchAction","target":{"@type":"EntryPoint","urlTemplate":"https:\/\/www.noticiasradioreflejos.com.ar\/2021\/?s={search_term_string}"},"query-input":{"@type":"PropertyValueSpecification","valueRequired":true,"valueName":"search_term_string"}}],"inLanguage":"es"},{"@type":"Person","@id":"https:\/\/www.noticiasradioreflejos.com.ar\/2021\/#\/schema\/person\/ad82545263dcc5ec0996818884fd5fb1","name":"Arnaldo Botto","image":{"@type":"ImageObject","inLanguage":"es","@id":"https:\/\/www.noticiasradioreflejos.com.ar\/2021\/#\/schema\/person\/image\/","url":"https:\/\/secure.gravatar.com\/avatar\/55cb5e37c1efa326397366e6974cb338056df65cb50e7d64d1cf314e87504837?s=96&d=mm&r=g","contentUrl":"https:\/\/secure.gravatar.com\/avatar\/55cb5e37c1efa326397366e6974cb338056df65cb50e7d64d1cf314e87504837?s=96&d=mm&r=g","caption":"Arnaldo Botto"},"url":"https:\/\/www.noticiasradioreflejos.com.ar\/2021\/author\/arnaldo\/"}]}},"_links":{"self":[{"href":"https:\/\/www.noticiasradioreflejos.com.ar\/2021\/wp-json\/wp\/v2\/posts\/100243","targetHints":{"allow":["GET"]}}],"collection":[{"href":"https:\/\/www.noticiasradioreflejos.com.ar\/2021\/wp-json\/wp\/v2\/posts"}],"about":[{"href":"https:\/\/www.noticiasradioreflejos.com.ar\/2021\/wp-json\/wp\/v2\/types\/post"}],"author":[{"embeddable":true,"href":"https:\/\/www.noticiasradioreflejos.com.ar\/2021\/wp-json\/wp\/v2\/users\/3"}],"replies":[{"embeddable":true,"href":"https:\/\/www.noticiasradioreflejos.com.ar\/2021\/wp-json\/wp\/v2\/comments?post=100243"}],"version-history":[{"count":4,"href":"https:\/\/www.noticiasradioreflejos.com.ar\/2021\/wp-json\/wp\/v2\/posts\/100243\/revisions"}],"predecessor-version":[{"id":100261,"href":"https:\/\/www.noticiasradioreflejos.com.ar\/2021\/wp-json\/wp\/v2\/posts\/100243\/revisions\/100261"}],"wp:featuredmedia":[{"embeddable":true,"href":"https:\/\/www.noticiasradioreflejos.com.ar\/2021\/wp-json\/wp\/v2\/media\/88128"}],"wp:attachment":[{"href":"https:\/\/www.noticiasradioreflejos.com.ar\/2021\/wp-json\/wp\/v2\/media?parent=100243"}],"wp:term":[{"taxonomy":"category","embeddable":true,"href":"https:\/\/www.noticiasradioreflejos.com.ar\/2021\/wp-json\/wp\/v2\/categories?post=100243"},{"taxonomy":"post_tag","embeddable":true,"href":"https:\/\/www.noticiasradioreflejos.com.ar\/2021\/wp-json\/wp\/v2\/tags?post=100243"}],"curies":[{"name":"wp","href":"https:\/\/api.w.org\/{rel}","templated":true}]}}