{"id":100141,"date":"2024-03-15T08:04:27","date_gmt":"2024-03-15T11:04:27","guid":{"rendered":"https:\/\/www.noticiasradioreflejos.com.ar\/2021\/?p=100141"},"modified":"2024-03-15T08:05:34","modified_gmt":"2024-03-15T11:05:34","slug":"lousteau-argumento-su-voto-negativo-el-dnu-es-inconstitucional","status":"publish","type":"post","link":"https:\/\/www.noticiasradioreflejos.com.ar\/2021\/lousteau-argumento-su-voto-negativo-el-dnu-es-inconstitucional\/","title":{"rendered":"Lousteau argument\u00f3 su voto negativo: \u201cEl DNU es inconstitucional\u201d"},"content":{"rendered":"<p>El senador y presidente de la Uni\u00f3n C\u00edvica Radical (UCR), Mart\u00edn Lousteau, argument\u00f3 que vot\u00f3 negativo en el tratamiento del DNU de Javier Milei en el Senado porque \u201ces inconstitucional\u201d, al mismo tiempo que indic\u00f3 que \u201cel Gobierno quiere actuar por fuera de la legalidad\u201d. <!--more--><\/p>\n<p>\u201cEn cualquier sociedad donde impera la ley si alguien dice \u2018lo que est\u00e1s haciendo es ilegal\u2019 se acaba la discusi\u00f3n. En Argentina, no\u201d, apunt\u00f3 el legislador.<\/p>\n<p>\u201cEst\u00e1 mal. Y es lo que nosotros tenemos que debatir en el Senado y lo que se tiene que debatir en Diputados. El DNU no se cay\u00f3. Si Diputados lo aprueba y tiene otro criterio, quedar\u00e1 firme\u201d, expres\u00f3 en TN.<\/p>\n<p>De todos modos, asegur\u00f3 que \u00abhay cosas que est\u00e1n bien\u201d dentro del DNU, aunque se\u00f1al\u00f3 que el Gobierno no tiene la intenci\u00f3n de discutir aquellas con las que la oposici\u00f3n no est\u00e1 de acuerdo. <\/p>\n<p>\u201cHay mucha voluntad para trabajar, pero de otra manera. Con cambios que se puedan sustentar en el tiempo, no con una revoluci\u00f3n hecha en un escritorio que genera incertidumbre en la vida cotidiana y una insensibilidad de parte del Gobierno, sino en algo que nos saque de donde estamos de manera definitiva\u201d, agreg\u00f3.<\/p>\n<p>\u201cEste es un gobierno que amedrenta, que amenaza. El Presidente es insensible cuando hace cambios abruptos\u201d, asever\u00f3.<\/p>\n<p>Lousteau: \u201cA la gente le pasan cosas y Milei no las ve, est\u00e1 encerrado en las redes\u201d<br \/>\nA su vez, Lousteau apunt\u00f3 contra Milei, ya que \u201ca la gente le pasan cosas y \u00e9l no las ve, est\u00e1 encerrado en las redes\u201d<\/p>\n<p>\u201cVeo a la gente padeciendo la realidad y a un Gobierno que no escucha. Cuando alguien le dice las cosas al Presidente se enoja y castiga\u201d, lanz\u00f3.<\/p>\n<p>\u201cNosotros mandamos la ley espejo. Est\u00e1 todo el DNU, cap\u00edtulo por cap\u00edtulo, como una ley. Eso no lo quiere tratar. Igual que otras leyes que van en l\u00ednea con muchas de sus propuestas. \u00c9l quiere el DNU, a pesar de que \u00e9l es inconstitucional\u201d, arremeti\u00f3<\/p>\n<p>\u201cSi no le damos, no las cosas que \u00e9l quiere para transformar la Argentina, una herramienta inconstitucional y un poder, \u00e9l considera que no se puede hacer ning\u00fan acuerdo. O es mi DNU o no es nada. Y a eso \u00e9l lo llama un acuerdo\u201d, finaliz\u00f3.<\/p>\n<p><strong>Fuente NA<\/strong><em><\/p>\n","protected":false},"excerpt":{"rendered":"<p>El senador y presidente de la Uni\u00f3n C\u00edvica Radical (UCR), Mart\u00edn Lousteau, argument\u00f3 que vot\u00f3 negativo en el tratamiento del DNU de Javier Milei en el Senado porque \u201ces inconstitucional\u201d, al mismo tiempo que indic\u00f3 que \u201cel Gobierno quiere actuar por fuera de la legalidad\u201d.<\/p>\n","protected":false},"author":3,"featured_media":100142,"comment_status":"closed","ping_status":"closed","sticky":false,"template":"","format":"standard","meta":{"footnotes":""},"categories":[24],"tags":[],"class_list":["post-100141","post","type-post","status-publish","format-standard","has-post-thumbnail","hentry","category-politica"],"yoast_head":"<!-- This site is optimized with the Yoast SEO plugin v25.9 - https:\/\/yoast.com\/wordpress\/plugins\/seo\/ -->\n<title>Lousteau argument\u00f3 su voto negativo: \u201cEl DNU es inconstitucional\u201d - Noticias Radio Reflejos<\/title>\n<meta name=\"robots\" content=\"index, follow, max-snippet:-1, max-image-preview:large, max-video-preview:-1\" \/>\n<link rel=\"canonical\" href=\"https:\/\/www.noticiasradioreflejos.com.ar\/2021\/lousteau-argumento-su-voto-negativo-el-dnu-es-inconstitucional\/\" \/>\n<meta property=\"og:locale\" content=\"es_ES\" \/>\n<meta property=\"og:type\" content=\"article\" \/>\n<meta property=\"og:title\" content=\"Lousteau argument\u00f3 su voto negativo: \u201cEl DNU es inconstitucional\u201d - Noticias Radio Reflejos\" \/>\n<meta property=\"og:description\" content=\"El senador y presidente de la Uni\u00f3n C\u00edvica Radical (UCR), Mart\u00edn Lousteau, argument\u00f3 que vot\u00f3 negativo en el tratamiento del DNU de Javier Milei en el Senado porque \u201ces inconstitucional\u201d, al mismo tiempo que indic\u00f3 que \u201cel Gobierno quiere actuar por fuera de la legalidad\u201d.\" \/>\n<meta property=\"og:url\" content=\"https:\/\/www.noticiasradioreflejos.com.ar\/2021\/lousteau-argumento-su-voto-negativo-el-dnu-es-inconstitucional\/\" \/>\n<meta property=\"og:site_name\" content=\"Noticias Radio Reflejos\" \/>\n<meta property=\"article:published_time\" content=\"2024-03-15T11:04:27+00:00\" \/>\n<meta property=\"article:modified_time\" content=\"2024-03-15T11:05:34+00:00\" \/>\n<meta property=\"og:image\" content=\"https:\/\/www.noticiasradioreflejos.com.ar\/2021\/wp-content\/uploads\/2024\/03\/Loustau.jpg\" \/>\n\t<meta property=\"og:image:width\" content=\"1156\" \/>\n\t<meta property=\"og:image:height\" content=\"720\" \/>\n\t<meta property=\"og:image:type\" content=\"image\/jpeg\" \/>\n<meta name=\"author\" content=\"Arnaldo Botto\" \/>\n<meta name=\"twitter:card\" content=\"summary_large_image\" \/>\n<script type=\"application\/ld+json\" class=\"yoast-schema-graph\">{\"@context\":\"https:\/\/schema.org\",\"@graph\":[{\"@type\":\"WebPage\",\"@id\":\"https:\/\/www.noticiasradioreflejos.com.ar\/2021\/lousteau-argumento-su-voto-negativo-el-dnu-es-inconstitucional\/\",\"url\":\"https:\/\/www.noticiasradioreflejos.com.ar\/2021\/lousteau-argumento-su-voto-negativo-el-dnu-es-inconstitucional\/\",\"name\":\"Lousteau argument\u00f3 su voto negativo: \u201cEl DNU es inconstitucional\u201d - Noticias Radio Reflejos\",\"isPartOf\":{\"@id\":\"https:\/\/www.noticiasradioreflejos.com.ar\/2021\/#website\"},\"primaryImageOfPage\":{\"@id\":\"https:\/\/www.noticiasradioreflejos.com.ar\/2021\/lousteau-argumento-su-voto-negativo-el-dnu-es-inconstitucional\/#primaryimage\"},\"image\":{\"@id\":\"https:\/\/www.noticiasradioreflejos.com.ar\/2021\/lousteau-argumento-su-voto-negativo-el-dnu-es-inconstitucional\/#primaryimage\"},\"thumbnailUrl\":\"https:\/\/www.noticiasradioreflejos.com.ar\/2021\/wp-content\/uploads\/2024\/03\/Loustau.jpg\",\"datePublished\":\"2024-03-15T11:04:27+00:00\",\"dateModified\":\"2024-03-15T11:05:34+00:00\",\"author\":{\"@id\":\"https:\/\/www.noticiasradioreflejos.com.ar\/2021\/#\/schema\/person\/ad82545263dcc5ec0996818884fd5fb1\"},\"breadcrumb\":{\"@id\":\"https:\/\/www.noticiasradioreflejos.com.ar\/2021\/lousteau-argumento-su-voto-negativo-el-dnu-es-inconstitucional\/#breadcrumb\"},\"inLanguage\":\"es\",\"potentialAction\":[{\"@type\":\"ReadAction\",\"target\":[\"https:\/\/www.noticiasradioreflejos.com.ar\/2021\/lousteau-argumento-su-voto-negativo-el-dnu-es-inconstitucional\/\"]}]},{\"@type\":\"ImageObject\",\"inLanguage\":\"es\",\"@id\":\"https:\/\/www.noticiasradioreflejos.com.ar\/2021\/lousteau-argumento-su-voto-negativo-el-dnu-es-inconstitucional\/#primaryimage\",\"url\":\"https:\/\/www.noticiasradioreflejos.com.ar\/2021\/wp-content\/uploads\/2024\/03\/Loustau.jpg\",\"contentUrl\":\"https:\/\/www.noticiasradioreflejos.com.ar\/2021\/wp-content\/uploads\/2024\/03\/Loustau.jpg\",\"width\":1156,\"height\":720},{\"@type\":\"BreadcrumbList\",\"@id\":\"https:\/\/www.noticiasradioreflejos.com.ar\/2021\/lousteau-argumento-su-voto-negativo-el-dnu-es-inconstitucional\/#breadcrumb\",\"itemListElement\":[{\"@type\":\"ListItem\",\"position\":1,\"name\":\"Portada\",\"item\":\"https:\/\/www.noticiasradioreflejos.com.ar\/2021\/\"},{\"@type\":\"ListItem\",\"position\":2,\"name\":\"Lousteau argument\u00f3 su voto negativo: \u201cEl DNU es inconstitucional\u201d\"}]},{\"@type\":\"WebSite\",\"@id\":\"https:\/\/www.noticiasradioreflejos.com.ar\/2021\/#website\",\"url\":\"https:\/\/www.noticiasradioreflejos.com.ar\/2021\/\",\"name\":\"Noticias Radio Reflejos\",\"description\":\"Las noticias de mi comarca\",\"potentialAction\":[{\"@type\":\"SearchAction\",\"target\":{\"@type\":\"EntryPoint\",\"urlTemplate\":\"https:\/\/www.noticiasradioreflejos.com.ar\/2021\/?s={search_term_string}\"},\"query-input\":{\"@type\":\"PropertyValueSpecification\",\"valueRequired\":true,\"valueName\":\"search_term_string\"}}],\"inLanguage\":\"es\"},{\"@type\":\"Person\",\"@id\":\"https:\/\/www.noticiasradioreflejos.com.ar\/2021\/#\/schema\/person\/ad82545263dcc5ec0996818884fd5fb1\",\"name\":\"Arnaldo Botto\",\"image\":{\"@type\":\"ImageObject\",\"inLanguage\":\"es\",\"@id\":\"https:\/\/www.noticiasradioreflejos.com.ar\/2021\/#\/schema\/person\/image\/\",\"url\":\"https:\/\/secure.gravatar.com\/avatar\/55cb5e37c1efa326397366e6974cb338056df65cb50e7d64d1cf314e87504837?s=96&d=mm&r=g\",\"contentUrl\":\"https:\/\/secure.gravatar.com\/avatar\/55cb5e37c1efa326397366e6974cb338056df65cb50e7d64d1cf314e87504837?s=96&d=mm&r=g\",\"caption\":\"Arnaldo Botto\"},\"url\":\"https:\/\/www.noticiasradioreflejos.com.ar\/2021\/author\/arnaldo\/\"}]}<\/script>\n<!-- \/ Yoast SEO plugin. -->","yoast_head_json":{"title":"Lousteau argument\u00f3 su voto negativo: \u201cEl DNU es inconstitucional\u201d - Noticias Radio Reflejos","robots":{"index":"index","follow":"follow","max-snippet":"max-snippet:-1","max-image-preview":"max-image-preview:large","max-video-preview":"max-video-preview:-1"},"canonical":"https:\/\/www.noticiasradioreflejos.com.ar\/2021\/lousteau-argumento-su-voto-negativo-el-dnu-es-inconstitucional\/","og_locale":"es_ES","og_type":"article","og_title":"Lousteau argument\u00f3 su voto negativo: \u201cEl DNU es inconstitucional\u201d - Noticias Radio Reflejos","og_description":"El senador y presidente de la Uni\u00f3n C\u00edvica Radical (UCR), Mart\u00edn Lousteau, argument\u00f3 que vot\u00f3 negativo en el tratamiento del DNU de Javier Milei en el Senado porque \u201ces inconstitucional\u201d, al mismo tiempo que indic\u00f3 que \u201cel Gobierno quiere actuar por fuera de la legalidad\u201d.","og_url":"https:\/\/www.noticiasradioreflejos.com.ar\/2021\/lousteau-argumento-su-voto-negativo-el-dnu-es-inconstitucional\/","og_site_name":"Noticias Radio Reflejos","article_published_time":"2024-03-15T11:04:27+00:00","article_modified_time":"2024-03-15T11:05:34+00:00","og_image":[{"width":1156,"height":720,"url":"https:\/\/www.noticiasradioreflejos.com.ar\/2021\/wp-content\/uploads\/2024\/03\/Loustau.jpg","type":"image\/jpeg"}],"author":"Arnaldo Botto","twitter_card":"summary_large_image","schema":{"@context":"https:\/\/schema.org","@graph":[{"@type":"WebPage","@id":"https:\/\/www.noticiasradioreflejos.com.ar\/2021\/lousteau-argumento-su-voto-negativo-el-dnu-es-inconstitucional\/","url":"https:\/\/www.noticiasradioreflejos.com.ar\/2021\/lousteau-argumento-su-voto-negativo-el-dnu-es-inconstitucional\/","name":"Lousteau argument\u00f3 su voto negativo: \u201cEl DNU es inconstitucional\u201d - Noticias Radio Reflejos","isPartOf":{"@id":"https:\/\/www.noticiasradioreflejos.com.ar\/2021\/#website"},"primaryImageOfPage":{"@id":"https:\/\/www.noticiasradioreflejos.com.ar\/2021\/lousteau-argumento-su-voto-negativo-el-dnu-es-inconstitucional\/#primaryimage"},"image":{"@id":"https:\/\/www.noticiasradioreflejos.com.ar\/2021\/lousteau-argumento-su-voto-negativo-el-dnu-es-inconstitucional\/#primaryimage"},"thumbnailUrl":"https:\/\/www.noticiasradioreflejos.com.ar\/2021\/wp-content\/uploads\/2024\/03\/Loustau.jpg","datePublished":"2024-03-15T11:04:27+00:00","dateModified":"2024-03-15T11:05:34+00:00","author":{"@id":"https:\/\/www.noticiasradioreflejos.com.ar\/2021\/#\/schema\/person\/ad82545263dcc5ec0996818884fd5fb1"},"breadcrumb":{"@id":"https:\/\/www.noticiasradioreflejos.com.ar\/2021\/lousteau-argumento-su-voto-negativo-el-dnu-es-inconstitucional\/#breadcrumb"},"inLanguage":"es","potentialAction":[{"@type":"ReadAction","target":["https:\/\/www.noticiasradioreflejos.com.ar\/2021\/lousteau-argumento-su-voto-negativo-el-dnu-es-inconstitucional\/"]}]},{"@type":"ImageObject","inLanguage":"es","@id":"https:\/\/www.noticiasradioreflejos.com.ar\/2021\/lousteau-argumento-su-voto-negativo-el-dnu-es-inconstitucional\/#primaryimage","url":"https:\/\/www.noticiasradioreflejos.com.ar\/2021\/wp-content\/uploads\/2024\/03\/Loustau.jpg","contentUrl":"https:\/\/www.noticiasradioreflejos.com.ar\/2021\/wp-content\/uploads\/2024\/03\/Loustau.jpg","width":1156,"height":720},{"@type":"BreadcrumbList","@id":"https:\/\/www.noticiasradioreflejos.com.ar\/2021\/lousteau-argumento-su-voto-negativo-el-dnu-es-inconstitucional\/#breadcrumb","itemListElement":[{"@type":"ListItem","position":1,"name":"Portada","item":"https:\/\/www.noticiasradioreflejos.com.ar\/2021\/"},{"@type":"ListItem","position":2,"name":"Lousteau argument\u00f3 su voto negativo: \u201cEl DNU es inconstitucional\u201d"}]},{"@type":"WebSite","@id":"https:\/\/www.noticiasradioreflejos.com.ar\/2021\/#website","url":"https:\/\/www.noticiasradioreflejos.com.ar\/2021\/","name":"Noticias Radio Reflejos","description":"Las noticias de mi comarca","potentialAction":[{"@type":"SearchAction","target":{"@type":"EntryPoint","urlTemplate":"https:\/\/www.noticiasradioreflejos.com.ar\/2021\/?s={search_term_string}"},"query-input":{"@type":"PropertyValueSpecification","valueRequired":true,"valueName":"search_term_string"}}],"inLanguage":"es"},{"@type":"Person","@id":"https:\/\/www.noticiasradioreflejos.com.ar\/2021\/#\/schema\/person\/ad82545263dcc5ec0996818884fd5fb1","name":"Arnaldo Botto","image":{"@type":"ImageObject","inLanguage":"es","@id":"https:\/\/www.noticiasradioreflejos.com.ar\/2021\/#\/schema\/person\/image\/","url":"https:\/\/secure.gravatar.com\/avatar\/55cb5e37c1efa326397366e6974cb338056df65cb50e7d64d1cf314e87504837?s=96&d=mm&r=g","contentUrl":"https:\/\/secure.gravatar.com\/avatar\/55cb5e37c1efa326397366e6974cb338056df65cb50e7d64d1cf314e87504837?s=96&d=mm&r=g","caption":"Arnaldo Botto"},"url":"https:\/\/www.noticiasradioreflejos.com.ar\/2021\/author\/arnaldo\/"}]}},"_links":{"self":[{"href":"https:\/\/www.noticiasradioreflejos.com.ar\/2021\/wp-json\/wp\/v2\/posts\/100141","targetHints":{"allow":["GET"]}}],"collection":[{"href":"https:\/\/www.noticiasradioreflejos.com.ar\/2021\/wp-json\/wp\/v2\/posts"}],"about":[{"href":"https:\/\/www.noticiasradioreflejos.com.ar\/2021\/wp-json\/wp\/v2\/types\/post"}],"author":[{"embeddable":true,"href":"https:\/\/www.noticiasradioreflejos.com.ar\/2021\/wp-json\/wp\/v2\/users\/3"}],"replies":[{"embeddable":true,"href":"https:\/\/www.noticiasradioreflejos.com.ar\/2021\/wp-json\/wp\/v2\/comments?post=100141"}],"version-history":[{"count":2,"href":"https:\/\/www.noticiasradioreflejos.com.ar\/2021\/wp-json\/wp\/v2\/posts\/100141\/revisions"}],"predecessor-version":[{"id":100144,"href":"https:\/\/www.noticiasradioreflejos.com.ar\/2021\/wp-json\/wp\/v2\/posts\/100141\/revisions\/100144"}],"wp:featuredmedia":[{"embeddable":true,"href":"https:\/\/www.noticiasradioreflejos.com.ar\/2021\/wp-json\/wp\/v2\/media\/100142"}],"wp:attachment":[{"href":"https:\/\/www.noticiasradioreflejos.com.ar\/2021\/wp-json\/wp\/v2\/media?parent=100141"}],"wp:term":[{"taxonomy":"category","embeddable":true,"href":"https:\/\/www.noticiasradioreflejos.com.ar\/2021\/wp-json\/wp\/v2\/categories?post=100141"},{"taxonomy":"post_tag","embeddable":true,"href":"https:\/\/www.noticiasradioreflejos.com.ar\/2021\/wp-json\/wp\/v2\/tags?post=100141"}],"curies":[{"name":"wp","href":"https:\/\/api.w.org\/{rel}","templated":true}]}}