{"id":100134,"date":"2024-03-15T07:43:41","date_gmt":"2024-03-15T10:43:41","guid":{"rendered":"https:\/\/www.noticiasradioreflejos.com.ar\/2021\/?p=100134"},"modified":"2024-03-15T07:43:41","modified_gmt":"2024-03-15T10:43:41","slug":"duro-comunicado-de-milei-por-el-rechazo-del-dnu-que-la-clase-politica-decida-de-que-lado-de-la-historia-quiere-quedar","status":"publish","type":"post","link":"https:\/\/www.noticiasradioreflejos.com.ar\/2021\/duro-comunicado-de-milei-por-el-rechazo-del-dnu-que-la-clase-politica-decida-de-que-lado-de-la-historia-quiere-quedar\/","title":{"rendered":"Duro comunicado de Milei por el rechazo del DNU: \u201cQue la clase pol\u00edtica decida de qu\u00e9 lado de la historia quiere quedar\u201d"},"content":{"rendered":"<header class=\"article-header\" data-tadevel-template=\"web\/article-header\">\n<p class=\"article-deck\">La oficina de la Presidencia sostuvo que este escenario atenta contra el Pacto de Mayo convocado.<\/p>\n<p><time class=\"article-date\" datetime=\"2024-03-15T00:52:37.407Z\"><\/time><\/header>\n<p><!--more--><\/p>\n<div class=\"columns\" data-tadevel-template=\"web\/article-columns\">\n<div class=\"column-main\">\n<div class=\"article-body\" data-tadevel-template=\"web\/article-body\">\n<div class=\"article-body-content\">\n<p>El presidente\u00a0<strong>Javier Milei\u00a0<\/strong>emiti\u00f3 un duro comunicado luego del\u00a0<a href=\"https:\/\/noticiasargentinas.com\/politica\/el-senado-rechazo-el-dnu-de-milei--ira-a-diputados-y-alli-se-definira-su-futuro_a65f37cb395dc571a699719c9\">rechazo del DNU en el Senado<\/a>\u00a0y apunt\u00f3 nuevamente contra \u201cla clase pol\u00edtica\u201d por el rol que cumple en la historia al tomar esta decisi\u00f3n y consider\u00f3 que esa situaci\u00f3n es<strong>\u00a0\u00abcomo un intento de socavar el Pacto de Mayo\u00bb.<\/strong><\/p>\n<p>\u201c<strong>Que la clase pol\u00edtica decida de qu\u00e9 lado de la historia quiere quedar<\/strong>\u201d, apunt\u00f3 el mandatario.<\/p>\n<figure class=\"multimedia\" data-type=\"rich\" data-html=\"\" data-url=\"https:\/\/twitter.com\/OPRArgentina\/status\/1768433245933162869\" data-tadevel-template=\"web\/multimedia\">\n<div class=\"content\"><iframe src=\"https:\/\/alpha-app.tadevel-cdn.com\/hostname\/noticiasargentinas.com\/api\/v1\/sandbox\/PGJsb2NrcXVvdGUgY2xhc3M9InR3aXR0ZXItdHdlZXQiPjxwIGxhbmc9Inp4eCIgZGlyPSJsdHIiPjxhIGhyZWY9Imh0dHBzOi8vdC5jby9WajRFTzVrUWNhIj5waWMudHdpdHRlci5jb20vVmo0RU81a1FjYTwvYT48L3A%2BJm1kYXNoOyBPZmljaW5hIGRlbCBQcmVzaWRlbnRlIChAT1BSQXJnZW50aW5hKSA8YSBocmVmPSJodHRwczovL3R3aXR0ZXIuY29tL09QUkFyZ2VudGluYS9zdGF0dXMvMTc2ODQzMzI0NTkzMzE2Mjg2OT9yZWZfc3JjPXR3c3JjJTVFdGZ3Ij5NYXJjaCAxNSwgMjAyNDwvYT48L2Jsb2NrcXVvdGU%2BCjxzY3JpcHQgYXN5bmMgc3JjPSJodHRwczovL3BsYXRmb3JtLnR3aXR0ZXIuY29tL3dpZGdldHMuanMiIGNoYXJzZXQ9InV0Zi04Ij48L3NjcmlwdD4KCg%3D%3D?v=fd3a4ce9d955ff6d37aeb96ac277274f&amp;s=9a7db08caff7d66dfac589676682a443\" scrolling=\"no\" sandbox=\"allow-scripts allow-forms allow-same-origin allow-popups allow-popups-to-escape-sandbox\" data-mce-fragment=\"1\"><\/iframe><\/div><figcaption class=\"caption\">X de Oficina del Presidente<\/figcaption><\/figure>\n<p>Asimismo, remarc\u00f3 que el voto en el Senado pone en riesgo la convocatoria al Pacto de Mayo que realiz\u00f3 durante la Asamblea Legislativa.<\/p>\n<p>\u00abResulta imposible interpretar esta decisi\u00f3n de otra manera que como<strong>\u00a0un intento de socavar el Pacto de Mayo, el Gobierno Nacional y el cambio elegido por los argentinos\u00bb,<\/strong>\u00a0precis\u00f3 el comunicado de la cuenta oficial Oficina del jefe de Estado.<\/p>\n<p>Y a\u00f1adi\u00f3: \u00abEl d\u00eda primero de marzo de 2024, el Presidente de la Naci\u00f3n extendi\u00f3 una invitaci\u00f3n, en un acontecimiento hist\u00f3rico sin precedentes, a todos los integrantes de la dirigencia pol\u00edtica, sin distinci\u00f3n partidaria, para firmar el Pacto de Mayo\u00bb.<\/p>\n<p>Adem\u00e1s, remarc\u00f3 que \u00abeste pacto constituye un acuerdo fundacional destinado a establecer diez pol\u00edticas de Estado que\u00a0<strong>permitan edificar un nuevo orden econ\u00f3mico, rescatando a Argentina de la senda del fracaso y reinsert\u00e1ndola en el camino necesario para volver a ser una potencia mundial\u00bb.<\/strong><\/p>\n<p>\u00abEste acuerdo, largamente demandado por la clase pol\u00edtica durante d\u00e9cadas pero que nadie ha osado convocar, requiere necesariamente de la buena voluntad de todos los sectores de la vida pol\u00edtica nacional\u00bb, se\u00f1al\u00f3.<\/p>\n<p>Y advirti\u00f3:\u00a0<strong>\u00abLo acontecido hoy en la C\u00e1mara de Senadores de la Naci\u00f3n atenta contra la convocatoria del Presidente<\/strong>. La misma C\u00e1mara que ha habilitado casi 500 Decretos de Necesidad y Urgencia del kirchnerismo, se ha encargado de rechazar el DNU del Presidente Javier Milei a solo 3 meses de su asunci\u00f3n\u00bb.<\/p>\n<p>Milei cerr\u00f3 el comunicado con cr\u00edticas a la oposici\u00f3n al se\u00f1alar: \u00abResulta imposible interpretar esta decisi\u00f3n de otra manera que como un intento de socavar el Pacto de Mayo, el Gobierno Nacional y el cambio elegido por los argentinos\u00bb.<\/p>\n<p><strong>\u00abEn su discurso acerca del estado de la Naci\u00f3n, el Presidente plante\u00f3 dos alternativas: el acuerdo o la confrontaci\u00f3n. Ha llegado el momento de que la clase pol\u00edtica decida de qu\u00e9 lado de la historia quiere quedar\u00bb,<\/strong>\u00a0precis\u00f3.<\/p>\n<h3>Milei destac\u00f3 la labor de los senadores que votaron a favor<\/h3>\n<p>Tiempo despu\u00e9s del comunicado, desde la Oficina del Presidente destacaron la labor de los senadores que votaron a favor del DNU.<\/p>\n<p>\u201cEl Presidente de la Naci\u00f3n desea\u00a0<strong>destacar la labor de los senadores nacionales de La Libertad Avanza, del PRO, y especialmente de la mayor\u00eda absoluta de los senadores de la Uni\u00f3n C\u00edvica Radical<\/strong>, quienes han dado la lucha hoy en<strong>\u00a0defensa de la libertad de los argentinos, a pesar de conocer de antemano el resultado negativo<\/strong>\u201d, expres\u00f3 en X.<\/p>\n<figure class=\"multimedia\" data-type=\"rich\" data-html=\"\" data-url=\"https:\/\/twitter.com\/OPRArgentina\/status\/1768461758757318695\" data-tadevel-template=\"web\/multimedia\">\n<div class=\"content\"><iframe src=\"https:\/\/alpha-app.tadevel-cdn.com\/hostname\/noticiasargentinas.com\/api\/v1\/sandbox\/PGJsb2NrcXVvdGUgY2xhc3M9InR3aXR0ZXItdHdlZXQiPjxwIGxhbmc9ImVzIiBkaXI9Imx0ciI%2BRWwgUHJlc2lkZW50ZSBkZSBsYSBOYWNpw7NuIGRlc2VhIGRlc3RhY2FyIGxhIGxhYm9yIGRlIGxvcyBzZW5hZG9yZXMgbmFjaW9uYWxlcyBkZSBMYSBMaWJlcnRhZCBBdmFuemEsIGRlbCBQUk8sIHkgZXNwZWNpYWxtZW50ZSBkZSBsYSBtYXlvcsOtYSBhYnNvbHV0YSBkZSBsb3Mgc2VuYWRvcmVzIGRlIGxhIFVuacOzbiBDw612aWNhIFJhZGljYWwsIHF1aWVuZXMgaGFuIGRhZG8gbGEgbHVjaGEgaG95IGVuIGRlZmVuc2EgZGUgbGEgbGliZXJ0YWQgZGUgbG9zIGFyZ2VudGlub3MsIGEgcGVzYXIgZGXigKY8L3A%2BJm1kYXNoOyBPZmljaW5hIGRlbCBQcmVzaWRlbnRlIChAT1BSQXJnZW50aW5hKSA8YSBocmVmPSJodHRwczovL3R3aXR0ZXIuY29tL09QUkFyZ2VudGluYS9zdGF0dXMvMTc2ODQ2MTc1ODc1NzMxODY5NT9yZWZfc3JjPXR3c3JjJTVFdGZ3Ij5NYXJjaCAxNSwgMjAyNDwvYT48L2Jsb2NrcXVvdGU%2BCjxzY3JpcHQgYXN5bmMgc3JjPSJodHRwczovL3BsYXRmb3JtLnR3aXR0ZXIuY29tL3dpZGdldHMuanMiIGNoYXJzZXQ9InV0Zi04Ij48L3NjcmlwdD4KCg%3D%3D?v=99b07a4b02d9ce7ded731d698677d820&amp;s=62591354164598e923333d3c1da50b68\" scrolling=\"no\" sandbox=\"allow-scripts allow-forms allow-same-origin allow-popups allow-popups-to-escape-sandbox\" data-mce-fragment=\"1\"><\/iframe><\/div><figcaption class=\"caption\">X de Oficina del Presidente<\/figcaption><\/figure>\n<p><strong>\u201cCuando la Patria est\u00e1 en peligro, todo est\u00e1 permitido, excepto no defenderla<\/strong>\u201d, finaliz\u00f3.<\/p>\n<\/div>\n<\/div>\n<\/div>\n<\/div>\n","protected":false},"excerpt":{"rendered":"<p>La oficina de la Presidencia sostuvo que este escenario atenta contra el Pacto de Mayo convocado.<\/p>\n","protected":false},"author":3,"featured_media":0,"comment_status":"closed","ping_status":"closed","sticky":false,"template":"","format":"standard","meta":{"footnotes":""},"categories":[58],"tags":[],"class_list":["post-100134","post","type-post","status-publish","format-standard","hentry","category-gobierno"],"yoast_head":"<!-- This site is optimized with the Yoast SEO plugin v25.9 - https:\/\/yoast.com\/wordpress\/plugins\/seo\/ -->\n<title>Duro comunicado de Milei por el rechazo del DNU: \u201cQue la clase pol\u00edtica decida de qu\u00e9 lado de la historia quiere quedar\u201d - Noticias Radio Reflejos<\/title>\n<meta name=\"robots\" content=\"index, follow, max-snippet:-1, max-image-preview:large, max-video-preview:-1\" \/>\n<link rel=\"canonical\" href=\"https:\/\/www.noticiasradioreflejos.com.ar\/2021\/duro-comunicado-de-milei-por-el-rechazo-del-dnu-que-la-clase-politica-decida-de-que-lado-de-la-historia-quiere-quedar\/\" \/>\n<meta property=\"og:locale\" content=\"es_ES\" \/>\n<meta property=\"og:type\" content=\"article\" \/>\n<meta property=\"og:title\" content=\"Duro comunicado de Milei por el rechazo del DNU: \u201cQue la clase pol\u00edtica decida de qu\u00e9 lado de la historia quiere quedar\u201d - Noticias Radio Reflejos\" \/>\n<meta property=\"og:description\" content=\"La oficina de la Presidencia sostuvo que este escenario atenta contra el Pacto de Mayo convocado.\" \/>\n<meta property=\"og:url\" content=\"https:\/\/www.noticiasradioreflejos.com.ar\/2021\/duro-comunicado-de-milei-por-el-rechazo-del-dnu-que-la-clase-politica-decida-de-que-lado-de-la-historia-quiere-quedar\/\" \/>\n<meta property=\"og:site_name\" content=\"Noticias Radio Reflejos\" \/>\n<meta property=\"article:published_time\" content=\"2024-03-15T10:43:41+00:00\" \/>\n<meta property=\"og:image\" content=\"https:\/\/www.noticiasradioreflejos.com.ar\/2021\/wp-content\/uploads\/2021\/07\/logosol300x200.png\" \/>\n\t<meta property=\"og:image:width\" content=\"300\" \/>\n\t<meta property=\"og:image:height\" content=\"200\" \/>\n\t<meta property=\"og:image:type\" content=\"image\/png\" \/>\n<meta name=\"author\" content=\"Arnaldo Botto\" \/>\n<meta name=\"twitter:card\" content=\"summary_large_image\" \/>\n<script type=\"application\/ld+json\" class=\"yoast-schema-graph\">{\"@context\":\"https:\/\/schema.org\",\"@graph\":[{\"@type\":\"WebPage\",\"@id\":\"https:\/\/www.noticiasradioreflejos.com.ar\/2021\/duro-comunicado-de-milei-por-el-rechazo-del-dnu-que-la-clase-politica-decida-de-que-lado-de-la-historia-quiere-quedar\/\",\"url\":\"https:\/\/www.noticiasradioreflejos.com.ar\/2021\/duro-comunicado-de-milei-por-el-rechazo-del-dnu-que-la-clase-politica-decida-de-que-lado-de-la-historia-quiere-quedar\/\",\"name\":\"Duro comunicado de Milei por el rechazo del DNU: \u201cQue la clase pol\u00edtica decida de qu\u00e9 lado de la historia quiere quedar\u201d - Noticias Radio Reflejos\",\"isPartOf\":{\"@id\":\"https:\/\/www.noticiasradioreflejos.com.ar\/2021\/#website\"},\"datePublished\":\"2024-03-15T10:43:41+00:00\",\"author\":{\"@id\":\"https:\/\/www.noticiasradioreflejos.com.ar\/2021\/#\/schema\/person\/ad82545263dcc5ec0996818884fd5fb1\"},\"breadcrumb\":{\"@id\":\"https:\/\/www.noticiasradioreflejos.com.ar\/2021\/duro-comunicado-de-milei-por-el-rechazo-del-dnu-que-la-clase-politica-decida-de-que-lado-de-la-historia-quiere-quedar\/#breadcrumb\"},\"inLanguage\":\"es\",\"potentialAction\":[{\"@type\":\"ReadAction\",\"target\":[\"https:\/\/www.noticiasradioreflejos.com.ar\/2021\/duro-comunicado-de-milei-por-el-rechazo-del-dnu-que-la-clase-politica-decida-de-que-lado-de-la-historia-quiere-quedar\/\"]}]},{\"@type\":\"BreadcrumbList\",\"@id\":\"https:\/\/www.noticiasradioreflejos.com.ar\/2021\/duro-comunicado-de-milei-por-el-rechazo-del-dnu-que-la-clase-politica-decida-de-que-lado-de-la-historia-quiere-quedar\/#breadcrumb\",\"itemListElement\":[{\"@type\":\"ListItem\",\"position\":1,\"name\":\"Portada\",\"item\":\"https:\/\/www.noticiasradioreflejos.com.ar\/2021\/\"},{\"@type\":\"ListItem\",\"position\":2,\"name\":\"Duro comunicado de Milei por el rechazo del DNU: \u201cQue la clase pol\u00edtica decida de qu\u00e9 lado de la historia quiere quedar\u201d\"}]},{\"@type\":\"WebSite\",\"@id\":\"https:\/\/www.noticiasradioreflejos.com.ar\/2021\/#website\",\"url\":\"https:\/\/www.noticiasradioreflejos.com.ar\/2021\/\",\"name\":\"Noticias Radio Reflejos\",\"description\":\"Las noticias de mi comarca\",\"potentialAction\":[{\"@type\":\"SearchAction\",\"target\":{\"@type\":\"EntryPoint\",\"urlTemplate\":\"https:\/\/www.noticiasradioreflejos.com.ar\/2021\/?s={search_term_string}\"},\"query-input\":{\"@type\":\"PropertyValueSpecification\",\"valueRequired\":true,\"valueName\":\"search_term_string\"}}],\"inLanguage\":\"es\"},{\"@type\":\"Person\",\"@id\":\"https:\/\/www.noticiasradioreflejos.com.ar\/2021\/#\/schema\/person\/ad82545263dcc5ec0996818884fd5fb1\",\"name\":\"Arnaldo Botto\",\"image\":{\"@type\":\"ImageObject\",\"inLanguage\":\"es\",\"@id\":\"https:\/\/www.noticiasradioreflejos.com.ar\/2021\/#\/schema\/person\/image\/\",\"url\":\"https:\/\/secure.gravatar.com\/avatar\/55cb5e37c1efa326397366e6974cb338056df65cb50e7d64d1cf314e87504837?s=96&d=mm&r=g\",\"contentUrl\":\"https:\/\/secure.gravatar.com\/avatar\/55cb5e37c1efa326397366e6974cb338056df65cb50e7d64d1cf314e87504837?s=96&d=mm&r=g\",\"caption\":\"Arnaldo Botto\"},\"url\":\"https:\/\/www.noticiasradioreflejos.com.ar\/2021\/author\/arnaldo\/\"}]}<\/script>\n<!-- \/ Yoast SEO plugin. -->","yoast_head_json":{"title":"Duro comunicado de Milei por el rechazo del DNU: \u201cQue la clase pol\u00edtica decida de qu\u00e9 lado de la historia quiere quedar\u201d - Noticias Radio Reflejos","robots":{"index":"index","follow":"follow","max-snippet":"max-snippet:-1","max-image-preview":"max-image-preview:large","max-video-preview":"max-video-preview:-1"},"canonical":"https:\/\/www.noticiasradioreflejos.com.ar\/2021\/duro-comunicado-de-milei-por-el-rechazo-del-dnu-que-la-clase-politica-decida-de-que-lado-de-la-historia-quiere-quedar\/","og_locale":"es_ES","og_type":"article","og_title":"Duro comunicado de Milei por el rechazo del DNU: \u201cQue la clase pol\u00edtica decida de qu\u00e9 lado de la historia quiere quedar\u201d - Noticias Radio Reflejos","og_description":"La oficina de la Presidencia sostuvo que este escenario atenta contra el Pacto de Mayo convocado.","og_url":"https:\/\/www.noticiasradioreflejos.com.ar\/2021\/duro-comunicado-de-milei-por-el-rechazo-del-dnu-que-la-clase-politica-decida-de-que-lado-de-la-historia-quiere-quedar\/","og_site_name":"Noticias Radio Reflejos","article_published_time":"2024-03-15T10:43:41+00:00","og_image":[{"width":300,"height":200,"url":"https:\/\/www.noticiasradioreflejos.com.ar\/2021\/wp-content\/uploads\/2021\/07\/logosol300x200.png","type":"image\/png"}],"author":"Arnaldo Botto","twitter_card":"summary_large_image","schema":{"@context":"https:\/\/schema.org","@graph":[{"@type":"WebPage","@id":"https:\/\/www.noticiasradioreflejos.com.ar\/2021\/duro-comunicado-de-milei-por-el-rechazo-del-dnu-que-la-clase-politica-decida-de-que-lado-de-la-historia-quiere-quedar\/","url":"https:\/\/www.noticiasradioreflejos.com.ar\/2021\/duro-comunicado-de-milei-por-el-rechazo-del-dnu-que-la-clase-politica-decida-de-que-lado-de-la-historia-quiere-quedar\/","name":"Duro comunicado de Milei por el rechazo del DNU: \u201cQue la clase pol\u00edtica decida de qu\u00e9 lado de la historia quiere quedar\u201d - Noticias Radio Reflejos","isPartOf":{"@id":"https:\/\/www.noticiasradioreflejos.com.ar\/2021\/#website"},"datePublished":"2024-03-15T10:43:41+00:00","author":{"@id":"https:\/\/www.noticiasradioreflejos.com.ar\/2021\/#\/schema\/person\/ad82545263dcc5ec0996818884fd5fb1"},"breadcrumb":{"@id":"https:\/\/www.noticiasradioreflejos.com.ar\/2021\/duro-comunicado-de-milei-por-el-rechazo-del-dnu-que-la-clase-politica-decida-de-que-lado-de-la-historia-quiere-quedar\/#breadcrumb"},"inLanguage":"es","potentialAction":[{"@type":"ReadAction","target":["https:\/\/www.noticiasradioreflejos.com.ar\/2021\/duro-comunicado-de-milei-por-el-rechazo-del-dnu-que-la-clase-politica-decida-de-que-lado-de-la-historia-quiere-quedar\/"]}]},{"@type":"BreadcrumbList","@id":"https:\/\/www.noticiasradioreflejos.com.ar\/2021\/duro-comunicado-de-milei-por-el-rechazo-del-dnu-que-la-clase-politica-decida-de-que-lado-de-la-historia-quiere-quedar\/#breadcrumb","itemListElement":[{"@type":"ListItem","position":1,"name":"Portada","item":"https:\/\/www.noticiasradioreflejos.com.ar\/2021\/"},{"@type":"ListItem","position":2,"name":"Duro comunicado de Milei por el rechazo del DNU: \u201cQue la clase pol\u00edtica decida de qu\u00e9 lado de la historia quiere quedar\u201d"}]},{"@type":"WebSite","@id":"https:\/\/www.noticiasradioreflejos.com.ar\/2021\/#website","url":"https:\/\/www.noticiasradioreflejos.com.ar\/2021\/","name":"Noticias Radio Reflejos","description":"Las noticias de mi comarca","potentialAction":[{"@type":"SearchAction","target":{"@type":"EntryPoint","urlTemplate":"https:\/\/www.noticiasradioreflejos.com.ar\/2021\/?s={search_term_string}"},"query-input":{"@type":"PropertyValueSpecification","valueRequired":true,"valueName":"search_term_string"}}],"inLanguage":"es"},{"@type":"Person","@id":"https:\/\/www.noticiasradioreflejos.com.ar\/2021\/#\/schema\/person\/ad82545263dcc5ec0996818884fd5fb1","name":"Arnaldo Botto","image":{"@type":"ImageObject","inLanguage":"es","@id":"https:\/\/www.noticiasradioreflejos.com.ar\/2021\/#\/schema\/person\/image\/","url":"https:\/\/secure.gravatar.com\/avatar\/55cb5e37c1efa326397366e6974cb338056df65cb50e7d64d1cf314e87504837?s=96&d=mm&r=g","contentUrl":"https:\/\/secure.gravatar.com\/avatar\/55cb5e37c1efa326397366e6974cb338056df65cb50e7d64d1cf314e87504837?s=96&d=mm&r=g","caption":"Arnaldo Botto"},"url":"https:\/\/www.noticiasradioreflejos.com.ar\/2021\/author\/arnaldo\/"}]}},"_links":{"self":[{"href":"https:\/\/www.noticiasradioreflejos.com.ar\/2021\/wp-json\/wp\/v2\/posts\/100134","targetHints":{"allow":["GET"]}}],"collection":[{"href":"https:\/\/www.noticiasradioreflejos.com.ar\/2021\/wp-json\/wp\/v2\/posts"}],"about":[{"href":"https:\/\/www.noticiasradioreflejos.com.ar\/2021\/wp-json\/wp\/v2\/types\/post"}],"author":[{"embeddable":true,"href":"https:\/\/www.noticiasradioreflejos.com.ar\/2021\/wp-json\/wp\/v2\/users\/3"}],"replies":[{"embeddable":true,"href":"https:\/\/www.noticiasradioreflejos.com.ar\/2021\/wp-json\/wp\/v2\/comments?post=100134"}],"version-history":[{"count":1,"href":"https:\/\/www.noticiasradioreflejos.com.ar\/2021\/wp-json\/wp\/v2\/posts\/100134\/revisions"}],"predecessor-version":[{"id":100135,"href":"https:\/\/www.noticiasradioreflejos.com.ar\/2021\/wp-json\/wp\/v2\/posts\/100134\/revisions\/100135"}],"wp:attachment":[{"href":"https:\/\/www.noticiasradioreflejos.com.ar\/2021\/wp-json\/wp\/v2\/media?parent=100134"}],"wp:term":[{"taxonomy":"category","embeddable":true,"href":"https:\/\/www.noticiasradioreflejos.com.ar\/2021\/wp-json\/wp\/v2\/categories?post=100134"},{"taxonomy":"post_tag","embeddable":true,"href":"https:\/\/www.noticiasradioreflejos.com.ar\/2021\/wp-json\/wp\/v2\/tags?post=100134"}],"curies":[{"name":"wp","href":"https:\/\/api.w.org\/{rel}","templated":true}]}}