{"id":100132,"date":"2024-03-14T20:00:50","date_gmt":"2024-03-14T23:00:50","guid":{"rendered":"https:\/\/www.noticiasradioreflejos.com.ar\/2021\/?p=100132"},"modified":"2024-03-14T20:00:50","modified_gmt":"2024-03-14T23:00:50","slug":"siete-nuevos-casos-de-dengue-en-bahia-y-el-acumulado-llega-a-31","status":"publish","type":"post","link":"https:\/\/www.noticiasradioreflejos.com.ar\/2021\/siete-nuevos-casos-de-dengue-en-bahia-y-el-acumulado-llega-a-31\/","title":{"rendered":"Siete nuevos casos de dengue en Bah\u00eda y el acumulado llega a 31"},"content":{"rendered":"<header id=\"mvp-post-head\" class=\"left relative\">La Secretar\u00eda de Salud del Municipio inform\u00f3 que esta semana se detectaron siete nuevos casos de dengue en Bah\u00eda Blanca y el acumulado asciende hasta 31, de los cuales 10 son aut\u00f3ctonos.<\/p>\n<\/header>\n<p><!--more--><\/p>\n<div class=\"mvp-post-main-out left relative\">\n<div class=\"mvp-post-main-in\">\n<div id=\"mvp-post-content\" class=\"left relative\">\n<div id=\"mvp-content-wrap\" class=\"left relative\">\n<div class=\"mvp-post-soc-out right relative\">\n<div class=\"mvp-post-soc-in\">\n<div id=\"mvp-content-body\" class=\"left relative\">\n<div id=\"mvp-content-body-top\" class=\"left relative\">\n<div id=\"mvp-content-main\" class=\"left relative\">\n<div id=\"textbody\">\n<p>De los siete casos confirmados recientemente, cuatro tienen antecedentes de viajes a zonas end\u00e9micas y tres son aut\u00f3ctonos.<\/p>\n<p>Como parte de las tareas preventivas que se vienen desarrollando, este viernes 15 de marzo a partir de las 8:30 se llevar\u00e1n a cabo labores de promoci\u00f3n y descacharrizaci\u00f3n en los barrios Villa Floresta y Universitario.<\/p>\n<p>Personal debidamente identificado de la Secretar\u00eda de Salud y Subsecretar\u00eda de Ambiente entregar\u00e1 folletos de prevenci\u00f3n casa por casa, sin entrar a los domicilios.<\/p>\n<p>Adem\u00e1s, se colocar\u00e1 contenedores en Guatemala y Panam\u00e1 (barrio Universitario) y Jos\u00e9 Ingenieros 2235 ( Villa Floresta) para descartar recipientes en desuso que pudieran ser criaderos de mosquitos.<\/p>\n<p class=\" aBigClassNameToAvoidCollisionInText\">Informaron tambi\u00e9n que \u201ctodas las semanas en conjunto con el Programa Dengue, el Departamento de Epidemiolog\u00eda y Calidad, personal de las diferentes \u00e1reas program\u00e1ticas involucradas y la Subsecretar\u00eda de Saneamiento Ambiental, realizan tareas para la evitar la reproducci\u00f3n del mosquito Aedes aegypti, brindando informaci\u00f3n sobre c\u00f3mo prevenir, cu\u00e1les son los s\u00edntomas y c\u00f3mo actuar ante su presencia\u201d.<\/p>\n<p>Reiteraron que ante la presencia del mosquito en alguna vivienda se puede consultar de 7:30 a 14:30 en las siguientes l\u00edneas de comunicaci\u00f3n:<\/p>\n<p>-Secretar\u00eda de Salud: 5506036 \/\u00a0salud@bahiablanca.gov.ar.<br \/>\n-Programa Dengue: cel 291 535 7708.<br \/>\n-Dpto de Epidemiolog\u00eda y Calidad: 2914979614 (WhatsApp) \/\u00a0epidemiologiasecretariadesalud@gmail.com.<br \/>\n-Subsecretar\u00eda de Ambiente: 4554549 \/ Vieytes 567.<\/p>\n<\/div>\n<\/div>\n<\/div>\n<\/div>\n<\/div>\n<\/div>\n<\/div>\n<\/div>\n<\/div>\n<\/div>\n<p>&nbsp;<\/p>\n<p><em><strong>Fuente La Br\u00fajula 24<\/strong><\/em><\/p>\n","protected":false},"excerpt":{"rendered":"<p>La Secretar\u00eda de Salud del Municipio inform\u00f3 que esta semana se detectaron siete nuevos casos de dengue en Bah\u00eda Blanca y el acumulado asciende hasta 31, de los cuales 10 son aut\u00f3ctonos.<\/p>\n","protected":false},"author":3,"featured_media":97290,"comment_status":"closed","ping_status":"closed","sticky":false,"template":"","format":"standard","meta":{"footnotes":""},"categories":[30],"tags":[],"class_list":["post-100132","post","type-post","status-publish","format-standard","has-post-thumbnail","hentry","category-salud"],"yoast_head":"<!-- This site is optimized with the Yoast SEO plugin v25.9 - https:\/\/yoast.com\/wordpress\/plugins\/seo\/ -->\n<title>Siete nuevos casos de dengue en Bah\u00eda y el acumulado llega a 31 - Noticias Radio Reflejos<\/title>\n<meta name=\"robots\" content=\"index, follow, max-snippet:-1, max-image-preview:large, max-video-preview:-1\" \/>\n<link rel=\"canonical\" href=\"https:\/\/www.noticiasradioreflejos.com.ar\/2021\/siete-nuevos-casos-de-dengue-en-bahia-y-el-acumulado-llega-a-31\/\" \/>\n<meta property=\"og:locale\" content=\"es_ES\" \/>\n<meta property=\"og:type\" content=\"article\" \/>\n<meta property=\"og:title\" content=\"Siete nuevos casos de dengue en Bah\u00eda y el acumulado llega a 31 - Noticias Radio Reflejos\" \/>\n<meta property=\"og:description\" content=\"La Secretar\u00eda de Salud del Municipio inform\u00f3 que esta semana se detectaron siete nuevos casos de dengue en Bah\u00eda Blanca y el acumulado asciende hasta 31, de los cuales 10 son aut\u00f3ctonos.\" \/>\n<meta property=\"og:url\" content=\"https:\/\/www.noticiasradioreflejos.com.ar\/2021\/siete-nuevos-casos-de-dengue-en-bahia-y-el-acumulado-llega-a-31\/\" \/>\n<meta property=\"og:site_name\" content=\"Noticias Radio Reflejos\" \/>\n<meta property=\"article:published_time\" content=\"2024-03-14T23:00:50+00:00\" \/>\n<meta property=\"og:image\" content=\"https:\/\/www.noticiasradioreflejos.com.ar\/2021\/wp-content\/uploads\/2024\/01\/dengue.jpg\" \/>\n\t<meta property=\"og:image:width\" content=\"964\" \/>\n\t<meta property=\"og:image:height\" content=\"542\" \/>\n\t<meta property=\"og:image:type\" content=\"image\/jpeg\" \/>\n<meta name=\"author\" content=\"Arnaldo Botto\" \/>\n<meta name=\"twitter:card\" content=\"summary_large_image\" \/>\n<script type=\"application\/ld+json\" class=\"yoast-schema-graph\">{\"@context\":\"https:\/\/schema.org\",\"@graph\":[{\"@type\":\"WebPage\",\"@id\":\"https:\/\/www.noticiasradioreflejos.com.ar\/2021\/siete-nuevos-casos-de-dengue-en-bahia-y-el-acumulado-llega-a-31\/\",\"url\":\"https:\/\/www.noticiasradioreflejos.com.ar\/2021\/siete-nuevos-casos-de-dengue-en-bahia-y-el-acumulado-llega-a-31\/\",\"name\":\"Siete nuevos casos de dengue en Bah\u00eda y el acumulado llega a 31 - Noticias Radio Reflejos\",\"isPartOf\":{\"@id\":\"https:\/\/www.noticiasradioreflejos.com.ar\/2021\/#website\"},\"primaryImageOfPage\":{\"@id\":\"https:\/\/www.noticiasradioreflejos.com.ar\/2021\/siete-nuevos-casos-de-dengue-en-bahia-y-el-acumulado-llega-a-31\/#primaryimage\"},\"image\":{\"@id\":\"https:\/\/www.noticiasradioreflejos.com.ar\/2021\/siete-nuevos-casos-de-dengue-en-bahia-y-el-acumulado-llega-a-31\/#primaryimage\"},\"thumbnailUrl\":\"https:\/\/www.noticiasradioreflejos.com.ar\/2021\/wp-content\/uploads\/2024\/01\/dengue.jpg\",\"datePublished\":\"2024-03-14T23:00:50+00:00\",\"author\":{\"@id\":\"https:\/\/www.noticiasradioreflejos.com.ar\/2021\/#\/schema\/person\/ad82545263dcc5ec0996818884fd5fb1\"},\"breadcrumb\":{\"@id\":\"https:\/\/www.noticiasradioreflejos.com.ar\/2021\/siete-nuevos-casos-de-dengue-en-bahia-y-el-acumulado-llega-a-31\/#breadcrumb\"},\"inLanguage\":\"es\",\"potentialAction\":[{\"@type\":\"ReadAction\",\"target\":[\"https:\/\/www.noticiasradioreflejos.com.ar\/2021\/siete-nuevos-casos-de-dengue-en-bahia-y-el-acumulado-llega-a-31\/\"]}]},{\"@type\":\"ImageObject\",\"inLanguage\":\"es\",\"@id\":\"https:\/\/www.noticiasradioreflejos.com.ar\/2021\/siete-nuevos-casos-de-dengue-en-bahia-y-el-acumulado-llega-a-31\/#primaryimage\",\"url\":\"https:\/\/www.noticiasradioreflejos.com.ar\/2021\/wp-content\/uploads\/2024\/01\/dengue.jpg\",\"contentUrl\":\"https:\/\/www.noticiasradioreflejos.com.ar\/2021\/wp-content\/uploads\/2024\/01\/dengue.jpg\",\"width\":964,\"height\":542},{\"@type\":\"BreadcrumbList\",\"@id\":\"https:\/\/www.noticiasradioreflejos.com.ar\/2021\/siete-nuevos-casos-de-dengue-en-bahia-y-el-acumulado-llega-a-31\/#breadcrumb\",\"itemListElement\":[{\"@type\":\"ListItem\",\"position\":1,\"name\":\"Portada\",\"item\":\"https:\/\/www.noticiasradioreflejos.com.ar\/2021\/\"},{\"@type\":\"ListItem\",\"position\":2,\"name\":\"Siete nuevos casos de dengue en Bah\u00eda y el acumulado llega a 31\"}]},{\"@type\":\"WebSite\",\"@id\":\"https:\/\/www.noticiasradioreflejos.com.ar\/2021\/#website\",\"url\":\"https:\/\/www.noticiasradioreflejos.com.ar\/2021\/\",\"name\":\"Noticias Radio Reflejos\",\"description\":\"Las noticias de mi comarca\",\"potentialAction\":[{\"@type\":\"SearchAction\",\"target\":{\"@type\":\"EntryPoint\",\"urlTemplate\":\"https:\/\/www.noticiasradioreflejos.com.ar\/2021\/?s={search_term_string}\"},\"query-input\":{\"@type\":\"PropertyValueSpecification\",\"valueRequired\":true,\"valueName\":\"search_term_string\"}}],\"inLanguage\":\"es\"},{\"@type\":\"Person\",\"@id\":\"https:\/\/www.noticiasradioreflejos.com.ar\/2021\/#\/schema\/person\/ad82545263dcc5ec0996818884fd5fb1\",\"name\":\"Arnaldo Botto\",\"image\":{\"@type\":\"ImageObject\",\"inLanguage\":\"es\",\"@id\":\"https:\/\/www.noticiasradioreflejos.com.ar\/2021\/#\/schema\/person\/image\/\",\"url\":\"https:\/\/secure.gravatar.com\/avatar\/55cb5e37c1efa326397366e6974cb338056df65cb50e7d64d1cf314e87504837?s=96&d=mm&r=g\",\"contentUrl\":\"https:\/\/secure.gravatar.com\/avatar\/55cb5e37c1efa326397366e6974cb338056df65cb50e7d64d1cf314e87504837?s=96&d=mm&r=g\",\"caption\":\"Arnaldo Botto\"},\"url\":\"https:\/\/www.noticiasradioreflejos.com.ar\/2021\/author\/arnaldo\/\"}]}<\/script>\n<!-- \/ Yoast SEO plugin. -->","yoast_head_json":{"title":"Siete nuevos casos de dengue en Bah\u00eda y el acumulado llega a 31 - Noticias Radio Reflejos","robots":{"index":"index","follow":"follow","max-snippet":"max-snippet:-1","max-image-preview":"max-image-preview:large","max-video-preview":"max-video-preview:-1"},"canonical":"https:\/\/www.noticiasradioreflejos.com.ar\/2021\/siete-nuevos-casos-de-dengue-en-bahia-y-el-acumulado-llega-a-31\/","og_locale":"es_ES","og_type":"article","og_title":"Siete nuevos casos de dengue en Bah\u00eda y el acumulado llega a 31 - Noticias Radio Reflejos","og_description":"La Secretar\u00eda de Salud del Municipio inform\u00f3 que esta semana se detectaron siete nuevos casos de dengue en Bah\u00eda Blanca y el acumulado asciende hasta 31, de los cuales 10 son aut\u00f3ctonos.","og_url":"https:\/\/www.noticiasradioreflejos.com.ar\/2021\/siete-nuevos-casos-de-dengue-en-bahia-y-el-acumulado-llega-a-31\/","og_site_name":"Noticias Radio Reflejos","article_published_time":"2024-03-14T23:00:50+00:00","og_image":[{"width":964,"height":542,"url":"https:\/\/www.noticiasradioreflejos.com.ar\/2021\/wp-content\/uploads\/2024\/01\/dengue.jpg","type":"image\/jpeg"}],"author":"Arnaldo Botto","twitter_card":"summary_large_image","schema":{"@context":"https:\/\/schema.org","@graph":[{"@type":"WebPage","@id":"https:\/\/www.noticiasradioreflejos.com.ar\/2021\/siete-nuevos-casos-de-dengue-en-bahia-y-el-acumulado-llega-a-31\/","url":"https:\/\/www.noticiasradioreflejos.com.ar\/2021\/siete-nuevos-casos-de-dengue-en-bahia-y-el-acumulado-llega-a-31\/","name":"Siete nuevos casos de dengue en Bah\u00eda y el acumulado llega a 31 - Noticias Radio Reflejos","isPartOf":{"@id":"https:\/\/www.noticiasradioreflejos.com.ar\/2021\/#website"},"primaryImageOfPage":{"@id":"https:\/\/www.noticiasradioreflejos.com.ar\/2021\/siete-nuevos-casos-de-dengue-en-bahia-y-el-acumulado-llega-a-31\/#primaryimage"},"image":{"@id":"https:\/\/www.noticiasradioreflejos.com.ar\/2021\/siete-nuevos-casos-de-dengue-en-bahia-y-el-acumulado-llega-a-31\/#primaryimage"},"thumbnailUrl":"https:\/\/www.noticiasradioreflejos.com.ar\/2021\/wp-content\/uploads\/2024\/01\/dengue.jpg","datePublished":"2024-03-14T23:00:50+00:00","author":{"@id":"https:\/\/www.noticiasradioreflejos.com.ar\/2021\/#\/schema\/person\/ad82545263dcc5ec0996818884fd5fb1"},"breadcrumb":{"@id":"https:\/\/www.noticiasradioreflejos.com.ar\/2021\/siete-nuevos-casos-de-dengue-en-bahia-y-el-acumulado-llega-a-31\/#breadcrumb"},"inLanguage":"es","potentialAction":[{"@type":"ReadAction","target":["https:\/\/www.noticiasradioreflejos.com.ar\/2021\/siete-nuevos-casos-de-dengue-en-bahia-y-el-acumulado-llega-a-31\/"]}]},{"@type":"ImageObject","inLanguage":"es","@id":"https:\/\/www.noticiasradioreflejos.com.ar\/2021\/siete-nuevos-casos-de-dengue-en-bahia-y-el-acumulado-llega-a-31\/#primaryimage","url":"https:\/\/www.noticiasradioreflejos.com.ar\/2021\/wp-content\/uploads\/2024\/01\/dengue.jpg","contentUrl":"https:\/\/www.noticiasradioreflejos.com.ar\/2021\/wp-content\/uploads\/2024\/01\/dengue.jpg","width":964,"height":542},{"@type":"BreadcrumbList","@id":"https:\/\/www.noticiasradioreflejos.com.ar\/2021\/siete-nuevos-casos-de-dengue-en-bahia-y-el-acumulado-llega-a-31\/#breadcrumb","itemListElement":[{"@type":"ListItem","position":1,"name":"Portada","item":"https:\/\/www.noticiasradioreflejos.com.ar\/2021\/"},{"@type":"ListItem","position":2,"name":"Siete nuevos casos de dengue en Bah\u00eda y el acumulado llega a 31"}]},{"@type":"WebSite","@id":"https:\/\/www.noticiasradioreflejos.com.ar\/2021\/#website","url":"https:\/\/www.noticiasradioreflejos.com.ar\/2021\/","name":"Noticias Radio Reflejos","description":"Las noticias de mi comarca","potentialAction":[{"@type":"SearchAction","target":{"@type":"EntryPoint","urlTemplate":"https:\/\/www.noticiasradioreflejos.com.ar\/2021\/?s={search_term_string}"},"query-input":{"@type":"PropertyValueSpecification","valueRequired":true,"valueName":"search_term_string"}}],"inLanguage":"es"},{"@type":"Person","@id":"https:\/\/www.noticiasradioreflejos.com.ar\/2021\/#\/schema\/person\/ad82545263dcc5ec0996818884fd5fb1","name":"Arnaldo Botto","image":{"@type":"ImageObject","inLanguage":"es","@id":"https:\/\/www.noticiasradioreflejos.com.ar\/2021\/#\/schema\/person\/image\/","url":"https:\/\/secure.gravatar.com\/avatar\/55cb5e37c1efa326397366e6974cb338056df65cb50e7d64d1cf314e87504837?s=96&d=mm&r=g","contentUrl":"https:\/\/secure.gravatar.com\/avatar\/55cb5e37c1efa326397366e6974cb338056df65cb50e7d64d1cf314e87504837?s=96&d=mm&r=g","caption":"Arnaldo Botto"},"url":"https:\/\/www.noticiasradioreflejos.com.ar\/2021\/author\/arnaldo\/"}]}},"_links":{"self":[{"href":"https:\/\/www.noticiasradioreflejos.com.ar\/2021\/wp-json\/wp\/v2\/posts\/100132","targetHints":{"allow":["GET"]}}],"collection":[{"href":"https:\/\/www.noticiasradioreflejos.com.ar\/2021\/wp-json\/wp\/v2\/posts"}],"about":[{"href":"https:\/\/www.noticiasradioreflejos.com.ar\/2021\/wp-json\/wp\/v2\/types\/post"}],"author":[{"embeddable":true,"href":"https:\/\/www.noticiasradioreflejos.com.ar\/2021\/wp-json\/wp\/v2\/users\/3"}],"replies":[{"embeddable":true,"href":"https:\/\/www.noticiasradioreflejos.com.ar\/2021\/wp-json\/wp\/v2\/comments?post=100132"}],"version-history":[{"count":1,"href":"https:\/\/www.noticiasradioreflejos.com.ar\/2021\/wp-json\/wp\/v2\/posts\/100132\/revisions"}],"predecessor-version":[{"id":100133,"href":"https:\/\/www.noticiasradioreflejos.com.ar\/2021\/wp-json\/wp\/v2\/posts\/100132\/revisions\/100133"}],"wp:featuredmedia":[{"embeddable":true,"href":"https:\/\/www.noticiasradioreflejos.com.ar\/2021\/wp-json\/wp\/v2\/media\/97290"}],"wp:attachment":[{"href":"https:\/\/www.noticiasradioreflejos.com.ar\/2021\/wp-json\/wp\/v2\/media?parent=100132"}],"wp:term":[{"taxonomy":"category","embeddable":true,"href":"https:\/\/www.noticiasradioreflejos.com.ar\/2021\/wp-json\/wp\/v2\/categories?post=100132"},{"taxonomy":"post_tag","embeddable":true,"href":"https:\/\/www.noticiasradioreflejos.com.ar\/2021\/wp-json\/wp\/v2\/tags?post=100132"}],"curies":[{"name":"wp","href":"https:\/\/api.w.org\/{rel}","templated":true}]}}