{"id":100129,"date":"2024-03-14T19:57:37","date_gmt":"2024-03-14T22:57:37","guid":{"rendered":"https:\/\/www.noticiasradioreflejos.com.ar\/2021\/?p=100129"},"modified":"2024-03-14T19:57:37","modified_gmt":"2024-03-14T22:57:37","slug":"el-senado-rechazo-el-dnu-de-milei-ira-a-diputados-y-alli-se-definira-su-futuro","status":"publish","type":"post","link":"https:\/\/www.noticiasradioreflejos.com.ar\/2021\/el-senado-rechazo-el-dnu-de-milei-ira-a-diputados-y-alli-se-definira-su-futuro\/","title":{"rendered":"El Senado rechaz\u00f3 el DNU de Milei: ir\u00e1 a Diputados y all\u00ed se definir\u00e1 su futuro"},"content":{"rendered":"<header class=\"article-header\" data-tadevel-template=\"web\/article-header\">\n<p class=\"article-deck\">Fue a 42 votos negativos a 25 positivos; 4 abstenciones. Pasa a la C\u00e1mara baja. Necesita de la aprobaci\u00f3n de un solo cuerpo para dejarlo firme. Tensi\u00f3n entre la Casa Rosada y el Congreso.<\/p>\n<\/header>\n<p><!--more--><\/p>\n<div class=\"columns\" data-tadevel-template=\"web\/article-columns\">\n<div class=\"column-main\">\n<div class=\"article-body\" data-tadevel-template=\"web\/article-body\">\n<div class=\"article-body-content\">\n<p>El Decreto de Necesidad y Urgencia (DNU) 70\/2023 fue rechazado hoy por el Senado de la Naci\u00f3n por 42 votos negativos a 25 afirmativos. Este resultado vuelve a tensar la relaci\u00f3n entre el Gobierno nacional y el Congreso de la Naci\u00f3n, luego de la reuni\u00f3n que se realiz\u00f3 hace poco menos de una semana entre los gobernadores y referentes del Poder Ejecutivo, en la Casa Rosada.<\/p>\n<p>De esta manera, el decretazo que dict\u00f3 el presidente Javier Milei, en diciembre pasado, llegar\u00e1 a la C\u00e1mara de Diputados en los pr\u00f3ximos d\u00edas para su tratamiento. Si bien el resultado fue negativo en la C\u00e1mara alta, el DNU continuar\u00e1 en vigencia -a pesar de las trabas jur\u00eddicas que ya cuenta en diversas tem\u00e1ticas- hasta que no sea rechazado tambi\u00e9n por la C\u00e1mara baja. De concretarse, reci\u00e9n ah\u00ed quedar\u00eda sin efecto.<\/p>\n<p>Su tratamiento fue motorizado por voluntad de la vicepresidenta de la Naci\u00f3n y titular del Senado, Victoria Villarruel, que lo incluy\u00f3 en el temario oficial el martes pasado a sabiendas de que el rechazo era su destino final en el hemiciclo senatorial. La vice ven\u00eda de resistir varios pedidos para tratar el mega-decreto en el recinto. Dos por parte del kirchnerismo y uno firmado por bloques federales, entre ellos, un radical.<\/p>\n<p>Ayer, en la reuni\u00f3n de labor parlamentaria, Villarruel intent\u00f3 persuadir a los l\u00edderes de los bloques opositores para prorrogar la discusi\u00f3n del DNU. La decisi\u00f3n de Villarruel de incluirlo en el temario gener\u00f3 un fuerte repudio en redes sociales por parte de la militancia mile\u00edsta y hasta el propio mandatario desliz\u00f3 algunas directrices -negativas- al respecto.<\/p>\n<p>De hecho, el nuevo aliado de Milei en el Congreso, Jos\u00e9 Luis Espert, puso en duda el objetivo de Villarruel con respecto a habilitar el debate: \u00abNo s\u00e9 por qu\u00e9 lo hizo. Habr\u00eda que preguntarle a ella que piensa\u00bb. Otro de los que sum\u00f3 fue el ministro del Interior, Guillermo Francos, que realiz\u00f3 declaraciones en esa l\u00ednea: \u00abPodr\u00eda haberlo evitado, pero la presi\u00f3n la hizo incorporar este punto\u00bb.<\/p>\n<p>A pocos minutos de haber iniciado el encuentro en el despacho de Villarruel del mi\u00e9rcoles, las cuentas oficiales de la oficina presidencial publicaron un duro comunicado contra los legisladores, tanto de la C\u00e1mara de Diputados y el Senado, por intentar \u201cimponer\u201d una agenda por afuera del Pacto de Mayo y los nuevos lineamientos de la ley de Bases. La acci\u00f3n fue le\u00edda como m\u00e9todo de exposici\u00f3n de Milei a la vice.<\/p>\n<p>No la primera vez que la f\u00f3rmula presidencial se saca chispas a solo tres meses de haber asumido. La \u00faltima tambi\u00e9n fue a comienzo de esta semana. El lunes, Villarruel se pleg\u00f3 al presidente de la C\u00e1mara de Diputados, Mart\u00edn Menem, y retrotrajo el aumento del 30% en las dietas de los senadores, en medio de la pol\u00e9mica que escal\u00f3 al Poder Ejecutivo y que termin\u00f3 con el ministro de Trabajo, Omar Yasin, fuera del Gobierno.<\/p>\n<p>De esta manera, Villarruel despej\u00f3 la duda que merode\u00f3 durante todo el fin de semana sobre qu\u00e9 har\u00eda con respecto al incremento en los salarios de los legisladores. Desde su entorno especificaron que fue por un pedido expreso de Milei, que durante el fin de semana motoriz\u00f3 el despido de Yasin. Seg\u00fan pudo saber Noticias Argentinas de fuentes cercanas a Villarruel, la abogada aspiraba a consensuar la decisi\u00f3n con los titulares de los bloques.<\/p>\n<\/div>\n<\/div>\n<\/div>\n<\/div>\n<p>&nbsp;<\/p>\n<div class=\"imgwrap\"><img loading=\"lazy\" decoding=\"async\" src=\"https:\/\/alpha-assets.tadevel-cdn.com\/65a43a148091c3b3a0a177cd\/t256.jpeg\" alt=\"Gonzalo Delmonte\" width=\"64\" height=\"64\" \/><\/div>\n<div class=\"textwrap\">\n<div class=\"name\"><em><strong>GONZALO DELMONTE -NA<\/strong><\/em><\/div>\n<\/div>\n","protected":false},"excerpt":{"rendered":"<p>Fue a 42 votos negativos a 25 positivos; 4 abstenciones. Pasa a la C\u00e1mara baja. Necesita de la aprobaci\u00f3n de un solo cuerpo para dejarlo firme. Tensi\u00f3n entre la Casa Rosada y el Congreso.<\/p>\n","protected":false},"author":3,"featured_media":0,"comment_status":"closed","ping_status":"closed","sticky":false,"template":"","format":"standard","meta":{"footnotes":""},"categories":[24],"tags":[48],"class_list":["post-100129","post","type-post","status-publish","format-standard","hentry","category-politica","tag-destacada"],"yoast_head":"<!-- This site is optimized with the Yoast SEO plugin v25.9 - https:\/\/yoast.com\/wordpress\/plugins\/seo\/ -->\n<title>El Senado rechaz\u00f3 el DNU de Milei: ir\u00e1 a Diputados y all\u00ed se definir\u00e1 su futuro - Noticias Radio Reflejos<\/title>\n<meta name=\"robots\" content=\"index, follow, max-snippet:-1, max-image-preview:large, max-video-preview:-1\" \/>\n<link rel=\"canonical\" href=\"https:\/\/www.noticiasradioreflejos.com.ar\/2021\/el-senado-rechazo-el-dnu-de-milei-ira-a-diputados-y-alli-se-definira-su-futuro\/\" \/>\n<meta property=\"og:locale\" content=\"es_ES\" \/>\n<meta property=\"og:type\" content=\"article\" \/>\n<meta property=\"og:title\" content=\"El Senado rechaz\u00f3 el DNU de Milei: ir\u00e1 a Diputados y all\u00ed se definir\u00e1 su futuro - Noticias Radio Reflejos\" \/>\n<meta property=\"og:description\" content=\"Fue a 42 votos negativos a 25 positivos; 4 abstenciones. Pasa a la C\u00e1mara baja. Necesita de la aprobaci\u00f3n de un solo cuerpo para dejarlo firme. Tensi\u00f3n entre la Casa Rosada y el Congreso.\" \/>\n<meta property=\"og:url\" content=\"https:\/\/www.noticiasradioreflejos.com.ar\/2021\/el-senado-rechazo-el-dnu-de-milei-ira-a-diputados-y-alli-se-definira-su-futuro\/\" \/>\n<meta property=\"og:site_name\" content=\"Noticias Radio Reflejos\" \/>\n<meta property=\"article:published_time\" content=\"2024-03-14T22:57:37+00:00\" \/>\n<meta property=\"og:image\" content=\"https:\/\/alpha-assets.tadevel-cdn.com\/65a43a148091c3b3a0a177cd\/t256.jpeg\" \/>\n<meta name=\"author\" content=\"Arnaldo Botto\" \/>\n<meta name=\"twitter:card\" content=\"summary_large_image\" \/>\n<script type=\"application\/ld+json\" class=\"yoast-schema-graph\">{\"@context\":\"https:\/\/schema.org\",\"@graph\":[{\"@type\":\"WebPage\",\"@id\":\"https:\/\/www.noticiasradioreflejos.com.ar\/2021\/el-senado-rechazo-el-dnu-de-milei-ira-a-diputados-y-alli-se-definira-su-futuro\/\",\"url\":\"https:\/\/www.noticiasradioreflejos.com.ar\/2021\/el-senado-rechazo-el-dnu-de-milei-ira-a-diputados-y-alli-se-definira-su-futuro\/\",\"name\":\"El Senado rechaz\u00f3 el DNU de Milei: ir\u00e1 a Diputados y all\u00ed se definir\u00e1 su futuro - Noticias Radio Reflejos\",\"isPartOf\":{\"@id\":\"https:\/\/www.noticiasradioreflejos.com.ar\/2021\/#website\"},\"primaryImageOfPage\":{\"@id\":\"https:\/\/www.noticiasradioreflejos.com.ar\/2021\/el-senado-rechazo-el-dnu-de-milei-ira-a-diputados-y-alli-se-definira-su-futuro\/#primaryimage\"},\"image\":{\"@id\":\"https:\/\/www.noticiasradioreflejos.com.ar\/2021\/el-senado-rechazo-el-dnu-de-milei-ira-a-diputados-y-alli-se-definira-su-futuro\/#primaryimage\"},\"thumbnailUrl\":\"https:\/\/alpha-assets.tadevel-cdn.com\/65a43a148091c3b3a0a177cd\/t256.jpeg\",\"datePublished\":\"2024-03-14T22:57:37+00:00\",\"author\":{\"@id\":\"https:\/\/www.noticiasradioreflejos.com.ar\/2021\/#\/schema\/person\/ad82545263dcc5ec0996818884fd5fb1\"},\"breadcrumb\":{\"@id\":\"https:\/\/www.noticiasradioreflejos.com.ar\/2021\/el-senado-rechazo-el-dnu-de-milei-ira-a-diputados-y-alli-se-definira-su-futuro\/#breadcrumb\"},\"inLanguage\":\"es\",\"potentialAction\":[{\"@type\":\"ReadAction\",\"target\":[\"https:\/\/www.noticiasradioreflejos.com.ar\/2021\/el-senado-rechazo-el-dnu-de-milei-ira-a-diputados-y-alli-se-definira-su-futuro\/\"]}]},{\"@type\":\"ImageObject\",\"inLanguage\":\"es\",\"@id\":\"https:\/\/www.noticiasradioreflejos.com.ar\/2021\/el-senado-rechazo-el-dnu-de-milei-ira-a-diputados-y-alli-se-definira-su-futuro\/#primaryimage\",\"url\":\"https:\/\/alpha-assets.tadevel-cdn.com\/65a43a148091c3b3a0a177cd\/t256.jpeg\",\"contentUrl\":\"https:\/\/alpha-assets.tadevel-cdn.com\/65a43a148091c3b3a0a177cd\/t256.jpeg\"},{\"@type\":\"BreadcrumbList\",\"@id\":\"https:\/\/www.noticiasradioreflejos.com.ar\/2021\/el-senado-rechazo-el-dnu-de-milei-ira-a-diputados-y-alli-se-definira-su-futuro\/#breadcrumb\",\"itemListElement\":[{\"@type\":\"ListItem\",\"position\":1,\"name\":\"Portada\",\"item\":\"https:\/\/www.noticiasradioreflejos.com.ar\/2021\/\"},{\"@type\":\"ListItem\",\"position\":2,\"name\":\"El Senado rechaz\u00f3 el DNU de Milei: ir\u00e1 a Diputados y all\u00ed se definir\u00e1 su futuro\"}]},{\"@type\":\"WebSite\",\"@id\":\"https:\/\/www.noticiasradioreflejos.com.ar\/2021\/#website\",\"url\":\"https:\/\/www.noticiasradioreflejos.com.ar\/2021\/\",\"name\":\"Noticias Radio Reflejos\",\"description\":\"Las noticias de mi comarca\",\"potentialAction\":[{\"@type\":\"SearchAction\",\"target\":{\"@type\":\"EntryPoint\",\"urlTemplate\":\"https:\/\/www.noticiasradioreflejos.com.ar\/2021\/?s={search_term_string}\"},\"query-input\":{\"@type\":\"PropertyValueSpecification\",\"valueRequired\":true,\"valueName\":\"search_term_string\"}}],\"inLanguage\":\"es\"},{\"@type\":\"Person\",\"@id\":\"https:\/\/www.noticiasradioreflejos.com.ar\/2021\/#\/schema\/person\/ad82545263dcc5ec0996818884fd5fb1\",\"name\":\"Arnaldo Botto\",\"image\":{\"@type\":\"ImageObject\",\"inLanguage\":\"es\",\"@id\":\"https:\/\/www.noticiasradioreflejos.com.ar\/2021\/#\/schema\/person\/image\/\",\"url\":\"https:\/\/secure.gravatar.com\/avatar\/55cb5e37c1efa326397366e6974cb338056df65cb50e7d64d1cf314e87504837?s=96&d=mm&r=g\",\"contentUrl\":\"https:\/\/secure.gravatar.com\/avatar\/55cb5e37c1efa326397366e6974cb338056df65cb50e7d64d1cf314e87504837?s=96&d=mm&r=g\",\"caption\":\"Arnaldo Botto\"},\"url\":\"https:\/\/www.noticiasradioreflejos.com.ar\/2021\/author\/arnaldo\/\"}]}<\/script>\n<!-- \/ Yoast SEO plugin. -->","yoast_head_json":{"title":"El Senado rechaz\u00f3 el DNU de Milei: ir\u00e1 a Diputados y all\u00ed se definir\u00e1 su futuro - Noticias Radio Reflejos","robots":{"index":"index","follow":"follow","max-snippet":"max-snippet:-1","max-image-preview":"max-image-preview:large","max-video-preview":"max-video-preview:-1"},"canonical":"https:\/\/www.noticiasradioreflejos.com.ar\/2021\/el-senado-rechazo-el-dnu-de-milei-ira-a-diputados-y-alli-se-definira-su-futuro\/","og_locale":"es_ES","og_type":"article","og_title":"El Senado rechaz\u00f3 el DNU de Milei: ir\u00e1 a Diputados y all\u00ed se definir\u00e1 su futuro - Noticias Radio Reflejos","og_description":"Fue a 42 votos negativos a 25 positivos; 4 abstenciones. Pasa a la C\u00e1mara baja. Necesita de la aprobaci\u00f3n de un solo cuerpo para dejarlo firme. Tensi\u00f3n entre la Casa Rosada y el Congreso.","og_url":"https:\/\/www.noticiasradioreflejos.com.ar\/2021\/el-senado-rechazo-el-dnu-de-milei-ira-a-diputados-y-alli-se-definira-su-futuro\/","og_site_name":"Noticias Radio Reflejos","article_published_time":"2024-03-14T22:57:37+00:00","og_image":[{"url":"https:\/\/alpha-assets.tadevel-cdn.com\/65a43a148091c3b3a0a177cd\/t256.jpeg","type":"","width":"","height":""}],"author":"Arnaldo Botto","twitter_card":"summary_large_image","schema":{"@context":"https:\/\/schema.org","@graph":[{"@type":"WebPage","@id":"https:\/\/www.noticiasradioreflejos.com.ar\/2021\/el-senado-rechazo-el-dnu-de-milei-ira-a-diputados-y-alli-se-definira-su-futuro\/","url":"https:\/\/www.noticiasradioreflejos.com.ar\/2021\/el-senado-rechazo-el-dnu-de-milei-ira-a-diputados-y-alli-se-definira-su-futuro\/","name":"El Senado rechaz\u00f3 el DNU de Milei: ir\u00e1 a Diputados y all\u00ed se definir\u00e1 su futuro - Noticias Radio Reflejos","isPartOf":{"@id":"https:\/\/www.noticiasradioreflejos.com.ar\/2021\/#website"},"primaryImageOfPage":{"@id":"https:\/\/www.noticiasradioreflejos.com.ar\/2021\/el-senado-rechazo-el-dnu-de-milei-ira-a-diputados-y-alli-se-definira-su-futuro\/#primaryimage"},"image":{"@id":"https:\/\/www.noticiasradioreflejos.com.ar\/2021\/el-senado-rechazo-el-dnu-de-milei-ira-a-diputados-y-alli-se-definira-su-futuro\/#primaryimage"},"thumbnailUrl":"https:\/\/alpha-assets.tadevel-cdn.com\/65a43a148091c3b3a0a177cd\/t256.jpeg","datePublished":"2024-03-14T22:57:37+00:00","author":{"@id":"https:\/\/www.noticiasradioreflejos.com.ar\/2021\/#\/schema\/person\/ad82545263dcc5ec0996818884fd5fb1"},"breadcrumb":{"@id":"https:\/\/www.noticiasradioreflejos.com.ar\/2021\/el-senado-rechazo-el-dnu-de-milei-ira-a-diputados-y-alli-se-definira-su-futuro\/#breadcrumb"},"inLanguage":"es","potentialAction":[{"@type":"ReadAction","target":["https:\/\/www.noticiasradioreflejos.com.ar\/2021\/el-senado-rechazo-el-dnu-de-milei-ira-a-diputados-y-alli-se-definira-su-futuro\/"]}]},{"@type":"ImageObject","inLanguage":"es","@id":"https:\/\/www.noticiasradioreflejos.com.ar\/2021\/el-senado-rechazo-el-dnu-de-milei-ira-a-diputados-y-alli-se-definira-su-futuro\/#primaryimage","url":"https:\/\/alpha-assets.tadevel-cdn.com\/65a43a148091c3b3a0a177cd\/t256.jpeg","contentUrl":"https:\/\/alpha-assets.tadevel-cdn.com\/65a43a148091c3b3a0a177cd\/t256.jpeg"},{"@type":"BreadcrumbList","@id":"https:\/\/www.noticiasradioreflejos.com.ar\/2021\/el-senado-rechazo-el-dnu-de-milei-ira-a-diputados-y-alli-se-definira-su-futuro\/#breadcrumb","itemListElement":[{"@type":"ListItem","position":1,"name":"Portada","item":"https:\/\/www.noticiasradioreflejos.com.ar\/2021\/"},{"@type":"ListItem","position":2,"name":"El Senado rechaz\u00f3 el DNU de Milei: ir\u00e1 a Diputados y all\u00ed se definir\u00e1 su futuro"}]},{"@type":"WebSite","@id":"https:\/\/www.noticiasradioreflejos.com.ar\/2021\/#website","url":"https:\/\/www.noticiasradioreflejos.com.ar\/2021\/","name":"Noticias Radio Reflejos","description":"Las noticias de mi comarca","potentialAction":[{"@type":"SearchAction","target":{"@type":"EntryPoint","urlTemplate":"https:\/\/www.noticiasradioreflejos.com.ar\/2021\/?s={search_term_string}"},"query-input":{"@type":"PropertyValueSpecification","valueRequired":true,"valueName":"search_term_string"}}],"inLanguage":"es"},{"@type":"Person","@id":"https:\/\/www.noticiasradioreflejos.com.ar\/2021\/#\/schema\/person\/ad82545263dcc5ec0996818884fd5fb1","name":"Arnaldo Botto","image":{"@type":"ImageObject","inLanguage":"es","@id":"https:\/\/www.noticiasradioreflejos.com.ar\/2021\/#\/schema\/person\/image\/","url":"https:\/\/secure.gravatar.com\/avatar\/55cb5e37c1efa326397366e6974cb338056df65cb50e7d64d1cf314e87504837?s=96&d=mm&r=g","contentUrl":"https:\/\/secure.gravatar.com\/avatar\/55cb5e37c1efa326397366e6974cb338056df65cb50e7d64d1cf314e87504837?s=96&d=mm&r=g","caption":"Arnaldo Botto"},"url":"https:\/\/www.noticiasradioreflejos.com.ar\/2021\/author\/arnaldo\/"}]}},"_links":{"self":[{"href":"https:\/\/www.noticiasradioreflejos.com.ar\/2021\/wp-json\/wp\/v2\/posts\/100129","targetHints":{"allow":["GET"]}}],"collection":[{"href":"https:\/\/www.noticiasradioreflejos.com.ar\/2021\/wp-json\/wp\/v2\/posts"}],"about":[{"href":"https:\/\/www.noticiasradioreflejos.com.ar\/2021\/wp-json\/wp\/v2\/types\/post"}],"author":[{"embeddable":true,"href":"https:\/\/www.noticiasradioreflejos.com.ar\/2021\/wp-json\/wp\/v2\/users\/3"}],"replies":[{"embeddable":true,"href":"https:\/\/www.noticiasradioreflejos.com.ar\/2021\/wp-json\/wp\/v2\/comments?post=100129"}],"version-history":[{"count":1,"href":"https:\/\/www.noticiasradioreflejos.com.ar\/2021\/wp-json\/wp\/v2\/posts\/100129\/revisions"}],"predecessor-version":[{"id":100131,"href":"https:\/\/www.noticiasradioreflejos.com.ar\/2021\/wp-json\/wp\/v2\/posts\/100129\/revisions\/100131"}],"wp:attachment":[{"href":"https:\/\/www.noticiasradioreflejos.com.ar\/2021\/wp-json\/wp\/v2\/media?parent=100129"}],"wp:term":[{"taxonomy":"category","embeddable":true,"href":"https:\/\/www.noticiasradioreflejos.com.ar\/2021\/wp-json\/wp\/v2\/categories?post=100129"},{"taxonomy":"post_tag","embeddable":true,"href":"https:\/\/www.noticiasradioreflejos.com.ar\/2021\/wp-json\/wp\/v2\/tags?post=100129"}],"curies":[{"name":"wp","href":"https:\/\/api.w.org\/{rel}","templated":true}]}}