{"id":100126,"date":"2024-03-14T19:33:38","date_gmt":"2024-03-14T22:33:38","guid":{"rendered":"https:\/\/www.noticiasradioreflejos.com.ar\/2021\/?p=100126"},"modified":"2024-03-14T19:54:40","modified_gmt":"2024-03-14T22:54:40","slug":"cuanto-deberian-subir-las-jubilaciones-para-empardarle-a-la-inflacion-del-primer-trimestre","status":"publish","type":"post","link":"https:\/\/www.noticiasradioreflejos.com.ar\/2021\/cuanto-deberian-subir-las-jubilaciones-para-empardarle-a-la-inflacion-del-primer-trimestre\/","title":{"rendered":"Cu\u00e1nto deber\u00edan subir las jubilaciones para empardarle a la inflaci\u00f3n del primer trimestre"},"content":{"rendered":"<header class=\"article-header\" data-tadevel-template=\"web\/article-header\">\n<p class=\"article-deck\">Los jubilados y pensionados vienen perdiendo frente a la fuerte escalada de precios.<\/p>\n<p>&nbsp;<\/p>\n<\/header>\n<p><!--more--><\/p>\n<div class=\"columns\" data-tadevel-template=\"web\/article-columns\">\n<div class=\"column-main\">\n<div class=\"article-body\" data-tadevel-template=\"web\/article-body\">\n<div class=\"article-body-content\">\n<p>Los\u00a0<strong>jubilados y pensionados<\/strong>\u00a0vienen perdiendo fuerte ante la escalada de precios, lo cual complica cada vez m\u00e1s sus posibilidades de llegar a cubrir los gastos del mes, sobre todo en muchos casos hacer frente a los medicamentos y la atenci\u00f3n de su salud en general.<\/p>\n<p>Si se toma en cuenta la p\u00e9rdida que tuvieron los jubilados frente a la inflaci\u00f3n en diciembre y enero, y que el aumento de 27% de marzo no lleg\u00f3 a cubrir, el Gobierno deber\u00eda darles un incremento del 25% en abril y sumar la inflaci\u00f3n de febrero (13,2%), es decir un aumento del\u00a0<strong>41,5%, incluyendo el bono, seg\u00fan un estudio del instituto IARAF.<\/strong><\/p>\n<p>Si esto sucediera, y las jubilaciones se ajustaran por inflaci\u00f3n con un rezago de dos meses -como est\u00e1 previsto en los proyectos de ley-, quien cobra la m\u00ednima, incluido el bono, terminar\u00eda el a\u00f1o con un ingreso anual real pr\u00e1cticamente igual al del 2023.<\/p>\n<p>Y el jubilado sin bono terminar\u00eda el a\u00f1o con una p\u00e9rdida del 16% respecto al 2023. Es decir que muchos miles de jubilados terminar\u00edan con un s\u00e9ptimo a\u00f1o consecutivo de p\u00e9rdida de poder adquisitivo.<\/p>\n<p>El c\u00e1lculo del IARAF (Instituto Argentino de An\u00e1lisis Fiscal) supone que los bonos quedar\u00edan alcanzados por esos aumentos.<\/p>\n<p>Por eso, el Informe agrega que si el Gobierno otorga un incremento del 10% en abril, como anticip\u00f3 Guillermo Francos, adicionalmente a la inflaci\u00f3n de febrero, es decir un aumento del 24,5%, los jubilados con la m\u00ednima que cobran bono terminar\u00e1n el a\u00f1o con una p\u00e9rdida de poder adquisitivo del 10% respecto al a\u00f1o 2023.<\/p>\n<p>\u00abEn el caso de un jubilado que no cobre bono, la p\u00e9rdida anual va a ser del 24%. Claramente, un plus del 10% no compensa la p\u00e9rdida de los primeros 3 meses del a\u00f1o, siendo mucho peor la din\u00e1mica relativa del jubilado que no cobra bonos\u201d, sostiene el informe.<\/p>\n<p>Con el aumento del 20,6% de la inflaci\u00f3n de enero que quieren dar algunos proyectos de la oposici\u00f3n m\u00e1s la inflaci\u00f3n de febrero (13,2%), el aumento en abril ser\u00eda del 36,5%, suponiendo que son acumulativos. De lo contrario, el incremento ser\u00eda del 33,8%.<\/p>\n<p>Estos n\u00fameros son clave porque los distintos proyectos presentados en el Congreso no compensan la p\u00e9rdida de compra de las jubilaciones y pensiones de los \u00faltimos meses, agravando el deterioro de los \u00faltimos a\u00f1os.<\/p>\n<p>En tanto, para la Oficina de Presupuesto del Congreso (OPC) los haberes no alcanzados por los bonos tuvieron \u201cuna reducci\u00f3n real de 43% interanual durante el primer bimestre de 2024, mientras que la p\u00e9rdida de los haberes m\u00ednimos con bono incluido fue de 27,8% interanual\u201d.<\/p>\n<p>Con el aumento del 27,18% de marzo y el bono de hasta $ 70.000, las jubilaciones y pensiones de haberes m\u00ednimos est\u00e1n cobrando en total $ 204.445 brutos. El total se desglosa en $ 134.445 m\u00e1s $ 70.000.<\/p>\n<p>Luego en abril se aplicar\u00eda el 10% o el 20,6%, seg\u00fan las distintas iniciativas m\u00e1s el IPC de febrero, pero no se aclara en forma expresa si esos aumentos se aplicar\u00e1n sobre los $ 134.445 o sobre los $ 204.445 brutos.<\/p>\n<p>Los jubilados y pensionados con haberes superiores a $ 204.445 percibir\u00e1n antes de fin de mes el aumento del 27,18% y no cobrar\u00e1n ning\u00fan bono.<\/p>\n<\/div>\n<\/div>\n<\/div>\n<\/div>\n<p>&nbsp;<\/p>\n<p><em><strong>Fuente NA<\/strong><\/em><\/p>\n","protected":false},"excerpt":{"rendered":"<p>Los jubilados y pensionados vienen perdiendo frente a la fuerte escalada de precios. &nbsp;<\/p>\n","protected":false},"author":3,"featured_media":97794,"comment_status":"closed","ping_status":"closed","sticky":false,"template":"","format":"standard","meta":{"footnotes":""},"categories":[36],"tags":[],"class_list":["post-100126","post","type-post","status-publish","format-standard","has-post-thumbnail","hentry","category-economia"],"yoast_head":"<!-- This site is optimized with the Yoast SEO plugin v25.9 - https:\/\/yoast.com\/wordpress\/plugins\/seo\/ -->\n<title>Cu\u00e1nto deber\u00edan subir las jubilaciones para empardarle a la inflaci\u00f3n del primer trimestre - Noticias Radio Reflejos<\/title>\n<meta name=\"robots\" content=\"index, follow, max-snippet:-1, max-image-preview:large, max-video-preview:-1\" \/>\n<link rel=\"canonical\" href=\"https:\/\/www.noticiasradioreflejos.com.ar\/2021\/cuanto-deberian-subir-las-jubilaciones-para-empardarle-a-la-inflacion-del-primer-trimestre\/\" \/>\n<meta property=\"og:locale\" content=\"es_ES\" \/>\n<meta property=\"og:type\" content=\"article\" \/>\n<meta property=\"og:title\" content=\"Cu\u00e1nto deber\u00edan subir las jubilaciones para empardarle a la inflaci\u00f3n del primer trimestre - Noticias Radio Reflejos\" \/>\n<meta property=\"og:description\" content=\"Los jubilados y pensionados vienen perdiendo frente a la fuerte escalada de precios. &nbsp;\" \/>\n<meta property=\"og:url\" content=\"https:\/\/www.noticiasradioreflejos.com.ar\/2021\/cuanto-deberian-subir-las-jubilaciones-para-empardarle-a-la-inflacion-del-primer-trimestre\/\" \/>\n<meta property=\"og:site_name\" content=\"Noticias Radio Reflejos\" \/>\n<meta property=\"article:published_time\" content=\"2024-03-14T22:33:38+00:00\" \/>\n<meta property=\"article:modified_time\" content=\"2024-03-14T22:54:40+00:00\" \/>\n<meta property=\"og:image\" content=\"https:\/\/www.noticiasradioreflejos.com.ar\/2021\/wp-content\/uploads\/2024\/01\/jubilados.jpg\" \/>\n\t<meta property=\"og:image:width\" content=\"1200\" \/>\n\t<meta property=\"og:image:height\" content=\"675\" \/>\n\t<meta property=\"og:image:type\" content=\"image\/jpeg\" \/>\n<meta name=\"author\" content=\"Arnaldo Botto\" \/>\n<meta name=\"twitter:card\" content=\"summary_large_image\" \/>\n<script type=\"application\/ld+json\" class=\"yoast-schema-graph\">{\"@context\":\"https:\/\/schema.org\",\"@graph\":[{\"@type\":\"WebPage\",\"@id\":\"https:\/\/www.noticiasradioreflejos.com.ar\/2021\/cuanto-deberian-subir-las-jubilaciones-para-empardarle-a-la-inflacion-del-primer-trimestre\/\",\"url\":\"https:\/\/www.noticiasradioreflejos.com.ar\/2021\/cuanto-deberian-subir-las-jubilaciones-para-empardarle-a-la-inflacion-del-primer-trimestre\/\",\"name\":\"Cu\u00e1nto deber\u00edan subir las jubilaciones para empardarle a la inflaci\u00f3n del primer trimestre - Noticias Radio Reflejos\",\"isPartOf\":{\"@id\":\"https:\/\/www.noticiasradioreflejos.com.ar\/2021\/#website\"},\"primaryImageOfPage\":{\"@id\":\"https:\/\/www.noticiasradioreflejos.com.ar\/2021\/cuanto-deberian-subir-las-jubilaciones-para-empardarle-a-la-inflacion-del-primer-trimestre\/#primaryimage\"},\"image\":{\"@id\":\"https:\/\/www.noticiasradioreflejos.com.ar\/2021\/cuanto-deberian-subir-las-jubilaciones-para-empardarle-a-la-inflacion-del-primer-trimestre\/#primaryimage\"},\"thumbnailUrl\":\"https:\/\/www.noticiasradioreflejos.com.ar\/2021\/wp-content\/uploads\/2024\/01\/jubilados.jpg\",\"datePublished\":\"2024-03-14T22:33:38+00:00\",\"dateModified\":\"2024-03-14T22:54:40+00:00\",\"author\":{\"@id\":\"https:\/\/www.noticiasradioreflejos.com.ar\/2021\/#\/schema\/person\/ad82545263dcc5ec0996818884fd5fb1\"},\"breadcrumb\":{\"@id\":\"https:\/\/www.noticiasradioreflejos.com.ar\/2021\/cuanto-deberian-subir-las-jubilaciones-para-empardarle-a-la-inflacion-del-primer-trimestre\/#breadcrumb\"},\"inLanguage\":\"es\",\"potentialAction\":[{\"@type\":\"ReadAction\",\"target\":[\"https:\/\/www.noticiasradioreflejos.com.ar\/2021\/cuanto-deberian-subir-las-jubilaciones-para-empardarle-a-la-inflacion-del-primer-trimestre\/\"]}]},{\"@type\":\"ImageObject\",\"inLanguage\":\"es\",\"@id\":\"https:\/\/www.noticiasradioreflejos.com.ar\/2021\/cuanto-deberian-subir-las-jubilaciones-para-empardarle-a-la-inflacion-del-primer-trimestre\/#primaryimage\",\"url\":\"https:\/\/www.noticiasradioreflejos.com.ar\/2021\/wp-content\/uploads\/2024\/01\/jubilados.jpg\",\"contentUrl\":\"https:\/\/www.noticiasradioreflejos.com.ar\/2021\/wp-content\/uploads\/2024\/01\/jubilados.jpg\",\"width\":1200,\"height\":675},{\"@type\":\"BreadcrumbList\",\"@id\":\"https:\/\/www.noticiasradioreflejos.com.ar\/2021\/cuanto-deberian-subir-las-jubilaciones-para-empardarle-a-la-inflacion-del-primer-trimestre\/#breadcrumb\",\"itemListElement\":[{\"@type\":\"ListItem\",\"position\":1,\"name\":\"Portada\",\"item\":\"https:\/\/www.noticiasradioreflejos.com.ar\/2021\/\"},{\"@type\":\"ListItem\",\"position\":2,\"name\":\"Cu\u00e1nto deber\u00edan subir las jubilaciones para empardarle a la inflaci\u00f3n del primer trimestre\"}]},{\"@type\":\"WebSite\",\"@id\":\"https:\/\/www.noticiasradioreflejos.com.ar\/2021\/#website\",\"url\":\"https:\/\/www.noticiasradioreflejos.com.ar\/2021\/\",\"name\":\"Noticias Radio Reflejos\",\"description\":\"Las noticias de mi comarca\",\"potentialAction\":[{\"@type\":\"SearchAction\",\"target\":{\"@type\":\"EntryPoint\",\"urlTemplate\":\"https:\/\/www.noticiasradioreflejos.com.ar\/2021\/?s={search_term_string}\"},\"query-input\":{\"@type\":\"PropertyValueSpecification\",\"valueRequired\":true,\"valueName\":\"search_term_string\"}}],\"inLanguage\":\"es\"},{\"@type\":\"Person\",\"@id\":\"https:\/\/www.noticiasradioreflejos.com.ar\/2021\/#\/schema\/person\/ad82545263dcc5ec0996818884fd5fb1\",\"name\":\"Arnaldo Botto\",\"image\":{\"@type\":\"ImageObject\",\"inLanguage\":\"es\",\"@id\":\"https:\/\/www.noticiasradioreflejos.com.ar\/2021\/#\/schema\/person\/image\/\",\"url\":\"https:\/\/secure.gravatar.com\/avatar\/55cb5e37c1efa326397366e6974cb338056df65cb50e7d64d1cf314e87504837?s=96&d=mm&r=g\",\"contentUrl\":\"https:\/\/secure.gravatar.com\/avatar\/55cb5e37c1efa326397366e6974cb338056df65cb50e7d64d1cf314e87504837?s=96&d=mm&r=g\",\"caption\":\"Arnaldo Botto\"},\"url\":\"https:\/\/www.noticiasradioreflejos.com.ar\/2021\/author\/arnaldo\/\"}]}<\/script>\n<!-- \/ Yoast SEO plugin. -->","yoast_head_json":{"title":"Cu\u00e1nto deber\u00edan subir las jubilaciones para empardarle a la inflaci\u00f3n del primer trimestre - Noticias Radio Reflejos","robots":{"index":"index","follow":"follow","max-snippet":"max-snippet:-1","max-image-preview":"max-image-preview:large","max-video-preview":"max-video-preview:-1"},"canonical":"https:\/\/www.noticiasradioreflejos.com.ar\/2021\/cuanto-deberian-subir-las-jubilaciones-para-empardarle-a-la-inflacion-del-primer-trimestre\/","og_locale":"es_ES","og_type":"article","og_title":"Cu\u00e1nto deber\u00edan subir las jubilaciones para empardarle a la inflaci\u00f3n del primer trimestre - Noticias Radio Reflejos","og_description":"Los jubilados y pensionados vienen perdiendo frente a la fuerte escalada de precios. &nbsp;","og_url":"https:\/\/www.noticiasradioreflejos.com.ar\/2021\/cuanto-deberian-subir-las-jubilaciones-para-empardarle-a-la-inflacion-del-primer-trimestre\/","og_site_name":"Noticias Radio Reflejos","article_published_time":"2024-03-14T22:33:38+00:00","article_modified_time":"2024-03-14T22:54:40+00:00","og_image":[{"width":1200,"height":675,"url":"https:\/\/www.noticiasradioreflejos.com.ar\/2021\/wp-content\/uploads\/2024\/01\/jubilados.jpg","type":"image\/jpeg"}],"author":"Arnaldo Botto","twitter_card":"summary_large_image","schema":{"@context":"https:\/\/schema.org","@graph":[{"@type":"WebPage","@id":"https:\/\/www.noticiasradioreflejos.com.ar\/2021\/cuanto-deberian-subir-las-jubilaciones-para-empardarle-a-la-inflacion-del-primer-trimestre\/","url":"https:\/\/www.noticiasradioreflejos.com.ar\/2021\/cuanto-deberian-subir-las-jubilaciones-para-empardarle-a-la-inflacion-del-primer-trimestre\/","name":"Cu\u00e1nto deber\u00edan subir las jubilaciones para empardarle a la inflaci\u00f3n del primer trimestre - Noticias Radio Reflejos","isPartOf":{"@id":"https:\/\/www.noticiasradioreflejos.com.ar\/2021\/#website"},"primaryImageOfPage":{"@id":"https:\/\/www.noticiasradioreflejos.com.ar\/2021\/cuanto-deberian-subir-las-jubilaciones-para-empardarle-a-la-inflacion-del-primer-trimestre\/#primaryimage"},"image":{"@id":"https:\/\/www.noticiasradioreflejos.com.ar\/2021\/cuanto-deberian-subir-las-jubilaciones-para-empardarle-a-la-inflacion-del-primer-trimestre\/#primaryimage"},"thumbnailUrl":"https:\/\/www.noticiasradioreflejos.com.ar\/2021\/wp-content\/uploads\/2024\/01\/jubilados.jpg","datePublished":"2024-03-14T22:33:38+00:00","dateModified":"2024-03-14T22:54:40+00:00","author":{"@id":"https:\/\/www.noticiasradioreflejos.com.ar\/2021\/#\/schema\/person\/ad82545263dcc5ec0996818884fd5fb1"},"breadcrumb":{"@id":"https:\/\/www.noticiasradioreflejos.com.ar\/2021\/cuanto-deberian-subir-las-jubilaciones-para-empardarle-a-la-inflacion-del-primer-trimestre\/#breadcrumb"},"inLanguage":"es","potentialAction":[{"@type":"ReadAction","target":["https:\/\/www.noticiasradioreflejos.com.ar\/2021\/cuanto-deberian-subir-las-jubilaciones-para-empardarle-a-la-inflacion-del-primer-trimestre\/"]}]},{"@type":"ImageObject","inLanguage":"es","@id":"https:\/\/www.noticiasradioreflejos.com.ar\/2021\/cuanto-deberian-subir-las-jubilaciones-para-empardarle-a-la-inflacion-del-primer-trimestre\/#primaryimage","url":"https:\/\/www.noticiasradioreflejos.com.ar\/2021\/wp-content\/uploads\/2024\/01\/jubilados.jpg","contentUrl":"https:\/\/www.noticiasradioreflejos.com.ar\/2021\/wp-content\/uploads\/2024\/01\/jubilados.jpg","width":1200,"height":675},{"@type":"BreadcrumbList","@id":"https:\/\/www.noticiasradioreflejos.com.ar\/2021\/cuanto-deberian-subir-las-jubilaciones-para-empardarle-a-la-inflacion-del-primer-trimestre\/#breadcrumb","itemListElement":[{"@type":"ListItem","position":1,"name":"Portada","item":"https:\/\/www.noticiasradioreflejos.com.ar\/2021\/"},{"@type":"ListItem","position":2,"name":"Cu\u00e1nto deber\u00edan subir las jubilaciones para empardarle a la inflaci\u00f3n del primer trimestre"}]},{"@type":"WebSite","@id":"https:\/\/www.noticiasradioreflejos.com.ar\/2021\/#website","url":"https:\/\/www.noticiasradioreflejos.com.ar\/2021\/","name":"Noticias Radio Reflejos","description":"Las noticias de mi comarca","potentialAction":[{"@type":"SearchAction","target":{"@type":"EntryPoint","urlTemplate":"https:\/\/www.noticiasradioreflejos.com.ar\/2021\/?s={search_term_string}"},"query-input":{"@type":"PropertyValueSpecification","valueRequired":true,"valueName":"search_term_string"}}],"inLanguage":"es"},{"@type":"Person","@id":"https:\/\/www.noticiasradioreflejos.com.ar\/2021\/#\/schema\/person\/ad82545263dcc5ec0996818884fd5fb1","name":"Arnaldo Botto","image":{"@type":"ImageObject","inLanguage":"es","@id":"https:\/\/www.noticiasradioreflejos.com.ar\/2021\/#\/schema\/person\/image\/","url":"https:\/\/secure.gravatar.com\/avatar\/55cb5e37c1efa326397366e6974cb338056df65cb50e7d64d1cf314e87504837?s=96&d=mm&r=g","contentUrl":"https:\/\/secure.gravatar.com\/avatar\/55cb5e37c1efa326397366e6974cb338056df65cb50e7d64d1cf314e87504837?s=96&d=mm&r=g","caption":"Arnaldo Botto"},"url":"https:\/\/www.noticiasradioreflejos.com.ar\/2021\/author\/arnaldo\/"}]}},"_links":{"self":[{"href":"https:\/\/www.noticiasradioreflejos.com.ar\/2021\/wp-json\/wp\/v2\/posts\/100126","targetHints":{"allow":["GET"]}}],"collection":[{"href":"https:\/\/www.noticiasradioreflejos.com.ar\/2021\/wp-json\/wp\/v2\/posts"}],"about":[{"href":"https:\/\/www.noticiasradioreflejos.com.ar\/2021\/wp-json\/wp\/v2\/types\/post"}],"author":[{"embeddable":true,"href":"https:\/\/www.noticiasradioreflejos.com.ar\/2021\/wp-json\/wp\/v2\/users\/3"}],"replies":[{"embeddable":true,"href":"https:\/\/www.noticiasradioreflejos.com.ar\/2021\/wp-json\/wp\/v2\/comments?post=100126"}],"version-history":[{"count":2,"href":"https:\/\/www.noticiasradioreflejos.com.ar\/2021\/wp-json\/wp\/v2\/posts\/100126\/revisions"}],"predecessor-version":[{"id":100128,"href":"https:\/\/www.noticiasradioreflejos.com.ar\/2021\/wp-json\/wp\/v2\/posts\/100126\/revisions\/100128"}],"wp:featuredmedia":[{"embeddable":true,"href":"https:\/\/www.noticiasradioreflejos.com.ar\/2021\/wp-json\/wp\/v2\/media\/97794"}],"wp:attachment":[{"href":"https:\/\/www.noticiasradioreflejos.com.ar\/2021\/wp-json\/wp\/v2\/media?parent=100126"}],"wp:term":[{"taxonomy":"category","embeddable":true,"href":"https:\/\/www.noticiasradioreflejos.com.ar\/2021\/wp-json\/wp\/v2\/categories?post=100126"},{"taxonomy":"post_tag","embeddable":true,"href":"https:\/\/www.noticiasradioreflejos.com.ar\/2021\/wp-json\/wp\/v2\/tags?post=100126"}],"curies":[{"name":"wp","href":"https:\/\/api.w.org\/{rel}","templated":true}]}}