{"id":100123,"date":"2024-03-14T19:29:47","date_gmt":"2024-03-14T22:29:47","guid":{"rendered":"https:\/\/www.noticiasradioreflejos.com.ar\/2021\/?p=100123"},"modified":"2024-03-14T19:29:47","modified_gmt":"2024-03-14T22:29:47","slug":"fueron-adjudicadas-las-29-viviendas-de-saldungaray-listado-de-adjudicatarios","status":"publish","type":"post","link":"https:\/\/www.noticiasradioreflejos.com.ar\/2021\/fueron-adjudicadas-las-29-viviendas-de-saldungaray-listado-de-adjudicatarios\/","title":{"rendered":"Fueron adjudicadas las 29 viviendas de Saldungaray. Listado de adjudicatarios."},"content":{"rendered":"<p>Esta ma\u00f1ana, con un sorteo p\u00fablico, finaliz\u00f3 la primera instancia de adjudicaci\u00f3n de las 29 viviendas construidas a trav\u00e9s del Plan Bonaerense II, en la ciudad de Saldungaray.<!--more--><\/p>\n<p>Luego de la preinscripci\u00f3n iniciada el pasado mes de noviembre, los aspirantes que cumplimentaban con los requisitos solicitados por la ordenanza n\u00b0 3718\/23, fueron convocados para este jueves a un sorteo p\u00fablico, que estuvo encabezado por el intendente municipal Sergio Bordoni, junto a personal del Instituto de la Vivienda de la Provincia de Buenos Aires.<br \/>\nDe dicho proceso resultaron adjudicatarios:<\/p>\n<p><strong>Titulares: <\/strong><br \/>\n\u2022 De la fuente, Natalia Lorena (Cupo Bomberos)<br \/>\n\u2022 Rojas, Mar\u00eda Celeste (Cupo Discapacidad)<br \/>\n\u2022 Luna, Karen (Cupo Jefas de Hogar)<br \/>\n\u2022 Andreu, Norma Yanina<br \/>\n\u2022 Belo, Marcela Yanina<br \/>\n\u2022 \u00c1lvarez, Silvina Soledad<br \/>\n\u2022 Gallego, Griselda Mabel<br \/>\n\u2022 Guzm\u00e1n, Lucia Bel\u00e9n<br \/>\n\u2022 Rojas, Giancarlo<br \/>\n\u2022 Trejo, Ezequiel Emanuel<br \/>\n\u2022 Reynoso, Gabriela Aldana<br \/>\n\u2022 G\u00f3mez, N\u00e9lida Florencia<br \/>\n\u2022 Dobal, Marina Sol<br \/>\n\u2022 G\u00f3mez, Claudia Ver\u00f3nica<br \/>\n\u2022 Almada, Ra\u00fal Gabriel<br \/>\n\u2022 Davis, Eliana<br \/>\n\u2022 Blanco, Jairo Andr\u00e9s<br \/>\n\u2022 Torres, Yanel Mariela<br \/>\n\u2022 Godoy, Mar\u00eda Ang\u00e9lica<br \/>\n\u2022 Escalante Ortiz, Dardo<br \/>\n\u2022 Esmoli, Mar\u00eda Florencia<br \/>\n\u2022 Paladino, Cintia Mariel<br \/>\n\u2022 Luna, Gisela Alejandra<br \/>\n\u2022 Galeano, Lautaro<br \/>\n\u2022 Rojas, Braian Tomas<br \/>\n\u2022 Acebedo, Natalia Lujan<br \/>\n\u2022 Flores, Daiana Victoria<br \/>\n\u2022 Oscares, Agustina Johanna<br \/>\n\u2022 V\u00e1zques, Lorena Paola<\/p>\n<p><strong>Suplentes: <\/strong><br \/>\n\u2022 Rojas, Andrea Paola<br \/>\n\u2022 Esmoli, Victoria<br \/>\n\u2022 Salazar, Magali Ayeen<br \/>\n\u2022 Rojas, Gabriel \u00c1ngel<br \/>\n\u2022 Hubichi, Malena Rocio<br \/>\n\u2022 Ben\u00edtez, Pedro Andr\u00e9s<br \/>\n\u2022 Leotta, Braian Jano<br \/>\n\u2022 Cardozo, Franco Andr\u00e9s<br \/>\n\u2022 Rodr\u00edguez, Magal\u00ed<br \/>\n\u2022 G\u00f3mez, Marcelo Lautaro<\/p>\n<p><iframe loading=\"lazy\" style=\"border: none; overflow: hidden;\" src=\"https:\/\/www.facebook.com\/plugins\/post.php?href=https%3A%2F%2Fwww.facebook.com%2Fpermalink.php%3Fstory_fbid%3Dpfbid02tv2UkKK39GxT432a6W4ydrCbEaNYYqmoYkDL1qC7K5hupaBpd5SSyZPVi6bpZAUWl%26id%3D100091327519773&amp;show_text=true&amp;width=500\" width=\"500\" height=\"646\" frameborder=\"0\" scrolling=\"no\" allowfullscreen=\"allowfullscreen\"><\/iframe><\/p>\n<p>A partir de este momento, comenzar\u00e1n a desarrollarse a trav\u00e9s del equipo de la Secretaria de Desarrollo, informes sociales sobre los beneficiarios para comprobar la veracidad de los datos declarados por cada grupo familiar; para luego dar lugar al registro de oposici\u00f3n que se encontrar\u00e1 abierto por cinco d\u00edas h\u00e1biles, y ser\u00e1 informado oportunamente.<br \/>\nPosteriormente, los legajos de los pre adjudicatarios ser\u00e1n elevados al Instituto de la Vivienda Provincial para su convalidaci\u00f3n.<br \/>\nEs importante destacar que producida la baja de alg\u00fan adjudicatario, cual sea su raz\u00f3n, los suplentes ocupar\u00e1n su lugar de manera correlativa, teniendo que cumplimentar tambi\u00e9n con todo el acto administrativo al igual que los titulares.<br \/>\nEn la jornada estuvieron presentes, la escribana Yanella Domini, la Secretaria de Hacienda, Estefania Bordoni; el Secretario de Gobierno y Gesti\u00f3n P\u00fablica interino, Andr\u00e9s Buschi; la Secretaria de Desarrollo, Daniela Aguilar; la presidenta del Honorable Concejo Deliberante, Carmen Soverchia, los concejales Mat\u00edas Rojas y Juan Cruz Marzialetti.<\/p>\n","protected":false},"excerpt":{"rendered":"<p>Esta ma\u00f1ana, con un sorteo p\u00fablico, finaliz\u00f3 la primera instancia de adjudicaci\u00f3n de las 29 viviendas construidas a trav\u00e9s del Plan Bonaerense II, en la ciudad de Saldungaray.<\/p>\n","protected":false},"author":3,"featured_media":0,"comment_status":"closed","ping_status":"closed","sticky":false,"template":"","format":"standard","meta":{"footnotes":""},"categories":[28],"tags":[48],"class_list":["post-100123","post","type-post","status-publish","format-standard","hentry","category-municipales","tag-destacada"],"yoast_head":"<!-- This site is optimized with the Yoast SEO plugin v25.9 - https:\/\/yoast.com\/wordpress\/plugins\/seo\/ -->\n<title>Fueron adjudicadas las 29 viviendas de Saldungaray. Listado de adjudicatarios. - Noticias Radio Reflejos<\/title>\n<meta name=\"robots\" content=\"index, follow, max-snippet:-1, max-image-preview:large, max-video-preview:-1\" \/>\n<link rel=\"canonical\" href=\"https:\/\/www.noticiasradioreflejos.com.ar\/2021\/fueron-adjudicadas-las-29-viviendas-de-saldungaray-listado-de-adjudicatarios\/\" \/>\n<meta property=\"og:locale\" content=\"es_ES\" \/>\n<meta property=\"og:type\" content=\"article\" \/>\n<meta property=\"og:title\" content=\"Fueron adjudicadas las 29 viviendas de Saldungaray. Listado de adjudicatarios. - Noticias Radio Reflejos\" \/>\n<meta property=\"og:description\" content=\"Esta ma\u00f1ana, con un sorteo p\u00fablico, finaliz\u00f3 la primera instancia de adjudicaci\u00f3n de las 29 viviendas construidas a trav\u00e9s del Plan Bonaerense II, en la ciudad de Saldungaray.\" \/>\n<meta property=\"og:url\" content=\"https:\/\/www.noticiasradioreflejos.com.ar\/2021\/fueron-adjudicadas-las-29-viviendas-de-saldungaray-listado-de-adjudicatarios\/\" \/>\n<meta property=\"og:site_name\" content=\"Noticias Radio Reflejos\" \/>\n<meta property=\"article:published_time\" content=\"2024-03-14T22:29:47+00:00\" \/>\n<meta property=\"og:image\" content=\"https:\/\/www.noticiasradioreflejos.com.ar\/2021\/wp-content\/uploads\/2021\/07\/logosol300x200.png\" \/>\n\t<meta property=\"og:image:width\" content=\"300\" \/>\n\t<meta property=\"og:image:height\" content=\"200\" \/>\n\t<meta property=\"og:image:type\" content=\"image\/png\" \/>\n<meta name=\"author\" content=\"Arnaldo Botto\" \/>\n<meta name=\"twitter:card\" content=\"summary_large_image\" \/>\n<script type=\"application\/ld+json\" class=\"yoast-schema-graph\">{\"@context\":\"https:\/\/schema.org\",\"@graph\":[{\"@type\":\"WebPage\",\"@id\":\"https:\/\/www.noticiasradioreflejos.com.ar\/2021\/fueron-adjudicadas-las-29-viviendas-de-saldungaray-listado-de-adjudicatarios\/\",\"url\":\"https:\/\/www.noticiasradioreflejos.com.ar\/2021\/fueron-adjudicadas-las-29-viviendas-de-saldungaray-listado-de-adjudicatarios\/\",\"name\":\"Fueron adjudicadas las 29 viviendas de Saldungaray. Listado de adjudicatarios. - Noticias Radio Reflejos\",\"isPartOf\":{\"@id\":\"https:\/\/www.noticiasradioreflejos.com.ar\/2021\/#website\"},\"datePublished\":\"2024-03-14T22:29:47+00:00\",\"author\":{\"@id\":\"https:\/\/www.noticiasradioreflejos.com.ar\/2021\/#\/schema\/person\/ad82545263dcc5ec0996818884fd5fb1\"},\"breadcrumb\":{\"@id\":\"https:\/\/www.noticiasradioreflejos.com.ar\/2021\/fueron-adjudicadas-las-29-viviendas-de-saldungaray-listado-de-adjudicatarios\/#breadcrumb\"},\"inLanguage\":\"es\",\"potentialAction\":[{\"@type\":\"ReadAction\",\"target\":[\"https:\/\/www.noticiasradioreflejos.com.ar\/2021\/fueron-adjudicadas-las-29-viviendas-de-saldungaray-listado-de-adjudicatarios\/\"]}]},{\"@type\":\"BreadcrumbList\",\"@id\":\"https:\/\/www.noticiasradioreflejos.com.ar\/2021\/fueron-adjudicadas-las-29-viviendas-de-saldungaray-listado-de-adjudicatarios\/#breadcrumb\",\"itemListElement\":[{\"@type\":\"ListItem\",\"position\":1,\"name\":\"Portada\",\"item\":\"https:\/\/www.noticiasradioreflejos.com.ar\/2021\/\"},{\"@type\":\"ListItem\",\"position\":2,\"name\":\"Fueron adjudicadas las 29 viviendas de Saldungaray. Listado de adjudicatarios.\"}]},{\"@type\":\"WebSite\",\"@id\":\"https:\/\/www.noticiasradioreflejos.com.ar\/2021\/#website\",\"url\":\"https:\/\/www.noticiasradioreflejos.com.ar\/2021\/\",\"name\":\"Noticias Radio Reflejos\",\"description\":\"Las noticias de mi comarca\",\"potentialAction\":[{\"@type\":\"SearchAction\",\"target\":{\"@type\":\"EntryPoint\",\"urlTemplate\":\"https:\/\/www.noticiasradioreflejos.com.ar\/2021\/?s={search_term_string}\"},\"query-input\":{\"@type\":\"PropertyValueSpecification\",\"valueRequired\":true,\"valueName\":\"search_term_string\"}}],\"inLanguage\":\"es\"},{\"@type\":\"Person\",\"@id\":\"https:\/\/www.noticiasradioreflejos.com.ar\/2021\/#\/schema\/person\/ad82545263dcc5ec0996818884fd5fb1\",\"name\":\"Arnaldo Botto\",\"image\":{\"@type\":\"ImageObject\",\"inLanguage\":\"es\",\"@id\":\"https:\/\/www.noticiasradioreflejos.com.ar\/2021\/#\/schema\/person\/image\/\",\"url\":\"https:\/\/secure.gravatar.com\/avatar\/55cb5e37c1efa326397366e6974cb338056df65cb50e7d64d1cf314e87504837?s=96&d=mm&r=g\",\"contentUrl\":\"https:\/\/secure.gravatar.com\/avatar\/55cb5e37c1efa326397366e6974cb338056df65cb50e7d64d1cf314e87504837?s=96&d=mm&r=g\",\"caption\":\"Arnaldo Botto\"},\"url\":\"https:\/\/www.noticiasradioreflejos.com.ar\/2021\/author\/arnaldo\/\"}]}<\/script>\n<!-- \/ Yoast SEO plugin. -->","yoast_head_json":{"title":"Fueron adjudicadas las 29 viviendas de Saldungaray. Listado de adjudicatarios. - Noticias Radio Reflejos","robots":{"index":"index","follow":"follow","max-snippet":"max-snippet:-1","max-image-preview":"max-image-preview:large","max-video-preview":"max-video-preview:-1"},"canonical":"https:\/\/www.noticiasradioreflejos.com.ar\/2021\/fueron-adjudicadas-las-29-viviendas-de-saldungaray-listado-de-adjudicatarios\/","og_locale":"es_ES","og_type":"article","og_title":"Fueron adjudicadas las 29 viviendas de Saldungaray. Listado de adjudicatarios. - Noticias Radio Reflejos","og_description":"Esta ma\u00f1ana, con un sorteo p\u00fablico, finaliz\u00f3 la primera instancia de adjudicaci\u00f3n de las 29 viviendas construidas a trav\u00e9s del Plan Bonaerense II, en la ciudad de Saldungaray.","og_url":"https:\/\/www.noticiasradioreflejos.com.ar\/2021\/fueron-adjudicadas-las-29-viviendas-de-saldungaray-listado-de-adjudicatarios\/","og_site_name":"Noticias Radio Reflejos","article_published_time":"2024-03-14T22:29:47+00:00","og_image":[{"width":300,"height":200,"url":"https:\/\/www.noticiasradioreflejos.com.ar\/2021\/wp-content\/uploads\/2021\/07\/logosol300x200.png","type":"image\/png"}],"author":"Arnaldo Botto","twitter_card":"summary_large_image","schema":{"@context":"https:\/\/schema.org","@graph":[{"@type":"WebPage","@id":"https:\/\/www.noticiasradioreflejos.com.ar\/2021\/fueron-adjudicadas-las-29-viviendas-de-saldungaray-listado-de-adjudicatarios\/","url":"https:\/\/www.noticiasradioreflejos.com.ar\/2021\/fueron-adjudicadas-las-29-viviendas-de-saldungaray-listado-de-adjudicatarios\/","name":"Fueron adjudicadas las 29 viviendas de Saldungaray. Listado de adjudicatarios. - Noticias Radio Reflejos","isPartOf":{"@id":"https:\/\/www.noticiasradioreflejos.com.ar\/2021\/#website"},"datePublished":"2024-03-14T22:29:47+00:00","author":{"@id":"https:\/\/www.noticiasradioreflejos.com.ar\/2021\/#\/schema\/person\/ad82545263dcc5ec0996818884fd5fb1"},"breadcrumb":{"@id":"https:\/\/www.noticiasradioreflejos.com.ar\/2021\/fueron-adjudicadas-las-29-viviendas-de-saldungaray-listado-de-adjudicatarios\/#breadcrumb"},"inLanguage":"es","potentialAction":[{"@type":"ReadAction","target":["https:\/\/www.noticiasradioreflejos.com.ar\/2021\/fueron-adjudicadas-las-29-viviendas-de-saldungaray-listado-de-adjudicatarios\/"]}]},{"@type":"BreadcrumbList","@id":"https:\/\/www.noticiasradioreflejos.com.ar\/2021\/fueron-adjudicadas-las-29-viviendas-de-saldungaray-listado-de-adjudicatarios\/#breadcrumb","itemListElement":[{"@type":"ListItem","position":1,"name":"Portada","item":"https:\/\/www.noticiasradioreflejos.com.ar\/2021\/"},{"@type":"ListItem","position":2,"name":"Fueron adjudicadas las 29 viviendas de Saldungaray. Listado de adjudicatarios."}]},{"@type":"WebSite","@id":"https:\/\/www.noticiasradioreflejos.com.ar\/2021\/#website","url":"https:\/\/www.noticiasradioreflejos.com.ar\/2021\/","name":"Noticias Radio Reflejos","description":"Las noticias de mi comarca","potentialAction":[{"@type":"SearchAction","target":{"@type":"EntryPoint","urlTemplate":"https:\/\/www.noticiasradioreflejos.com.ar\/2021\/?s={search_term_string}"},"query-input":{"@type":"PropertyValueSpecification","valueRequired":true,"valueName":"search_term_string"}}],"inLanguage":"es"},{"@type":"Person","@id":"https:\/\/www.noticiasradioreflejos.com.ar\/2021\/#\/schema\/person\/ad82545263dcc5ec0996818884fd5fb1","name":"Arnaldo Botto","image":{"@type":"ImageObject","inLanguage":"es","@id":"https:\/\/www.noticiasradioreflejos.com.ar\/2021\/#\/schema\/person\/image\/","url":"https:\/\/secure.gravatar.com\/avatar\/55cb5e37c1efa326397366e6974cb338056df65cb50e7d64d1cf314e87504837?s=96&d=mm&r=g","contentUrl":"https:\/\/secure.gravatar.com\/avatar\/55cb5e37c1efa326397366e6974cb338056df65cb50e7d64d1cf314e87504837?s=96&d=mm&r=g","caption":"Arnaldo Botto"},"url":"https:\/\/www.noticiasradioreflejos.com.ar\/2021\/author\/arnaldo\/"}]}},"_links":{"self":[{"href":"https:\/\/www.noticiasradioreflejos.com.ar\/2021\/wp-json\/wp\/v2\/posts\/100123","targetHints":{"allow":["GET"]}}],"collection":[{"href":"https:\/\/www.noticiasradioreflejos.com.ar\/2021\/wp-json\/wp\/v2\/posts"}],"about":[{"href":"https:\/\/www.noticiasradioreflejos.com.ar\/2021\/wp-json\/wp\/v2\/types\/post"}],"author":[{"embeddable":true,"href":"https:\/\/www.noticiasradioreflejos.com.ar\/2021\/wp-json\/wp\/v2\/users\/3"}],"replies":[{"embeddable":true,"href":"https:\/\/www.noticiasradioreflejos.com.ar\/2021\/wp-json\/wp\/v2\/comments?post=100123"}],"version-history":[{"count":1,"href":"https:\/\/www.noticiasradioreflejos.com.ar\/2021\/wp-json\/wp\/v2\/posts\/100123\/revisions"}],"predecessor-version":[{"id":100125,"href":"https:\/\/www.noticiasradioreflejos.com.ar\/2021\/wp-json\/wp\/v2\/posts\/100123\/revisions\/100125"}],"wp:attachment":[{"href":"https:\/\/www.noticiasradioreflejos.com.ar\/2021\/wp-json\/wp\/v2\/media?parent=100123"}],"wp:term":[{"taxonomy":"category","embeddable":true,"href":"https:\/\/www.noticiasradioreflejos.com.ar\/2021\/wp-json\/wp\/v2\/categories?post=100123"},{"taxonomy":"post_tag","embeddable":true,"href":"https:\/\/www.noticiasradioreflejos.com.ar\/2021\/wp-json\/wp\/v2\/tags?post=100123"}],"curies":[{"name":"wp","href":"https:\/\/api.w.org\/{rel}","templated":true}]}}