{"id":100117,"date":"2024-03-14T15:52:12","date_gmt":"2024-03-14T18:52:12","guid":{"rendered":"https:\/\/www.noticiasradioreflejos.com.ar\/2021\/?p=100117"},"modified":"2024-03-14T15:52:12","modified_gmt":"2024-03-14T18:52:12","slug":"bordoni-no-hubo-no-hay-y-no-habra-casas-a-dedo","status":"publish","type":"post","link":"https:\/\/www.noticiasradioreflejos.com.ar\/2021\/bordoni-no-hubo-no-hay-y-no-habra-casas-a-dedo\/","title":{"rendered":"Bordoni: \u201cNo hubo, no hay y no habr\u00e1 casas a dedo\u201d"},"content":{"rendered":"<p>En la previa del sorteo de las viviendas de Saldungaray el jefe comunal se refiri\u00f3 a las especulaciones que hubo en la previa. \u201cNo se puede jugar con la necesidad de la gente\u201d afirm\u00f3.<!--more--><\/p>\n<p>Esta ma\u00f1ana, en la previa al sorteo de las 29 viviendas sociales en la localidad de Saldungaray, el intendente Sergio Bordoni confirm\u00f3 que eran \u201c154 familias habilitadas para ser parte del sorteo. Eran m\u00e1s de 220 se hab\u00edan anotado\u201d.<\/p>\n<p>Sobre la transparencia de esto, sostuvo que \u201cnosotros tuvimos una reuni\u00f3n el lunes en el Club Porte\u00f1o donde vinieron todos los que estaban anotados, trajimos la ordenanza, la explicamos y se fueron todos conformes. Todas las preguntas fueron contestadas en un clima tranquilo\u201d.<\/p>\n<p>En esa l\u00ednea afirm\u00f3 que \u201centiendo la ansiedad de la gente ya que son solo 29 viviendas, pero es azar, no hay otra. Hab\u00eda comentarios de que las viviendas ya estaban adjudicadas, que se hab\u00edan dado a dedo, que era poco transparente\u201d.<\/p>\n<p>Al mismo tiempo acot\u00f3 que \u201cde las 29 viviendas podr\u00eda dar una a dedo seg\u00fan la ordenanza, pero no lo voy a hacer, tambi\u00e9n se van a sortear\u201d.<\/p>\n<p>En otro pasaje de la charla coment\u00f3 que \u201cestoy contento de que las viviendas se hayan podido terminar. Una vez que el Instituto a la Vivienda termine el papeler\u00edo se les entregar\u00e1 definitivamente la casa. Ser\u00e1n en unos 15 o 20 d\u00edas\u201d.<\/p>\n<p>Sumando que \u201cac\u00e1 hay tres viviendas, una que es para bomberos, una para jefa de hogares y otra para discapacidad. Esos son los tres primeros sorteos que va a haber. Los que est\u00e1n en ese nicho, si no salen sorteados, pasan al general por las otras casas\u201d.<\/p>\n<p>Por \u00faltimo y siendo tajante Bordoni subray\u00f3 que \u201cac\u00e1 no hay casas a dedo, no las hubo en Chasic\u00f3, no las hubo en Tornquist, y no las hay en Saldungaray. No se puede jugar con la necesidad de la gente\u201d.<\/p>\n<p><iframe loading=\"lazy\" width=\"100%\" height=\"166\" scrolling=\"no\" frameborder=\"no\" allow=\"autoplay\" src=\"https:\/\/w.soundcloud.com\/player\/?url=https%3A\/\/api.soundcloud.com\/tracks\/1774377348&#038;color=%23ff5500&#038;auto_play=false&#038;hide_related=false&#038;show_comments=true&#038;show_user=true&#038;show_reposts=false&#038;show_teaser=true\"><\/iframe><\/p>\n<div style=\"font-size: 10px; color: #cccccc;line-break: anywhere;word-break: normal;overflow: hidden;white-space: nowrap;text-overflow: ellipsis; font-family: Interstate,Lucida Grande,Lucida Sans Unicode,Lucida Sans,Garuda,Verdana,Tahoma,sans-serif;font-weight: 100;\"><a href=\"https:\/\/soundcloud.com\/fmreflejos-103-7\" title=\"fmreflejos 103.7\" target=\"_blank\" style=\"color: #cccccc; text-decoration: none;\" rel=\"noopener\">fmreflejos 103.7<\/a> \u00b7 <a href=\"https:\/\/soundcloud.com\/fmreflejos-103-7\/sergio-bordoni-14-03\" title=\"Sergio Bordoni 14 - 03\" target=\"_blank\" style=\"color: #cccccc; text-decoration: none;\" rel=\"noopener\">Sergio Bordoni 14 &#8211; 03<\/a><\/div>\n","protected":false},"excerpt":{"rendered":"<p>En la previa del sorteo de las viviendas de Saldungaray el jefe comunal se refiri\u00f3 a las especulaciones que hubo en la previa. \u201cNo se puede jugar con la necesidad de la gente\u201d afirm\u00f3.<\/p>\n","protected":false},"author":3,"featured_media":0,"comment_status":"closed","ping_status":"closed","sticky":false,"template":"","format":"standard","meta":{"footnotes":""},"categories":[28],"tags":[48],"class_list":["post-100117","post","type-post","status-publish","format-standard","hentry","category-municipales","tag-destacada"],"yoast_head":"<!-- This site is optimized with the Yoast SEO plugin v25.9 - https:\/\/yoast.com\/wordpress\/plugins\/seo\/ -->\n<title>Bordoni: \u201cNo hubo, no hay y no habr\u00e1 casas a dedo\u201d - Noticias Radio Reflejos<\/title>\n<meta name=\"robots\" content=\"index, follow, max-snippet:-1, max-image-preview:large, max-video-preview:-1\" \/>\n<link rel=\"canonical\" href=\"https:\/\/www.noticiasradioreflejos.com.ar\/2021\/bordoni-no-hubo-no-hay-y-no-habra-casas-a-dedo\/\" \/>\n<meta property=\"og:locale\" content=\"es_ES\" \/>\n<meta property=\"og:type\" content=\"article\" \/>\n<meta property=\"og:title\" content=\"Bordoni: \u201cNo hubo, no hay y no habr\u00e1 casas a dedo\u201d - Noticias Radio Reflejos\" \/>\n<meta property=\"og:description\" content=\"En la previa del sorteo de las viviendas de Saldungaray el jefe comunal se refiri\u00f3 a las especulaciones que hubo en la previa. \u201cNo se puede jugar con la necesidad de la gente\u201d afirm\u00f3.\" \/>\n<meta property=\"og:url\" content=\"https:\/\/www.noticiasradioreflejos.com.ar\/2021\/bordoni-no-hubo-no-hay-y-no-habra-casas-a-dedo\/\" \/>\n<meta property=\"og:site_name\" content=\"Noticias Radio Reflejos\" \/>\n<meta property=\"article:published_time\" content=\"2024-03-14T18:52:12+00:00\" \/>\n<meta property=\"og:image\" content=\"https:\/\/www.noticiasradioreflejos.com.ar\/2021\/wp-content\/uploads\/2024\/02\/Viviendas-Saldungaray.jpg\" \/>\n\t<meta property=\"og:image:width\" content=\"1024\" \/>\n\t<meta property=\"og:image:height\" content=\"682\" \/>\n\t<meta property=\"og:image:type\" content=\"image\/jpeg\" \/>\n<meta name=\"author\" content=\"Arnaldo Botto\" \/>\n<meta name=\"twitter:card\" content=\"summary_large_image\" \/>\n<script type=\"application\/ld+json\" class=\"yoast-schema-graph\">{\"@context\":\"https:\/\/schema.org\",\"@graph\":[{\"@type\":\"WebPage\",\"@id\":\"https:\/\/www.noticiasradioreflejos.com.ar\/2021\/bordoni-no-hubo-no-hay-y-no-habra-casas-a-dedo\/\",\"url\":\"https:\/\/www.noticiasradioreflejos.com.ar\/2021\/bordoni-no-hubo-no-hay-y-no-habra-casas-a-dedo\/\",\"name\":\"Bordoni: \u201cNo hubo, no hay y no habr\u00e1 casas a dedo\u201d - Noticias Radio Reflejos\",\"isPartOf\":{\"@id\":\"https:\/\/www.noticiasradioreflejos.com.ar\/2021\/#website\"},\"datePublished\":\"2024-03-14T18:52:12+00:00\",\"author\":{\"@id\":\"https:\/\/www.noticiasradioreflejos.com.ar\/2021\/#\/schema\/person\/ad82545263dcc5ec0996818884fd5fb1\"},\"breadcrumb\":{\"@id\":\"https:\/\/www.noticiasradioreflejos.com.ar\/2021\/bordoni-no-hubo-no-hay-y-no-habra-casas-a-dedo\/#breadcrumb\"},\"inLanguage\":\"es\",\"potentialAction\":[{\"@type\":\"ReadAction\",\"target\":[\"https:\/\/www.noticiasradioreflejos.com.ar\/2021\/bordoni-no-hubo-no-hay-y-no-habra-casas-a-dedo\/\"]}]},{\"@type\":\"BreadcrumbList\",\"@id\":\"https:\/\/www.noticiasradioreflejos.com.ar\/2021\/bordoni-no-hubo-no-hay-y-no-habra-casas-a-dedo\/#breadcrumb\",\"itemListElement\":[{\"@type\":\"ListItem\",\"position\":1,\"name\":\"Portada\",\"item\":\"https:\/\/www.noticiasradioreflejos.com.ar\/2021\/\"},{\"@type\":\"ListItem\",\"position\":2,\"name\":\"Bordoni: \u201cNo hubo, no hay y no habr\u00e1 casas a dedo\u201d\"}]},{\"@type\":\"WebSite\",\"@id\":\"https:\/\/www.noticiasradioreflejos.com.ar\/2021\/#website\",\"url\":\"https:\/\/www.noticiasradioreflejos.com.ar\/2021\/\",\"name\":\"Noticias Radio Reflejos\",\"description\":\"Las noticias de mi comarca\",\"potentialAction\":[{\"@type\":\"SearchAction\",\"target\":{\"@type\":\"EntryPoint\",\"urlTemplate\":\"https:\/\/www.noticiasradioreflejos.com.ar\/2021\/?s={search_term_string}\"},\"query-input\":{\"@type\":\"PropertyValueSpecification\",\"valueRequired\":true,\"valueName\":\"search_term_string\"}}],\"inLanguage\":\"es\"},{\"@type\":\"Person\",\"@id\":\"https:\/\/www.noticiasradioreflejos.com.ar\/2021\/#\/schema\/person\/ad82545263dcc5ec0996818884fd5fb1\",\"name\":\"Arnaldo Botto\",\"image\":{\"@type\":\"ImageObject\",\"inLanguage\":\"es\",\"@id\":\"https:\/\/www.noticiasradioreflejos.com.ar\/2021\/#\/schema\/person\/image\/\",\"url\":\"https:\/\/secure.gravatar.com\/avatar\/55cb5e37c1efa326397366e6974cb338056df65cb50e7d64d1cf314e87504837?s=96&d=mm&r=g\",\"contentUrl\":\"https:\/\/secure.gravatar.com\/avatar\/55cb5e37c1efa326397366e6974cb338056df65cb50e7d64d1cf314e87504837?s=96&d=mm&r=g\",\"caption\":\"Arnaldo Botto\"},\"url\":\"https:\/\/www.noticiasradioreflejos.com.ar\/2021\/author\/arnaldo\/\"}]}<\/script>\n<!-- \/ Yoast SEO plugin. -->","yoast_head_json":{"title":"Bordoni: \u201cNo hubo, no hay y no habr\u00e1 casas a dedo\u201d - Noticias Radio Reflejos","robots":{"index":"index","follow":"follow","max-snippet":"max-snippet:-1","max-image-preview":"max-image-preview:large","max-video-preview":"max-video-preview:-1"},"canonical":"https:\/\/www.noticiasradioreflejos.com.ar\/2021\/bordoni-no-hubo-no-hay-y-no-habra-casas-a-dedo\/","og_locale":"es_ES","og_type":"article","og_title":"Bordoni: \u201cNo hubo, no hay y no habr\u00e1 casas a dedo\u201d - Noticias Radio Reflejos","og_description":"En la previa del sorteo de las viviendas de Saldungaray el jefe comunal se refiri\u00f3 a las especulaciones que hubo en la previa. \u201cNo se puede jugar con la necesidad de la gente\u201d afirm\u00f3.","og_url":"https:\/\/www.noticiasradioreflejos.com.ar\/2021\/bordoni-no-hubo-no-hay-y-no-habra-casas-a-dedo\/","og_site_name":"Noticias Radio Reflejos","article_published_time":"2024-03-14T18:52:12+00:00","og_image":[{"width":1024,"height":682,"url":"https:\/\/www.noticiasradioreflejos.com.ar\/2021\/wp-content\/uploads\/2024\/02\/Viviendas-Saldungaray.jpg","type":"image\/jpeg"}],"author":"Arnaldo Botto","twitter_card":"summary_large_image","schema":{"@context":"https:\/\/schema.org","@graph":[{"@type":"WebPage","@id":"https:\/\/www.noticiasradioreflejos.com.ar\/2021\/bordoni-no-hubo-no-hay-y-no-habra-casas-a-dedo\/","url":"https:\/\/www.noticiasradioreflejos.com.ar\/2021\/bordoni-no-hubo-no-hay-y-no-habra-casas-a-dedo\/","name":"Bordoni: \u201cNo hubo, no hay y no habr\u00e1 casas a dedo\u201d - Noticias Radio Reflejos","isPartOf":{"@id":"https:\/\/www.noticiasradioreflejos.com.ar\/2021\/#website"},"datePublished":"2024-03-14T18:52:12+00:00","author":{"@id":"https:\/\/www.noticiasradioreflejos.com.ar\/2021\/#\/schema\/person\/ad82545263dcc5ec0996818884fd5fb1"},"breadcrumb":{"@id":"https:\/\/www.noticiasradioreflejos.com.ar\/2021\/bordoni-no-hubo-no-hay-y-no-habra-casas-a-dedo\/#breadcrumb"},"inLanguage":"es","potentialAction":[{"@type":"ReadAction","target":["https:\/\/www.noticiasradioreflejos.com.ar\/2021\/bordoni-no-hubo-no-hay-y-no-habra-casas-a-dedo\/"]}]},{"@type":"BreadcrumbList","@id":"https:\/\/www.noticiasradioreflejos.com.ar\/2021\/bordoni-no-hubo-no-hay-y-no-habra-casas-a-dedo\/#breadcrumb","itemListElement":[{"@type":"ListItem","position":1,"name":"Portada","item":"https:\/\/www.noticiasradioreflejos.com.ar\/2021\/"},{"@type":"ListItem","position":2,"name":"Bordoni: \u201cNo hubo, no hay y no habr\u00e1 casas a dedo\u201d"}]},{"@type":"WebSite","@id":"https:\/\/www.noticiasradioreflejos.com.ar\/2021\/#website","url":"https:\/\/www.noticiasradioreflejos.com.ar\/2021\/","name":"Noticias Radio Reflejos","description":"Las noticias de mi comarca","potentialAction":[{"@type":"SearchAction","target":{"@type":"EntryPoint","urlTemplate":"https:\/\/www.noticiasradioreflejos.com.ar\/2021\/?s={search_term_string}"},"query-input":{"@type":"PropertyValueSpecification","valueRequired":true,"valueName":"search_term_string"}}],"inLanguage":"es"},{"@type":"Person","@id":"https:\/\/www.noticiasradioreflejos.com.ar\/2021\/#\/schema\/person\/ad82545263dcc5ec0996818884fd5fb1","name":"Arnaldo Botto","image":{"@type":"ImageObject","inLanguage":"es","@id":"https:\/\/www.noticiasradioreflejos.com.ar\/2021\/#\/schema\/person\/image\/","url":"https:\/\/secure.gravatar.com\/avatar\/55cb5e37c1efa326397366e6974cb338056df65cb50e7d64d1cf314e87504837?s=96&d=mm&r=g","contentUrl":"https:\/\/secure.gravatar.com\/avatar\/55cb5e37c1efa326397366e6974cb338056df65cb50e7d64d1cf314e87504837?s=96&d=mm&r=g","caption":"Arnaldo Botto"},"url":"https:\/\/www.noticiasradioreflejos.com.ar\/2021\/author\/arnaldo\/"}]}},"_links":{"self":[{"href":"https:\/\/www.noticiasradioreflejos.com.ar\/2021\/wp-json\/wp\/v2\/posts\/100117","targetHints":{"allow":["GET"]}}],"collection":[{"href":"https:\/\/www.noticiasradioreflejos.com.ar\/2021\/wp-json\/wp\/v2\/posts"}],"about":[{"href":"https:\/\/www.noticiasradioreflejos.com.ar\/2021\/wp-json\/wp\/v2\/types\/post"}],"author":[{"embeddable":true,"href":"https:\/\/www.noticiasradioreflejos.com.ar\/2021\/wp-json\/wp\/v2\/users\/3"}],"replies":[{"embeddable":true,"href":"https:\/\/www.noticiasradioreflejos.com.ar\/2021\/wp-json\/wp\/v2\/comments?post=100117"}],"version-history":[{"count":2,"href":"https:\/\/www.noticiasradioreflejos.com.ar\/2021\/wp-json\/wp\/v2\/posts\/100117\/revisions"}],"predecessor-version":[{"id":100122,"href":"https:\/\/www.noticiasradioreflejos.com.ar\/2021\/wp-json\/wp\/v2\/posts\/100117\/revisions\/100122"}],"wp:attachment":[{"href":"https:\/\/www.noticiasradioreflejos.com.ar\/2021\/wp-json\/wp\/v2\/media?parent=100117"}],"wp:term":[{"taxonomy":"category","embeddable":true,"href":"https:\/\/www.noticiasradioreflejos.com.ar\/2021\/wp-json\/wp\/v2\/categories?post=100117"},{"taxonomy":"post_tag","embeddable":true,"href":"https:\/\/www.noticiasradioreflejos.com.ar\/2021\/wp-json\/wp\/v2\/tags?post=100117"}],"curies":[{"name":"wp","href":"https:\/\/api.w.org\/{rel}","templated":true}]}}