{"id":100054,"date":"2024-03-13T11:03:41","date_gmt":"2024-03-13T14:03:41","guid":{"rendered":"https:\/\/www.noticiasradioreflejos.com.ar\/2021\/?p=100054"},"modified":"2024-03-13T11:04:11","modified_gmt":"2024-03-13T14:04:11","slug":"a-11-anos-del-pontificado-del-papa-francisco","status":"publish","type":"post","link":"https:\/\/www.noticiasradioreflejos.com.ar\/2021\/a-11-anos-del-pontificado-del-papa-francisco\/","title":{"rendered":"A 11 a\u00f1os del pontificado del Papa Francisco"},"content":{"rendered":"<p>Hasta entonces nuestro Cardenal Jorge Bergoglio, rescatamos su firme y sostenida labor por la dignidad de las personas, por la justicia social y la paz, por el humildad y la empat\u00eda, por la solidaridad y la comprensi\u00f3n.<\/p>\n<p><!--more-->Hace pocos d\u00edas refiri\u00e9ndose a nuestro pa\u00eds y a la justicia expres\u00f3: \u00abVivimos \u00e9pocas de tanta injusticia, pocos ricos y cada vez m\u00e1s poderosos, y millones de pobres negados y descartados. Los derechos sociales no son gratuitos, la riqueza para sostenerlos est\u00e1 disponible, pero requiere de decisiones pol\u00edticas adecuadas. El Estado, hoy m\u00e1s importante que nunca, est\u00e1 llamado a ejercer ese papel de redistribuci\u00f3n y justicia social. Las normas, queridos jueces, ya han sido dictadas. Rigen. El problema, es su vigencia efectiva, su concreci\u00f3n. Y es ah\u00ed donde empieza vuestro papel\u00bb.<\/p>\n<p><a data-flickr-embed=\"true\" href=\"https:\/\/www.flickr.com\/photos\/182279889@N02\/53585421998\/in\/dateposted-public\/\" title=\"WhatsApp Image 2024-03-13 at 08.21.33\"><img loading=\"lazy\" decoding=\"async\" src=\"https:\/\/live.staticflickr.com\/65535\/53585421998_cf5c86145b_z.jpg\" width=\"457\" height=\"640\" alt=\"WhatsApp Image 2024-03-13 at 08.21.33\"\/><\/a><script async src=\"\/\/embedr.flickr.com\/assets\/client-code.js\" charset=\"utf-8\"><\/script><\/p>\n","protected":false},"excerpt":{"rendered":"<p>Hasta entonces nuestro Cardenal Jorge Bergoglio, rescatamos su firme y sostenida labor por la dignidad de las personas, por la justicia social y la paz, por el humildad y la empat\u00eda, por la solidaridad y la comprensi\u00f3n.<\/p>\n","protected":false},"author":3,"featured_media":0,"comment_status":"closed","ping_status":"closed","sticky":false,"template":"","format":"standard","meta":{"footnotes":""},"categories":[24],"tags":[],"class_list":["post-100054","post","type-post","status-publish","format-standard","hentry","category-politica"],"yoast_head":"<!-- This site is optimized with the Yoast SEO plugin v25.9 - https:\/\/yoast.com\/wordpress\/plugins\/seo\/ -->\n<title>A 11 a\u00f1os del pontificado del Papa Francisco - Noticias Radio Reflejos<\/title>\n<meta name=\"robots\" content=\"index, follow, max-snippet:-1, max-image-preview:large, max-video-preview:-1\" \/>\n<link rel=\"canonical\" href=\"https:\/\/www.noticiasradioreflejos.com.ar\/2021\/a-11-anos-del-pontificado-del-papa-francisco\/\" \/>\n<meta property=\"og:locale\" content=\"es_ES\" \/>\n<meta property=\"og:type\" content=\"article\" \/>\n<meta property=\"og:title\" content=\"A 11 a\u00f1os del pontificado del Papa Francisco - Noticias Radio Reflejos\" \/>\n<meta property=\"og:description\" content=\"Hasta entonces nuestro Cardenal Jorge Bergoglio, rescatamos su firme y sostenida labor por la dignidad de las personas, por la justicia social y la paz, por el humildad y la empat\u00eda, por la solidaridad y la comprensi\u00f3n.\" \/>\n<meta property=\"og:url\" content=\"https:\/\/www.noticiasradioreflejos.com.ar\/2021\/a-11-anos-del-pontificado-del-papa-francisco\/\" \/>\n<meta property=\"og:site_name\" content=\"Noticias Radio Reflejos\" \/>\n<meta property=\"article:published_time\" content=\"2024-03-13T14:03:41+00:00\" \/>\n<meta property=\"article:modified_time\" content=\"2024-03-13T14:04:11+00:00\" \/>\n<meta property=\"og:image\" content=\"https:\/\/live.staticflickr.com\/65535\/53585421998_cf5c86145b_z.jpg\" \/>\n<meta name=\"author\" content=\"Arnaldo Botto\" \/>\n<meta name=\"twitter:card\" content=\"summary_large_image\" \/>\n<script type=\"application\/ld+json\" class=\"yoast-schema-graph\">{\"@context\":\"https:\/\/schema.org\",\"@graph\":[{\"@type\":\"WebPage\",\"@id\":\"https:\/\/www.noticiasradioreflejos.com.ar\/2021\/a-11-anos-del-pontificado-del-papa-francisco\/\",\"url\":\"https:\/\/www.noticiasradioreflejos.com.ar\/2021\/a-11-anos-del-pontificado-del-papa-francisco\/\",\"name\":\"A 11 a\u00f1os del pontificado del Papa Francisco - Noticias Radio Reflejos\",\"isPartOf\":{\"@id\":\"https:\/\/www.noticiasradioreflejos.com.ar\/2021\/#website\"},\"primaryImageOfPage\":{\"@id\":\"https:\/\/www.noticiasradioreflejos.com.ar\/2021\/a-11-anos-del-pontificado-del-papa-francisco\/#primaryimage\"},\"image\":{\"@id\":\"https:\/\/www.noticiasradioreflejos.com.ar\/2021\/a-11-anos-del-pontificado-del-papa-francisco\/#primaryimage\"},\"thumbnailUrl\":\"https:\/\/live.staticflickr.com\/65535\/53585421998_cf5c86145b_z.jpg\",\"datePublished\":\"2024-03-13T14:03:41+00:00\",\"dateModified\":\"2024-03-13T14:04:11+00:00\",\"author\":{\"@id\":\"https:\/\/www.noticiasradioreflejos.com.ar\/2021\/#\/schema\/person\/ad82545263dcc5ec0996818884fd5fb1\"},\"breadcrumb\":{\"@id\":\"https:\/\/www.noticiasradioreflejos.com.ar\/2021\/a-11-anos-del-pontificado-del-papa-francisco\/#breadcrumb\"},\"inLanguage\":\"es\",\"potentialAction\":[{\"@type\":\"ReadAction\",\"target\":[\"https:\/\/www.noticiasradioreflejos.com.ar\/2021\/a-11-anos-del-pontificado-del-papa-francisco\/\"]}]},{\"@type\":\"ImageObject\",\"inLanguage\":\"es\",\"@id\":\"https:\/\/www.noticiasradioreflejos.com.ar\/2021\/a-11-anos-del-pontificado-del-papa-francisco\/#primaryimage\",\"url\":\"https:\/\/live.staticflickr.com\/65535\/53585421998_cf5c86145b_z.jpg\",\"contentUrl\":\"https:\/\/live.staticflickr.com\/65535\/53585421998_cf5c86145b_z.jpg\"},{\"@type\":\"BreadcrumbList\",\"@id\":\"https:\/\/www.noticiasradioreflejos.com.ar\/2021\/a-11-anos-del-pontificado-del-papa-francisco\/#breadcrumb\",\"itemListElement\":[{\"@type\":\"ListItem\",\"position\":1,\"name\":\"Portada\",\"item\":\"https:\/\/www.noticiasradioreflejos.com.ar\/2021\/\"},{\"@type\":\"ListItem\",\"position\":2,\"name\":\"A 11 a\u00f1os del pontificado del Papa Francisco\"}]},{\"@type\":\"WebSite\",\"@id\":\"https:\/\/www.noticiasradioreflejos.com.ar\/2021\/#website\",\"url\":\"https:\/\/www.noticiasradioreflejos.com.ar\/2021\/\",\"name\":\"Noticias Radio Reflejos\",\"description\":\"Las noticias de mi comarca\",\"potentialAction\":[{\"@type\":\"SearchAction\",\"target\":{\"@type\":\"EntryPoint\",\"urlTemplate\":\"https:\/\/www.noticiasradioreflejos.com.ar\/2021\/?s={search_term_string}\"},\"query-input\":{\"@type\":\"PropertyValueSpecification\",\"valueRequired\":true,\"valueName\":\"search_term_string\"}}],\"inLanguage\":\"es\"},{\"@type\":\"Person\",\"@id\":\"https:\/\/www.noticiasradioreflejos.com.ar\/2021\/#\/schema\/person\/ad82545263dcc5ec0996818884fd5fb1\",\"name\":\"Arnaldo Botto\",\"image\":{\"@type\":\"ImageObject\",\"inLanguage\":\"es\",\"@id\":\"https:\/\/www.noticiasradioreflejos.com.ar\/2021\/#\/schema\/person\/image\/\",\"url\":\"https:\/\/secure.gravatar.com\/avatar\/55cb5e37c1efa326397366e6974cb338056df65cb50e7d64d1cf314e87504837?s=96&d=mm&r=g\",\"contentUrl\":\"https:\/\/secure.gravatar.com\/avatar\/55cb5e37c1efa326397366e6974cb338056df65cb50e7d64d1cf314e87504837?s=96&d=mm&r=g\",\"caption\":\"Arnaldo Botto\"},\"url\":\"https:\/\/www.noticiasradioreflejos.com.ar\/2021\/author\/arnaldo\/\"}]}<\/script>\n<!-- \/ Yoast SEO plugin. -->","yoast_head_json":{"title":"A 11 a\u00f1os del pontificado del Papa Francisco - Noticias Radio Reflejos","robots":{"index":"index","follow":"follow","max-snippet":"max-snippet:-1","max-image-preview":"max-image-preview:large","max-video-preview":"max-video-preview:-1"},"canonical":"https:\/\/www.noticiasradioreflejos.com.ar\/2021\/a-11-anos-del-pontificado-del-papa-francisco\/","og_locale":"es_ES","og_type":"article","og_title":"A 11 a\u00f1os del pontificado del Papa Francisco - Noticias Radio Reflejos","og_description":"Hasta entonces nuestro Cardenal Jorge Bergoglio, rescatamos su firme y sostenida labor por la dignidad de las personas, por la justicia social y la paz, por el humildad y la empat\u00eda, por la solidaridad y la comprensi\u00f3n.","og_url":"https:\/\/www.noticiasradioreflejos.com.ar\/2021\/a-11-anos-del-pontificado-del-papa-francisco\/","og_site_name":"Noticias Radio Reflejos","article_published_time":"2024-03-13T14:03:41+00:00","article_modified_time":"2024-03-13T14:04:11+00:00","og_image":[{"url":"https:\/\/live.staticflickr.com\/65535\/53585421998_cf5c86145b_z.jpg","type":"","width":"","height":""}],"author":"Arnaldo Botto","twitter_card":"summary_large_image","schema":{"@context":"https:\/\/schema.org","@graph":[{"@type":"WebPage","@id":"https:\/\/www.noticiasradioreflejos.com.ar\/2021\/a-11-anos-del-pontificado-del-papa-francisco\/","url":"https:\/\/www.noticiasradioreflejos.com.ar\/2021\/a-11-anos-del-pontificado-del-papa-francisco\/","name":"A 11 a\u00f1os del pontificado del Papa Francisco - Noticias Radio Reflejos","isPartOf":{"@id":"https:\/\/www.noticiasradioreflejos.com.ar\/2021\/#website"},"primaryImageOfPage":{"@id":"https:\/\/www.noticiasradioreflejos.com.ar\/2021\/a-11-anos-del-pontificado-del-papa-francisco\/#primaryimage"},"image":{"@id":"https:\/\/www.noticiasradioreflejos.com.ar\/2021\/a-11-anos-del-pontificado-del-papa-francisco\/#primaryimage"},"thumbnailUrl":"https:\/\/live.staticflickr.com\/65535\/53585421998_cf5c86145b_z.jpg","datePublished":"2024-03-13T14:03:41+00:00","dateModified":"2024-03-13T14:04:11+00:00","author":{"@id":"https:\/\/www.noticiasradioreflejos.com.ar\/2021\/#\/schema\/person\/ad82545263dcc5ec0996818884fd5fb1"},"breadcrumb":{"@id":"https:\/\/www.noticiasradioreflejos.com.ar\/2021\/a-11-anos-del-pontificado-del-papa-francisco\/#breadcrumb"},"inLanguage":"es","potentialAction":[{"@type":"ReadAction","target":["https:\/\/www.noticiasradioreflejos.com.ar\/2021\/a-11-anos-del-pontificado-del-papa-francisco\/"]}]},{"@type":"ImageObject","inLanguage":"es","@id":"https:\/\/www.noticiasradioreflejos.com.ar\/2021\/a-11-anos-del-pontificado-del-papa-francisco\/#primaryimage","url":"https:\/\/live.staticflickr.com\/65535\/53585421998_cf5c86145b_z.jpg","contentUrl":"https:\/\/live.staticflickr.com\/65535\/53585421998_cf5c86145b_z.jpg"},{"@type":"BreadcrumbList","@id":"https:\/\/www.noticiasradioreflejos.com.ar\/2021\/a-11-anos-del-pontificado-del-papa-francisco\/#breadcrumb","itemListElement":[{"@type":"ListItem","position":1,"name":"Portada","item":"https:\/\/www.noticiasradioreflejos.com.ar\/2021\/"},{"@type":"ListItem","position":2,"name":"A 11 a\u00f1os del pontificado del Papa Francisco"}]},{"@type":"WebSite","@id":"https:\/\/www.noticiasradioreflejos.com.ar\/2021\/#website","url":"https:\/\/www.noticiasradioreflejos.com.ar\/2021\/","name":"Noticias Radio Reflejos","description":"Las noticias de mi comarca","potentialAction":[{"@type":"SearchAction","target":{"@type":"EntryPoint","urlTemplate":"https:\/\/www.noticiasradioreflejos.com.ar\/2021\/?s={search_term_string}"},"query-input":{"@type":"PropertyValueSpecification","valueRequired":true,"valueName":"search_term_string"}}],"inLanguage":"es"},{"@type":"Person","@id":"https:\/\/www.noticiasradioreflejos.com.ar\/2021\/#\/schema\/person\/ad82545263dcc5ec0996818884fd5fb1","name":"Arnaldo Botto","image":{"@type":"ImageObject","inLanguage":"es","@id":"https:\/\/www.noticiasradioreflejos.com.ar\/2021\/#\/schema\/person\/image\/","url":"https:\/\/secure.gravatar.com\/avatar\/55cb5e37c1efa326397366e6974cb338056df65cb50e7d64d1cf314e87504837?s=96&d=mm&r=g","contentUrl":"https:\/\/secure.gravatar.com\/avatar\/55cb5e37c1efa326397366e6974cb338056df65cb50e7d64d1cf314e87504837?s=96&d=mm&r=g","caption":"Arnaldo Botto"},"url":"https:\/\/www.noticiasradioreflejos.com.ar\/2021\/author\/arnaldo\/"}]}},"_links":{"self":[{"href":"https:\/\/www.noticiasradioreflejos.com.ar\/2021\/wp-json\/wp\/v2\/posts\/100054","targetHints":{"allow":["GET"]}}],"collection":[{"href":"https:\/\/www.noticiasradioreflejos.com.ar\/2021\/wp-json\/wp\/v2\/posts"}],"about":[{"href":"https:\/\/www.noticiasradioreflejos.com.ar\/2021\/wp-json\/wp\/v2\/types\/post"}],"author":[{"embeddable":true,"href":"https:\/\/www.noticiasradioreflejos.com.ar\/2021\/wp-json\/wp\/v2\/users\/3"}],"replies":[{"embeddable":true,"href":"https:\/\/www.noticiasradioreflejos.com.ar\/2021\/wp-json\/wp\/v2\/comments?post=100054"}],"version-history":[{"count":2,"href":"https:\/\/www.noticiasradioreflejos.com.ar\/2021\/wp-json\/wp\/v2\/posts\/100054\/revisions"}],"predecessor-version":[{"id":100059,"href":"https:\/\/www.noticiasradioreflejos.com.ar\/2021\/wp-json\/wp\/v2\/posts\/100054\/revisions\/100059"}],"wp:attachment":[{"href":"https:\/\/www.noticiasradioreflejos.com.ar\/2021\/wp-json\/wp\/v2\/media?parent=100054"}],"wp:term":[{"taxonomy":"category","embeddable":true,"href":"https:\/\/www.noticiasradioreflejos.com.ar\/2021\/wp-json\/wp\/v2\/categories?post=100054"},{"taxonomy":"post_tag","embeddable":true,"href":"https:\/\/www.noticiasradioreflejos.com.ar\/2021\/wp-json\/wp\/v2\/tags?post=100054"}],"curies":[{"name":"wp","href":"https:\/\/api.w.org\/{rel}","templated":true}]}}