{"id":100048,"date":"2024-03-13T09:44:05","date_gmt":"2024-03-13T12:44:05","guid":{"rendered":"https:\/\/www.noticiasradioreflejos.com.ar\/2021\/?p=100048"},"modified":"2024-03-13T09:44:05","modified_gmt":"2024-03-13T12:44:05","slug":"unicef-7-de-cada-10-ninos-viven-en-la-pobreza-en-argentina","status":"publish","type":"post","link":"https:\/\/www.noticiasradioreflejos.com.ar\/2021\/unicef-7-de-cada-10-ninos-viven-en-la-pobreza-en-argentina\/","title":{"rendered":"Unicef: 7 de cada 10 ni\u00f1os viven en la pobreza en Argentina"},"content":{"rendered":"<p>Aproximadamente 8,6 millones de ni\u00f1os menores de 18 a\u00f1os viven en hogares con ingresos bajos o en entornos donde se ven privados de sus derechos.<!--more--><\/p>\n<p>Un informe presentado por Unicef revela que siete de cada diez ni\u00f1os viven en condiciones de pobreza en Argentina. Son alrededor de 8,6 millones de menores de 18 a\u00f1os que viven en hogares que no alcanzan el umbral m\u00ednimo de ingresos econ\u00f3micos o en entornos donde se ven privados de sus derechos.<\/p>\n<p>Seg\u00fan los datos recopilados para el segundo semestre del 2023, la pobreza infantil se presenta en dos dimensiones: el 57,5% de los ni\u00f1os experimentan pobreza por recursos econ\u00f3micos, mientras que el 43% enfrenta pobreza por privaci\u00f3n de derechos fundamentales como la educaci\u00f3n y la salud. Un 31% de los menores experimentan ambas formas de pobreza simult\u00e1neamente, afectando a 3,8 millones de ni\u00f1os.<\/p>\n<p>El informe destaca el impacto del deterioro macroecon\u00f3mico en el aumento de la pobreza y la indigencia. \u201cLa canasta b\u00e1sica aumenta en mayor proporci\u00f3n que los \u00edndices de inflaci\u00f3n general y que los salarios\u00bb, dijo Sebasti\u00e1n Waisgrais, economista especialista en Inclusi\u00f3n Social y Monitoreo en Unicef Argentina, poniendo en evidencia la necesidad de medidas urgentes para proteger los ingresos de los hogares y mejorar la cobertura de las prestaciones sociales.<\/p>\n<p>En el \u00faltimo semestre del a\u00f1o pasado, la indigencia infantil aument\u00f3 un 5% alcanzando el 19,4%. \u00abEs la primera vez que vemos un incremento estad\u00edstico muy importante en la indigencia\u00bb, advirti\u00f3 Waisgrais. Esto significa que 643.000 ni\u00f1os m\u00e1s cayeron en la indigencia.<\/p>\n<p>Los datos muestran que hay diferencias significativas dependiendo la ubicaci\u00f3n geogr\u00e1fica, el g\u00e9nero y nivel educativo. La pobreza infantil en barrios populares alcanza un 84%. La brecha seg\u00fan el g\u00e9nero es de 63% entre ni\u00f1as y un 50,8% entre los varones. Adem\u00e1s, la pobreza en hogares con bajo clima educativo (83%), hogares monomarentales (68%) y en aquellos que residen en barrios populares (84%).<\/p>\n<p>Waisgrais resalta la importancia de mantener y fortalecer las partidas presupuestarias destinadas a las pol\u00edticas de protecci\u00f3n de ingresos a los hogares. \u00abSi bien hubo se\u00f1ales positivas en este sentido, es clave maximizar los esfuerzos para mejorar la cobertura y suficiencia de las prestaciones\u00bb, subray\u00f3.<\/p>\n","protected":false},"excerpt":{"rendered":"<p>Aproximadamente 8,6 millones de ni\u00f1os menores de 18 a\u00f1os viven en hogares con ingresos bajos o en entornos donde se ven privados de sus derechos.<\/p>\n","protected":false},"author":3,"featured_media":100049,"comment_status":"closed","ping_status":"closed","sticky":false,"template":"","format":"standard","meta":{"footnotes":""},"categories":[24,26],"tags":[],"class_list":["post-100048","post","type-post","status-publish","format-standard","has-post-thumbnail","hentry","category-politica","category-sociedad"],"yoast_head":"<!-- This site is optimized with the Yoast SEO plugin v25.9 - https:\/\/yoast.com\/wordpress\/plugins\/seo\/ -->\n<title>Unicef: 7 de cada 10 ni\u00f1os viven en la pobreza en Argentina - Noticias Radio Reflejos<\/title>\n<meta name=\"robots\" content=\"index, follow, max-snippet:-1, max-image-preview:large, max-video-preview:-1\" \/>\n<link rel=\"canonical\" href=\"https:\/\/www.noticiasradioreflejos.com.ar\/2021\/unicef-7-de-cada-10-ninos-viven-en-la-pobreza-en-argentina\/\" \/>\n<meta property=\"og:locale\" content=\"es_ES\" \/>\n<meta property=\"og:type\" content=\"article\" \/>\n<meta property=\"og:title\" content=\"Unicef: 7 de cada 10 ni\u00f1os viven en la pobreza en Argentina - Noticias Radio Reflejos\" \/>\n<meta property=\"og:description\" content=\"Aproximadamente 8,6 millones de ni\u00f1os menores de 18 a\u00f1os viven en hogares con ingresos bajos o en entornos donde se ven privados de sus derechos.\" \/>\n<meta property=\"og:url\" content=\"https:\/\/www.noticiasradioreflejos.com.ar\/2021\/unicef-7-de-cada-10-ninos-viven-en-la-pobreza-en-argentina\/\" \/>\n<meta property=\"og:site_name\" content=\"Noticias Radio Reflejos\" \/>\n<meta property=\"article:published_time\" content=\"2024-03-13T12:44:05+00:00\" \/>\n<meta property=\"og:image\" content=\"https:\/\/www.noticiasradioreflejos.com.ar\/2021\/wp-content\/uploads\/2024\/03\/pobreza-infantil.jpg\" \/>\n\t<meta property=\"og:image:width\" content=\"1124\" \/>\n\t<meta property=\"og:image:height\" content=\"720\" \/>\n\t<meta property=\"og:image:type\" content=\"image\/jpeg\" \/>\n<meta name=\"author\" content=\"Arnaldo Botto\" \/>\n<meta name=\"twitter:card\" content=\"summary_large_image\" \/>\n<script type=\"application\/ld+json\" class=\"yoast-schema-graph\">{\"@context\":\"https:\/\/schema.org\",\"@graph\":[{\"@type\":\"WebPage\",\"@id\":\"https:\/\/www.noticiasradioreflejos.com.ar\/2021\/unicef-7-de-cada-10-ninos-viven-en-la-pobreza-en-argentina\/\",\"url\":\"https:\/\/www.noticiasradioreflejos.com.ar\/2021\/unicef-7-de-cada-10-ninos-viven-en-la-pobreza-en-argentina\/\",\"name\":\"Unicef: 7 de cada 10 ni\u00f1os viven en la pobreza en Argentina - Noticias Radio Reflejos\",\"isPartOf\":{\"@id\":\"https:\/\/www.noticiasradioreflejos.com.ar\/2021\/#website\"},\"primaryImageOfPage\":{\"@id\":\"https:\/\/www.noticiasradioreflejos.com.ar\/2021\/unicef-7-de-cada-10-ninos-viven-en-la-pobreza-en-argentina\/#primaryimage\"},\"image\":{\"@id\":\"https:\/\/www.noticiasradioreflejos.com.ar\/2021\/unicef-7-de-cada-10-ninos-viven-en-la-pobreza-en-argentina\/#primaryimage\"},\"thumbnailUrl\":\"https:\/\/www.noticiasradioreflejos.com.ar\/2021\/wp-content\/uploads\/2024\/03\/pobreza-infantil.jpg\",\"datePublished\":\"2024-03-13T12:44:05+00:00\",\"author\":{\"@id\":\"https:\/\/www.noticiasradioreflejos.com.ar\/2021\/#\/schema\/person\/ad82545263dcc5ec0996818884fd5fb1\"},\"breadcrumb\":{\"@id\":\"https:\/\/www.noticiasradioreflejos.com.ar\/2021\/unicef-7-de-cada-10-ninos-viven-en-la-pobreza-en-argentina\/#breadcrumb\"},\"inLanguage\":\"es\",\"potentialAction\":[{\"@type\":\"ReadAction\",\"target\":[\"https:\/\/www.noticiasradioreflejos.com.ar\/2021\/unicef-7-de-cada-10-ninos-viven-en-la-pobreza-en-argentina\/\"]}]},{\"@type\":\"ImageObject\",\"inLanguage\":\"es\",\"@id\":\"https:\/\/www.noticiasradioreflejos.com.ar\/2021\/unicef-7-de-cada-10-ninos-viven-en-la-pobreza-en-argentina\/#primaryimage\",\"url\":\"https:\/\/www.noticiasradioreflejos.com.ar\/2021\/wp-content\/uploads\/2024\/03\/pobreza-infantil.jpg\",\"contentUrl\":\"https:\/\/www.noticiasradioreflejos.com.ar\/2021\/wp-content\/uploads\/2024\/03\/pobreza-infantil.jpg\",\"width\":1124,\"height\":720},{\"@type\":\"BreadcrumbList\",\"@id\":\"https:\/\/www.noticiasradioreflejos.com.ar\/2021\/unicef-7-de-cada-10-ninos-viven-en-la-pobreza-en-argentina\/#breadcrumb\",\"itemListElement\":[{\"@type\":\"ListItem\",\"position\":1,\"name\":\"Portada\",\"item\":\"https:\/\/www.noticiasradioreflejos.com.ar\/2021\/\"},{\"@type\":\"ListItem\",\"position\":2,\"name\":\"Unicef: 7 de cada 10 ni\u00f1os viven en la pobreza en Argentina\"}]},{\"@type\":\"WebSite\",\"@id\":\"https:\/\/www.noticiasradioreflejos.com.ar\/2021\/#website\",\"url\":\"https:\/\/www.noticiasradioreflejos.com.ar\/2021\/\",\"name\":\"Noticias Radio Reflejos\",\"description\":\"Las noticias de mi comarca\",\"potentialAction\":[{\"@type\":\"SearchAction\",\"target\":{\"@type\":\"EntryPoint\",\"urlTemplate\":\"https:\/\/www.noticiasradioreflejos.com.ar\/2021\/?s={search_term_string}\"},\"query-input\":{\"@type\":\"PropertyValueSpecification\",\"valueRequired\":true,\"valueName\":\"search_term_string\"}}],\"inLanguage\":\"es\"},{\"@type\":\"Person\",\"@id\":\"https:\/\/www.noticiasradioreflejos.com.ar\/2021\/#\/schema\/person\/ad82545263dcc5ec0996818884fd5fb1\",\"name\":\"Arnaldo Botto\",\"image\":{\"@type\":\"ImageObject\",\"inLanguage\":\"es\",\"@id\":\"https:\/\/www.noticiasradioreflejos.com.ar\/2021\/#\/schema\/person\/image\/\",\"url\":\"https:\/\/secure.gravatar.com\/avatar\/55cb5e37c1efa326397366e6974cb338056df65cb50e7d64d1cf314e87504837?s=96&d=mm&r=g\",\"contentUrl\":\"https:\/\/secure.gravatar.com\/avatar\/55cb5e37c1efa326397366e6974cb338056df65cb50e7d64d1cf314e87504837?s=96&d=mm&r=g\",\"caption\":\"Arnaldo Botto\"},\"url\":\"https:\/\/www.noticiasradioreflejos.com.ar\/2021\/author\/arnaldo\/\"}]}<\/script>\n<!-- \/ Yoast SEO plugin. -->","yoast_head_json":{"title":"Unicef: 7 de cada 10 ni\u00f1os viven en la pobreza en Argentina - Noticias Radio Reflejos","robots":{"index":"index","follow":"follow","max-snippet":"max-snippet:-1","max-image-preview":"max-image-preview:large","max-video-preview":"max-video-preview:-1"},"canonical":"https:\/\/www.noticiasradioreflejos.com.ar\/2021\/unicef-7-de-cada-10-ninos-viven-en-la-pobreza-en-argentina\/","og_locale":"es_ES","og_type":"article","og_title":"Unicef: 7 de cada 10 ni\u00f1os viven en la pobreza en Argentina - Noticias Radio Reflejos","og_description":"Aproximadamente 8,6 millones de ni\u00f1os menores de 18 a\u00f1os viven en hogares con ingresos bajos o en entornos donde se ven privados de sus derechos.","og_url":"https:\/\/www.noticiasradioreflejos.com.ar\/2021\/unicef-7-de-cada-10-ninos-viven-en-la-pobreza-en-argentina\/","og_site_name":"Noticias Radio Reflejos","article_published_time":"2024-03-13T12:44:05+00:00","og_image":[{"width":1124,"height":720,"url":"https:\/\/www.noticiasradioreflejos.com.ar\/2021\/wp-content\/uploads\/2024\/03\/pobreza-infantil.jpg","type":"image\/jpeg"}],"author":"Arnaldo Botto","twitter_card":"summary_large_image","schema":{"@context":"https:\/\/schema.org","@graph":[{"@type":"WebPage","@id":"https:\/\/www.noticiasradioreflejos.com.ar\/2021\/unicef-7-de-cada-10-ninos-viven-en-la-pobreza-en-argentina\/","url":"https:\/\/www.noticiasradioreflejos.com.ar\/2021\/unicef-7-de-cada-10-ninos-viven-en-la-pobreza-en-argentina\/","name":"Unicef: 7 de cada 10 ni\u00f1os viven en la pobreza en Argentina - Noticias Radio Reflejos","isPartOf":{"@id":"https:\/\/www.noticiasradioreflejos.com.ar\/2021\/#website"},"primaryImageOfPage":{"@id":"https:\/\/www.noticiasradioreflejos.com.ar\/2021\/unicef-7-de-cada-10-ninos-viven-en-la-pobreza-en-argentina\/#primaryimage"},"image":{"@id":"https:\/\/www.noticiasradioreflejos.com.ar\/2021\/unicef-7-de-cada-10-ninos-viven-en-la-pobreza-en-argentina\/#primaryimage"},"thumbnailUrl":"https:\/\/www.noticiasradioreflejos.com.ar\/2021\/wp-content\/uploads\/2024\/03\/pobreza-infantil.jpg","datePublished":"2024-03-13T12:44:05+00:00","author":{"@id":"https:\/\/www.noticiasradioreflejos.com.ar\/2021\/#\/schema\/person\/ad82545263dcc5ec0996818884fd5fb1"},"breadcrumb":{"@id":"https:\/\/www.noticiasradioreflejos.com.ar\/2021\/unicef-7-de-cada-10-ninos-viven-en-la-pobreza-en-argentina\/#breadcrumb"},"inLanguage":"es","potentialAction":[{"@type":"ReadAction","target":["https:\/\/www.noticiasradioreflejos.com.ar\/2021\/unicef-7-de-cada-10-ninos-viven-en-la-pobreza-en-argentina\/"]}]},{"@type":"ImageObject","inLanguage":"es","@id":"https:\/\/www.noticiasradioreflejos.com.ar\/2021\/unicef-7-de-cada-10-ninos-viven-en-la-pobreza-en-argentina\/#primaryimage","url":"https:\/\/www.noticiasradioreflejos.com.ar\/2021\/wp-content\/uploads\/2024\/03\/pobreza-infantil.jpg","contentUrl":"https:\/\/www.noticiasradioreflejos.com.ar\/2021\/wp-content\/uploads\/2024\/03\/pobreza-infantil.jpg","width":1124,"height":720},{"@type":"BreadcrumbList","@id":"https:\/\/www.noticiasradioreflejos.com.ar\/2021\/unicef-7-de-cada-10-ninos-viven-en-la-pobreza-en-argentina\/#breadcrumb","itemListElement":[{"@type":"ListItem","position":1,"name":"Portada","item":"https:\/\/www.noticiasradioreflejos.com.ar\/2021\/"},{"@type":"ListItem","position":2,"name":"Unicef: 7 de cada 10 ni\u00f1os viven en la pobreza en Argentina"}]},{"@type":"WebSite","@id":"https:\/\/www.noticiasradioreflejos.com.ar\/2021\/#website","url":"https:\/\/www.noticiasradioreflejos.com.ar\/2021\/","name":"Noticias Radio Reflejos","description":"Las noticias de mi comarca","potentialAction":[{"@type":"SearchAction","target":{"@type":"EntryPoint","urlTemplate":"https:\/\/www.noticiasradioreflejos.com.ar\/2021\/?s={search_term_string}"},"query-input":{"@type":"PropertyValueSpecification","valueRequired":true,"valueName":"search_term_string"}}],"inLanguage":"es"},{"@type":"Person","@id":"https:\/\/www.noticiasradioreflejos.com.ar\/2021\/#\/schema\/person\/ad82545263dcc5ec0996818884fd5fb1","name":"Arnaldo Botto","image":{"@type":"ImageObject","inLanguage":"es","@id":"https:\/\/www.noticiasradioreflejos.com.ar\/2021\/#\/schema\/person\/image\/","url":"https:\/\/secure.gravatar.com\/avatar\/55cb5e37c1efa326397366e6974cb338056df65cb50e7d64d1cf314e87504837?s=96&d=mm&r=g","contentUrl":"https:\/\/secure.gravatar.com\/avatar\/55cb5e37c1efa326397366e6974cb338056df65cb50e7d64d1cf314e87504837?s=96&d=mm&r=g","caption":"Arnaldo Botto"},"url":"https:\/\/www.noticiasradioreflejos.com.ar\/2021\/author\/arnaldo\/"}]}},"_links":{"self":[{"href":"https:\/\/www.noticiasradioreflejos.com.ar\/2021\/wp-json\/wp\/v2\/posts\/100048","targetHints":{"allow":["GET"]}}],"collection":[{"href":"https:\/\/www.noticiasradioreflejos.com.ar\/2021\/wp-json\/wp\/v2\/posts"}],"about":[{"href":"https:\/\/www.noticiasradioreflejos.com.ar\/2021\/wp-json\/wp\/v2\/types\/post"}],"author":[{"embeddable":true,"href":"https:\/\/www.noticiasradioreflejos.com.ar\/2021\/wp-json\/wp\/v2\/users\/3"}],"replies":[{"embeddable":true,"href":"https:\/\/www.noticiasradioreflejos.com.ar\/2021\/wp-json\/wp\/v2\/comments?post=100048"}],"version-history":[{"count":1,"href":"https:\/\/www.noticiasradioreflejos.com.ar\/2021\/wp-json\/wp\/v2\/posts\/100048\/revisions"}],"predecessor-version":[{"id":100050,"href":"https:\/\/www.noticiasradioreflejos.com.ar\/2021\/wp-json\/wp\/v2\/posts\/100048\/revisions\/100050"}],"wp:featuredmedia":[{"embeddable":true,"href":"https:\/\/www.noticiasradioreflejos.com.ar\/2021\/wp-json\/wp\/v2\/media\/100049"}],"wp:attachment":[{"href":"https:\/\/www.noticiasradioreflejos.com.ar\/2021\/wp-json\/wp\/v2\/media?parent=100048"}],"wp:term":[{"taxonomy":"category","embeddable":true,"href":"https:\/\/www.noticiasradioreflejos.com.ar\/2021\/wp-json\/wp\/v2\/categories?post=100048"},{"taxonomy":"post_tag","embeddable":true,"href":"https:\/\/www.noticiasradioreflejos.com.ar\/2021\/wp-json\/wp\/v2\/tags?post=100048"}],"curies":[{"name":"wp","href":"https:\/\/api.w.org\/{rel}","templated":true}]}}