{"id":100046,"date":"2024-03-13T09:08:00","date_gmt":"2024-03-13T12:08:00","guid":{"rendered":"https:\/\/www.noticiasradioreflejos.com.ar\/2021\/?p=100046"},"modified":"2024-03-13T09:08:00","modified_gmt":"2024-03-13T12:08:00","slug":"la-inflacion-fue-del-132-en-febrero-menor-a-la-esperada-y-llego-al-2762-anual","status":"publish","type":"post","link":"https:\/\/www.noticiasradioreflejos.com.ar\/2021\/la-inflacion-fue-del-132-en-febrero-menor-a-la-esperada-y-llego-al-2762-anual\/","title":{"rendered":"La inflaci\u00f3n fue del 13,2% en febrero, menor a la esperada, y lleg\u00f3 al 276,2% anual"},"content":{"rendered":"<p>Las tarifas fueron las que m\u00e1s presionaron sobre el costo de vida, seg\u00fan el INDEC.<br \/>\n<!--more--><br \/>\nLa inflaci\u00f3n fue del 13,2% en febrero, muy por debajo de lo esperado por las consultoras privadas.<\/p>\n<p>Adem\u00e1s, los precios acumularon un alza del 276,2%, seg\u00fan inform\u00f3 el INDEC.<\/p>\n<p>El rubro de telecomunicaciones fue el que m\u00e1s subi\u00f3, con un 24,7%, seguido por las tarifas del transporte, con 21,65, y las de electricidad, gas y agua, y los combustibles, con el 20,2%<\/p>\n<p>La inflaci\u00f3n de febrero fue de 13,2%, seg\u00fan el \u00cdndice de Precios al Consumidor (IPC) informado este martes por el Instituto Nacional de Estad\u00edstica y Censos (INDEC). El aumento interanual lleg\u00f3 al 276,2%.<\/p>\n<p>El dato se conoce luego de que en enero se registrara una suba del 20,6% y en diciembre, del 25,5%, la m\u00e1s alta desde marzo de 1990.<\/p>\n<p>Bebidas alcoh\u00f3licas y tabaco subieron 17,7%; bienes y servicios, 16,6%; y salud, 13,6%. Los alimentos y bebidas alcoh\u00f3licas (11,9%), educaci\u00f3n (9,9%) y prendas de vestir y calzado (7,2%) quedaron por debajo de la media mensual.<\/p>\n<p>Antes de que se publicara la cifra, el presidente Javier Milei hab\u00eda afirmado que continuar\u00eda la tendencia a la baja que hab\u00eda comenzado el mes pasado.<\/p>\n<p>\u00abParece que est\u00e1 debajo del 15%, con lo cual es un numerazo\u00bb, enfatiz\u00f3 el mandatario, quien sin embargo reconoci\u00f3 que tiene \u00abplena conciencia de lo que est\u00e1 pasando\u00bb en el pa\u00eds \u00abpero corregir cien a\u00f1os no es gratis\u00bb.<\/p>\n<p>Tambi\u00e9n vaticin\u00f3 que en los pr\u00f3ximos meses la inflaci\u00f3n podr\u00eda llegar a un d\u00edgito: \u00abSi le sum\u00e1s la suba de prepagas, que es de una vez, y tarifas, que son una vez para siempre, en ese contexto, al n\u00famero le vas a tener que restar casi 5 puntos, cuando veas eso, vas a hablar de una inflaci\u00f3n de un d\u00edgito\u00bb.<\/p>\n<p>Seg\u00fan expertos, el costo de vida se desaceler\u00f3 por una combinaci\u00f3n de fuerte ca\u00edda de la actividad por la licuaci\u00f3n de ingresos y jubilaciones desde diciembre, el significativo ajuste del gasto p\u00fablico y el \u201capret\u00f3n monetario\u201d que impulsa el Gobierno.<\/p>\n<p>Seg\u00fan el INDEC, el primer bimestre acumula un alza de la inflaci\u00f3n de 36,6%, mientras que, en los \u00faltimos doce meses, el IPC nacional refleja un avance de 276,2%.<\/p>\n<p>Se trata del n\u00famero interanual m\u00e1s elevado desde marzo de 1991 (287,3%). El dato mensual es el m\u00e1s alto desde febrero de ese a\u00f1o (27%).<\/p>\n<p>Seg\u00fan el Indec, la divisi\u00f3n de mayor aumento fue Comunicaci\u00f3n (24,7%), producto de subas en servicios de telefon\u00eda e internet.<\/p>\n<p>Le siguieron Transporte (21,6%) \u2013por los incrementos en el transporte p\u00fablico\u2013 y Vivienda, agua, electricidad, gas y otros combustibles (20,2%) \u2013por alzas en el servicio de electricidad\u2013. Los alimentos y bebidas -el cap\u00edtulo m\u00e1s sensible del IPC- fue de 11,9%. En tanto, el IPC n\u00facleo -que elimina precios regulados y estacionales- mostr\u00f3 un avance de 12,3% en el segundo mes del a\u00f1o.<\/p>\n<p>\u201cLa oficina del Presidente informa que la inflaci\u00f3n de febrero fue de 13,2%, evidenciando una contundente desaceleraci\u00f3n de precios con respecto a diciembre 2023 (25,5%) y enero 2024 (20,6%), resultado del trabajo del gobierno nacional para imponer una fuerte disciplina fiscal\u201d, dijo un comunicado de Casa Rosada.<\/p>\n<p>\u201cLa suba inflacionaria que enfrentamos es producto de la emisi\u00f3n descontrolada de los \u00faltimos a\u00f1os y el despilfarro generado por el programa econ\u00f3mico del ex ministro Sergio Tom\u00e1s Massa\u201d, agreg\u00f3.<\/p>\n<p>\u201cEl 10 de diciembre de 2023, en su discurso de asunci\u00f3n, el presidente Javier Milei inform\u00f3 al pueblo argentino que recib\u00eda una inflaci\u00f3n camino al 15.000% anual contra la que luchar\u00eda con \u2018u\u00f1as y dientes\u2019. Ese es el compromiso asumido y el objetivo innegociable\u201d, indic\u00f3 el comunicado de la Oficina del Presidente.<\/p>\n<p>D\u00edas atr\u00e1s, el IPC de la Ciudad ya mostr\u00f3 una desaceleraci\u00f3n. Para el segundo mes del a\u00f1o hab\u00eda registrado un alza de 14,1%. Pero el n\u00famero que reflej\u00f3 un avance fue la inflaci\u00f3n n\u00facleo.<\/p>\n<p>La direcci\u00f3n estad\u00edstica registr\u00f3 un 13,4%. El relevamiento de Expectativas del Mercado (REM), que releva el Banco Central (BCRA), indicaba un avance de los precios para febrero de 15,8%. Para marzo esperaban un 14,3%. Ese conjunto de consultoras privadas y analistas esperaban d\u00edas atr\u00e1s que la suba de precios llegara a 210,2% en el a\u00f1o. El primer dato con una suba de precios de un d\u00edgito, indicaron, podr\u00eda llegar reci\u00e9n en junio (8,5%).<\/p>\n<p>El ministro de Econom\u00eda, Luis Caputo, se reuni\u00f3 la semana pasada con empresas de alimentos y consumo masivo. All\u00ed les ratific\u00f3 a esas compa\u00f1\u00edas que no va a haber una nueva devaluaci\u00f3n brusca del tipo de cambio y que el precio de equilibrio de d\u00f3lar deber\u00eda estar actualmente en los $900. All\u00ed, afirm\u00f3 el ministro de Econom\u00eda, se encuentra la convergencia entre la cotizaci\u00f3n oficial y la paralela.<\/p>\n<p>Los directivos de las empresas, en tanto, le dijeron al ministro que notaron una desaceleraci\u00f3n de los precios de sus productos por la fuerte ca\u00edda de las ventas que ya est\u00e1n registrando.<\/p>\n<p>Este lunes, Caputo se reuni\u00f3 con los directivos de los grandes supermercados. Les dijo que se est\u00e1 siguiendo \u201ca rajatabla\u201d el programa econ\u00f3mico, basado en el equilibrio fiscal y en la recomposici\u00f3n del balance del Banco Central (BCRA).<\/p>\n<p>Agreg\u00f3 que bajar la inflaci\u00f3n era \u201cla prioridad para poder estabilizar la econom\u00eda\u201d, y as\u00ed dar inicio a un ciclo de crecimiento que permita la baja de impuestos. El ministro tambi\u00e9n hizo foco en el hecho de que los precios de los productos de consumo masivo \u201cno reflejan hoy la nueva realidad econ\u00f3mica\u201d. En este sentido, \u201cse debatieron alternativas para combatir la suba desmedida de precios\u201d.<\/p>\n<p>El BCRA adem\u00e1s inform\u00f3 que bajaba la tasa con la que se remuneraba a los bancos por los pases y que eliminaba el piso m\u00ednimo que tienen estos para los plazos fijos.<\/p>\n<p>En la pr\u00e1ctica funciona como una mayor licuaci\u00f3n a los dep\u00f3sitos de los argentinos, que tendr\u00e1n menos opciones para cubrirse frente a la inflaci\u00f3n.<\/p>\n<p>Por otra parte, esa decisi\u00f3n catapult\u00f3 el valor del d\u00f3lar \u2013sobre todo de los financieros- que ven\u00edan de fuertes bajas en las \u00faltimas semanas. Ese salto le da algo de respiro -competitividad- al tipo de cambio diferencial para la exportaci\u00f3n (las liquidaciones van en un 20% al contado con liquidaci\u00f3n). As\u00ed, el Gobierno espera poder acumulando reservas en la entidad que conduce Santiago Bausili.<\/p>\n<p>Con la intenci\u00f3n de que ese salto en los tipos de cambio \u201clibres\u201d no impacte en los precios ya sobregirados de la econom\u00eda, y particularmente en los alimentos (el rubro que m\u00e1s afecta a los pobres), el Gobierno anunci\u00f3 hoy que abrir\u00eda las importaciones para \u201capuntalar la baja de la inflaci\u00f3n en los productos de la canasta b\u00e1sica y medicamentos\u201d. Precisaron que el BCRA reducir\u00e1 el plazo de pago de importaciones de alimentos, bebidas y productos de limpieza, cuidado e higiene personal: pasar\u00e1n de un esquema de pago en 4 cuotas a los 30, 60, 90 y 120 d\u00edas a un plazo de pago en una sola cuota a los 30 d\u00edas.<\/p>\n<p>Adem\u00e1s, bajaron la presi\u00f3n impositiva para esas compras el exterior. \u201cSe determin\u00f3 suspender, por el plazo de 120 d\u00edas, el cobro de la percepci\u00f3n de IVA adicional e impuesto a las ganancias a las importaciones de estos productos y de los medicamentos\u201d, indic\u00f3 la Secretar\u00eda de Comercio.<\/p>\n<p>\u201cComo consecuencia de que implementamos un programa de estabilizaci\u00f3n muy duro, al no generar emisi\u00f3n monetaria, los precios no pudieron seguir creciendo al ritmo que ven\u00edan. A partir de ah\u00ed, la inflaci\u00f3n de diciembre fue 25%, la de enero fue 20%, y [la de febrero] parece que est\u00e1 debajo del 15%, un numerazo\u201d, sentenci\u00f3 hoy el presidente Javier Milei en una entrevista. La semana pasada, hab\u00eda afirmado que la inflaci\u00f3n se va iba a caer \u201ccomo un piano\u201d.<\/p>\n<p>Qu\u00e9 estimaban las consultoras.<br \/>\nDe cara a los pr\u00f3ximos meses, un informe de la consultora EcoGo estim\u00f3 que las tarifas de luz, gas y transporte p\u00fablico (trenes y colectivos), junto a los precios de los combustibles y las cuotas de las prepagas sumar\u00e1n unos 11,5 puntos porcentuales a la inflaci\u00f3n del trimestre marzo-mayo.<\/p>\n<p>Entre el 18% y el 30% del n\u00famero de inflaci\u00f3n de los primeros cinco meses del a\u00f1o estar\u00eda explicado por la incidencia de estos precios regulados, proyect\u00f3 la entidad dirigida por Marina Dal Poggetto y Sebasti\u00e1n Menescaldi.<\/p>\n<p>La semana pasada, la Ciudad de Buenos Aires hab\u00eda difundido su \u00cdndice de Precios al Consumidor en el que registr\u00f3 un incremento del 14,1%.<\/p>\n<p>Con este aumento, el IPC CABA acumul\u00f3 en los dos primeros meses del a\u00f1o una suba de 38,9% y una variaci\u00f3n interanual del 264,5% (26 puntos porcentuales por encima del mes previo), seg\u00fan la Direcci\u00f3n de Estad\u00edstica y Censos porte\u00f1a. Este salto en la variaci\u00f3n interanual se explica porque en febrero 2023, la inflaci\u00f3n porte\u00f1a hab\u00eda sido del 6%.<\/p>\n<p>El mismo d\u00eda que se conoci\u00f3 el nuevo \u00edndice de inflaci\u00f3n, el Gobierno anunci\u00f3 este martes la apertura de importaciones para productos de la canasta b\u00e1sica, tras la reuni\u00f3n que mantuvo en las \u00faltimas horas el ministro de Econom\u00eda, Luis Caputo, con supermercadistas.<\/p>\n<p>\u00abSe tom\u00f3 la decisi\u00f3n de abrir definitivamente las importaciones de determinados productos de la canasta familiar en pos de hacer los precios m\u00e1s competitivos con alguna quitas de impuestos\u00bb, indic\u00f3 el vocero presidencial, Manuel Adorni.<\/p>\n<p>El vocero sostuvo que \u00abse han reconocido suba de precios por encima de la expectativa de inflaci\u00f3n\u00bb.<\/p>\n<p>La inflaci\u00f3n fue del 13,2% en febrero, menor a la esperada, y lleg\u00f3 al 276,2% anual<\/p>\n<p>&nbsp;<br \/>\n<a data-flickr-embed=\"true\" href=\"https:\/\/www.flickr.com\/photos\/182279889@N02\/53585473705\/in\/dateposted-public\/\" title=\"Inflaci\u00f3n de febrero\"><img loading=\"lazy\" decoding=\"async\" src=\"https:\/\/live.staticflickr.com\/65535\/53585473705_ee2f875bf9_z.jpg\" width=\"640\" height=\"451\" alt=\"Inflaci\u00f3n de febrero\"\/><\/a><script async src=\"\/\/embedr.flickr.com\/assets\/client-code.js\" charset=\"utf-8\"><\/script><br \/>\n&nbsp;<br \/>\n<strong>Fuente NA<\/strong><em><br \/>\n&nbsp;<\/p>\n","protected":false},"excerpt":{"rendered":"<p>Las tarifas fueron las que m\u00e1s presionaron sobre el costo de vida, seg\u00fan el INDEC.<\/p>\n","protected":false},"author":3,"featured_media":99590,"comment_status":"closed","ping_status":"closed","sticky":false,"template":"","format":"standard","meta":{"footnotes":""},"categories":[36],"tags":[48],"class_list":["post-100046","post","type-post","status-publish","format-standard","has-post-thumbnail","hentry","category-economia","tag-destacada"],"yoast_head":"<!-- This site is optimized with the Yoast SEO plugin v25.9 - https:\/\/yoast.com\/wordpress\/plugins\/seo\/ -->\n<title>La inflaci\u00f3n fue del 13,2% en febrero, menor a la esperada, y lleg\u00f3 al 276,2% anual - Noticias Radio Reflejos<\/title>\n<meta name=\"robots\" content=\"index, follow, max-snippet:-1, max-image-preview:large, max-video-preview:-1\" \/>\n<link rel=\"canonical\" href=\"https:\/\/www.noticiasradioreflejos.com.ar\/2021\/la-inflacion-fue-del-132-en-febrero-menor-a-la-esperada-y-llego-al-2762-anual\/\" \/>\n<meta property=\"og:locale\" content=\"es_ES\" \/>\n<meta property=\"og:type\" content=\"article\" \/>\n<meta property=\"og:title\" content=\"La inflaci\u00f3n fue del 13,2% en febrero, menor a la esperada, y lleg\u00f3 al 276,2% anual - Noticias Radio Reflejos\" \/>\n<meta property=\"og:description\" content=\"Las tarifas fueron las que m\u00e1s presionaron sobre el costo de vida, seg\u00fan el INDEC.\" \/>\n<meta property=\"og:url\" content=\"https:\/\/www.noticiasradioreflejos.com.ar\/2021\/la-inflacion-fue-del-132-en-febrero-menor-a-la-esperada-y-llego-al-2762-anual\/\" \/>\n<meta property=\"og:site_name\" content=\"Noticias Radio Reflejos\" \/>\n<meta property=\"article:published_time\" content=\"2024-03-13T12:08:00+00:00\" \/>\n<meta property=\"og:image\" content=\"https:\/\/www.noticiasradioreflejos.com.ar\/2021\/wp-content\/uploads\/2024\/03\/Supermercado-inflacion.jpeg\" \/>\n\t<meta property=\"og:image:width\" content=\"960\" \/>\n\t<meta property=\"og:image:height\" content=\"640\" \/>\n\t<meta property=\"og:image:type\" content=\"image\/jpeg\" \/>\n<meta name=\"author\" content=\"Arnaldo Botto\" \/>\n<meta name=\"twitter:card\" content=\"summary_large_image\" \/>\n<script type=\"application\/ld+json\" class=\"yoast-schema-graph\">{\"@context\":\"https:\/\/schema.org\",\"@graph\":[{\"@type\":\"WebPage\",\"@id\":\"https:\/\/www.noticiasradioreflejos.com.ar\/2021\/la-inflacion-fue-del-132-en-febrero-menor-a-la-esperada-y-llego-al-2762-anual\/\",\"url\":\"https:\/\/www.noticiasradioreflejos.com.ar\/2021\/la-inflacion-fue-del-132-en-febrero-menor-a-la-esperada-y-llego-al-2762-anual\/\",\"name\":\"La inflaci\u00f3n fue del 13,2% en febrero, menor a la esperada, y lleg\u00f3 al 276,2% anual - Noticias Radio Reflejos\",\"isPartOf\":{\"@id\":\"https:\/\/www.noticiasradioreflejos.com.ar\/2021\/#website\"},\"primaryImageOfPage\":{\"@id\":\"https:\/\/www.noticiasradioreflejos.com.ar\/2021\/la-inflacion-fue-del-132-en-febrero-menor-a-la-esperada-y-llego-al-2762-anual\/#primaryimage\"},\"image\":{\"@id\":\"https:\/\/www.noticiasradioreflejos.com.ar\/2021\/la-inflacion-fue-del-132-en-febrero-menor-a-la-esperada-y-llego-al-2762-anual\/#primaryimage\"},\"thumbnailUrl\":\"https:\/\/www.noticiasradioreflejos.com.ar\/2021\/wp-content\/uploads\/2024\/03\/Supermercado-inflacion.jpeg\",\"datePublished\":\"2024-03-13T12:08:00+00:00\",\"author\":{\"@id\":\"https:\/\/www.noticiasradioreflejos.com.ar\/2021\/#\/schema\/person\/ad82545263dcc5ec0996818884fd5fb1\"},\"breadcrumb\":{\"@id\":\"https:\/\/www.noticiasradioreflejos.com.ar\/2021\/la-inflacion-fue-del-132-en-febrero-menor-a-la-esperada-y-llego-al-2762-anual\/#breadcrumb\"},\"inLanguage\":\"es\",\"potentialAction\":[{\"@type\":\"ReadAction\",\"target\":[\"https:\/\/www.noticiasradioreflejos.com.ar\/2021\/la-inflacion-fue-del-132-en-febrero-menor-a-la-esperada-y-llego-al-2762-anual\/\"]}]},{\"@type\":\"ImageObject\",\"inLanguage\":\"es\",\"@id\":\"https:\/\/www.noticiasradioreflejos.com.ar\/2021\/la-inflacion-fue-del-132-en-febrero-menor-a-la-esperada-y-llego-al-2762-anual\/#primaryimage\",\"url\":\"https:\/\/www.noticiasradioreflejos.com.ar\/2021\/wp-content\/uploads\/2024\/03\/Supermercado-inflacion.jpeg\",\"contentUrl\":\"https:\/\/www.noticiasradioreflejos.com.ar\/2021\/wp-content\/uploads\/2024\/03\/Supermercado-inflacion.jpeg\",\"width\":960,\"height\":640},{\"@type\":\"BreadcrumbList\",\"@id\":\"https:\/\/www.noticiasradioreflejos.com.ar\/2021\/la-inflacion-fue-del-132-en-febrero-menor-a-la-esperada-y-llego-al-2762-anual\/#breadcrumb\",\"itemListElement\":[{\"@type\":\"ListItem\",\"position\":1,\"name\":\"Portada\",\"item\":\"https:\/\/www.noticiasradioreflejos.com.ar\/2021\/\"},{\"@type\":\"ListItem\",\"position\":2,\"name\":\"La inflaci\u00f3n fue del 13,2% en febrero, menor a la esperada, y lleg\u00f3 al 276,2% anual\"}]},{\"@type\":\"WebSite\",\"@id\":\"https:\/\/www.noticiasradioreflejos.com.ar\/2021\/#website\",\"url\":\"https:\/\/www.noticiasradioreflejos.com.ar\/2021\/\",\"name\":\"Noticias Radio Reflejos\",\"description\":\"Las noticias de mi comarca\",\"potentialAction\":[{\"@type\":\"SearchAction\",\"target\":{\"@type\":\"EntryPoint\",\"urlTemplate\":\"https:\/\/www.noticiasradioreflejos.com.ar\/2021\/?s={search_term_string}\"},\"query-input\":{\"@type\":\"PropertyValueSpecification\",\"valueRequired\":true,\"valueName\":\"search_term_string\"}}],\"inLanguage\":\"es\"},{\"@type\":\"Person\",\"@id\":\"https:\/\/www.noticiasradioreflejos.com.ar\/2021\/#\/schema\/person\/ad82545263dcc5ec0996818884fd5fb1\",\"name\":\"Arnaldo Botto\",\"image\":{\"@type\":\"ImageObject\",\"inLanguage\":\"es\",\"@id\":\"https:\/\/www.noticiasradioreflejos.com.ar\/2021\/#\/schema\/person\/image\/\",\"url\":\"https:\/\/secure.gravatar.com\/avatar\/55cb5e37c1efa326397366e6974cb338056df65cb50e7d64d1cf314e87504837?s=96&d=mm&r=g\",\"contentUrl\":\"https:\/\/secure.gravatar.com\/avatar\/55cb5e37c1efa326397366e6974cb338056df65cb50e7d64d1cf314e87504837?s=96&d=mm&r=g\",\"caption\":\"Arnaldo Botto\"},\"url\":\"https:\/\/www.noticiasradioreflejos.com.ar\/2021\/author\/arnaldo\/\"}]}<\/script>\n<!-- \/ Yoast SEO plugin. -->","yoast_head_json":{"title":"La inflaci\u00f3n fue del 13,2% en febrero, menor a la esperada, y lleg\u00f3 al 276,2% anual - Noticias Radio Reflejos","robots":{"index":"index","follow":"follow","max-snippet":"max-snippet:-1","max-image-preview":"max-image-preview:large","max-video-preview":"max-video-preview:-1"},"canonical":"https:\/\/www.noticiasradioreflejos.com.ar\/2021\/la-inflacion-fue-del-132-en-febrero-menor-a-la-esperada-y-llego-al-2762-anual\/","og_locale":"es_ES","og_type":"article","og_title":"La inflaci\u00f3n fue del 13,2% en febrero, menor a la esperada, y lleg\u00f3 al 276,2% anual - Noticias Radio Reflejos","og_description":"Las tarifas fueron las que m\u00e1s presionaron sobre el costo de vida, seg\u00fan el INDEC.","og_url":"https:\/\/www.noticiasradioreflejos.com.ar\/2021\/la-inflacion-fue-del-132-en-febrero-menor-a-la-esperada-y-llego-al-2762-anual\/","og_site_name":"Noticias Radio Reflejos","article_published_time":"2024-03-13T12:08:00+00:00","og_image":[{"width":960,"height":640,"url":"https:\/\/www.noticiasradioreflejos.com.ar\/2021\/wp-content\/uploads\/2024\/03\/Supermercado-inflacion.jpeg","type":"image\/jpeg"}],"author":"Arnaldo Botto","twitter_card":"summary_large_image","schema":{"@context":"https:\/\/schema.org","@graph":[{"@type":"WebPage","@id":"https:\/\/www.noticiasradioreflejos.com.ar\/2021\/la-inflacion-fue-del-132-en-febrero-menor-a-la-esperada-y-llego-al-2762-anual\/","url":"https:\/\/www.noticiasradioreflejos.com.ar\/2021\/la-inflacion-fue-del-132-en-febrero-menor-a-la-esperada-y-llego-al-2762-anual\/","name":"La inflaci\u00f3n fue del 13,2% en febrero, menor a la esperada, y lleg\u00f3 al 276,2% anual - Noticias Radio Reflejos","isPartOf":{"@id":"https:\/\/www.noticiasradioreflejos.com.ar\/2021\/#website"},"primaryImageOfPage":{"@id":"https:\/\/www.noticiasradioreflejos.com.ar\/2021\/la-inflacion-fue-del-132-en-febrero-menor-a-la-esperada-y-llego-al-2762-anual\/#primaryimage"},"image":{"@id":"https:\/\/www.noticiasradioreflejos.com.ar\/2021\/la-inflacion-fue-del-132-en-febrero-menor-a-la-esperada-y-llego-al-2762-anual\/#primaryimage"},"thumbnailUrl":"https:\/\/www.noticiasradioreflejos.com.ar\/2021\/wp-content\/uploads\/2024\/03\/Supermercado-inflacion.jpeg","datePublished":"2024-03-13T12:08:00+00:00","author":{"@id":"https:\/\/www.noticiasradioreflejos.com.ar\/2021\/#\/schema\/person\/ad82545263dcc5ec0996818884fd5fb1"},"breadcrumb":{"@id":"https:\/\/www.noticiasradioreflejos.com.ar\/2021\/la-inflacion-fue-del-132-en-febrero-menor-a-la-esperada-y-llego-al-2762-anual\/#breadcrumb"},"inLanguage":"es","potentialAction":[{"@type":"ReadAction","target":["https:\/\/www.noticiasradioreflejos.com.ar\/2021\/la-inflacion-fue-del-132-en-febrero-menor-a-la-esperada-y-llego-al-2762-anual\/"]}]},{"@type":"ImageObject","inLanguage":"es","@id":"https:\/\/www.noticiasradioreflejos.com.ar\/2021\/la-inflacion-fue-del-132-en-febrero-menor-a-la-esperada-y-llego-al-2762-anual\/#primaryimage","url":"https:\/\/www.noticiasradioreflejos.com.ar\/2021\/wp-content\/uploads\/2024\/03\/Supermercado-inflacion.jpeg","contentUrl":"https:\/\/www.noticiasradioreflejos.com.ar\/2021\/wp-content\/uploads\/2024\/03\/Supermercado-inflacion.jpeg","width":960,"height":640},{"@type":"BreadcrumbList","@id":"https:\/\/www.noticiasradioreflejos.com.ar\/2021\/la-inflacion-fue-del-132-en-febrero-menor-a-la-esperada-y-llego-al-2762-anual\/#breadcrumb","itemListElement":[{"@type":"ListItem","position":1,"name":"Portada","item":"https:\/\/www.noticiasradioreflejos.com.ar\/2021\/"},{"@type":"ListItem","position":2,"name":"La inflaci\u00f3n fue del 13,2% en febrero, menor a la esperada, y lleg\u00f3 al 276,2% anual"}]},{"@type":"WebSite","@id":"https:\/\/www.noticiasradioreflejos.com.ar\/2021\/#website","url":"https:\/\/www.noticiasradioreflejos.com.ar\/2021\/","name":"Noticias Radio Reflejos","description":"Las noticias de mi comarca","potentialAction":[{"@type":"SearchAction","target":{"@type":"EntryPoint","urlTemplate":"https:\/\/www.noticiasradioreflejos.com.ar\/2021\/?s={search_term_string}"},"query-input":{"@type":"PropertyValueSpecification","valueRequired":true,"valueName":"search_term_string"}}],"inLanguage":"es"},{"@type":"Person","@id":"https:\/\/www.noticiasradioreflejos.com.ar\/2021\/#\/schema\/person\/ad82545263dcc5ec0996818884fd5fb1","name":"Arnaldo Botto","image":{"@type":"ImageObject","inLanguage":"es","@id":"https:\/\/www.noticiasradioreflejos.com.ar\/2021\/#\/schema\/person\/image\/","url":"https:\/\/secure.gravatar.com\/avatar\/55cb5e37c1efa326397366e6974cb338056df65cb50e7d64d1cf314e87504837?s=96&d=mm&r=g","contentUrl":"https:\/\/secure.gravatar.com\/avatar\/55cb5e37c1efa326397366e6974cb338056df65cb50e7d64d1cf314e87504837?s=96&d=mm&r=g","caption":"Arnaldo Botto"},"url":"https:\/\/www.noticiasradioreflejos.com.ar\/2021\/author\/arnaldo\/"}]}},"_links":{"self":[{"href":"https:\/\/www.noticiasradioreflejos.com.ar\/2021\/wp-json\/wp\/v2\/posts\/100046","targetHints":{"allow":["GET"]}}],"collection":[{"href":"https:\/\/www.noticiasradioreflejos.com.ar\/2021\/wp-json\/wp\/v2\/posts"}],"about":[{"href":"https:\/\/www.noticiasradioreflejos.com.ar\/2021\/wp-json\/wp\/v2\/types\/post"}],"author":[{"embeddable":true,"href":"https:\/\/www.noticiasradioreflejos.com.ar\/2021\/wp-json\/wp\/v2\/users\/3"}],"replies":[{"embeddable":true,"href":"https:\/\/www.noticiasradioreflejos.com.ar\/2021\/wp-json\/wp\/v2\/comments?post=100046"}],"version-history":[{"count":1,"href":"https:\/\/www.noticiasradioreflejos.com.ar\/2021\/wp-json\/wp\/v2\/posts\/100046\/revisions"}],"predecessor-version":[{"id":100047,"href":"https:\/\/www.noticiasradioreflejos.com.ar\/2021\/wp-json\/wp\/v2\/posts\/100046\/revisions\/100047"}],"wp:featuredmedia":[{"embeddable":true,"href":"https:\/\/www.noticiasradioreflejos.com.ar\/2021\/wp-json\/wp\/v2\/media\/99590"}],"wp:attachment":[{"href":"https:\/\/www.noticiasradioreflejos.com.ar\/2021\/wp-json\/wp\/v2\/media?parent=100046"}],"wp:term":[{"taxonomy":"category","embeddable":true,"href":"https:\/\/www.noticiasradioreflejos.com.ar\/2021\/wp-json\/wp\/v2\/categories?post=100046"},{"taxonomy":"post_tag","embeddable":true,"href":"https:\/\/www.noticiasradioreflejos.com.ar\/2021\/wp-json\/wp\/v2\/tags?post=100046"}],"curies":[{"name":"wp","href":"https:\/\/api.w.org\/{rel}","templated":true}]}}