{"id":100037,"date":"2024-03-12T16:11:48","date_gmt":"2024-03-12T19:11:48","guid":{"rendered":"https:\/\/www.noticiasradioreflejos.com.ar\/2021\/?p=100037"},"modified":"2024-03-12T16:15:55","modified_gmt":"2024-03-12T19:15:55","slug":"sad-llamado-de-emergencia-para-especializacion-prof-en-enfermeria-en-cuidados-quirurgicos-anestesia-y-tratamiento-del-dolor","status":"publish","type":"post","link":"https:\/\/www.noticiasradioreflejos.com.ar\/2021\/sad-llamado-de-emergencia-para-especializacion-prof-en-enfermeria-en-cuidados-quirurgicos-anestesia-y-tratamiento-del-dolor\/","title":{"rendered":"SAD: Llamado de Emergencia para Especializaci\u00f3n Prof. en Enfermer\u00eda en Cuidados Quir\u00fargicos, Anestesia y Tratamiento del Dolor"},"content":{"rendered":"<p>SAD Tornquist remite llamado a concurso para cubrir asignaturas en el ISFDyT N\u00b0162 \u2013 CICLO 2024,correspondiente a la Carrera DE POST\u00cdTULO PARA T\u00c9CNICOS Y LICENCIADOS EN ENFERMER\u00cdA:<br \/>\nESPECIALIZACI\u00d3N PROFESIONAL EN ENFERMER\u00cdA EN CUIDADOS QUIR\u00daRGICOS, ANESTESIA Y TRATAMIENTO DEL DOLOR (Res. 4217\/23).<\/p>\n<p>CRONOGRAMA (seg\u00fan pautas establecidas en la Res. 1161\/20)<\/p>\n<p>&#8211; DIFUSION E INSCRIPCION: 12\/3\/24 \u2013 19\/3\/24<br \/>\n&#8211; Recusaci\u00f3n\/excusaci\u00f3n: desde 20\/3\/24<br \/>\n&#8211; Notificaci\u00f3n de aspirantes que no re\u00fanen las condiciones (tentativo, seg\u00fan fecha de respuesta<br \/>\ndel Tribunal 21\/3\/24<br \/>\n&#8211; Fecha de entrevista: a confirmar. La misma ser\u00e1 en horario de 18 a 22 hs y se avisar\u00e1 a los<br \/>\npostulantes con 72 hs o m\u00e1s de antelaci\u00f3n. Modalidad de entrevista: PRESENCIAL<\/p>\n<p>Los siguientes llamados a concursos corresponden a la siguiente normativa de cobertura de c\u00e1tedras para Educaci\u00f3n Superior: Res. 5886\/03; Res. 1161\/20 y la Disp. 30\/05. Para cada asignatura se deber\u00e1 adem\u00e1s tomar las indicaciones del Dise\u00f1o Curricular en cuesti\u00f3n (corresponde al n\u00famero de resoluci\u00f3n de cada carrera y se pueden descargar de Internet o solicitar en el Instituto).<\/p>\n<p>COMISI\u00d3N EVALUADORA<\/p>\n<p>&#8211; Prof. Andrea Long \u2013 Prof. Guillermo Di Notolo (Directivos del ISFDyT 162)<br \/>\n&#8211; Prof. Alberto Tombesi \u2013 Prof. Karina Artin (Docentes del Instituto)<br \/>\n&#8211; Profesional de la salud a confirmar<\/p>\n<p>CONSULTAS:<\/p>\n<p>Presencial: DE LUNES A VIERNES, 18.30 a 21 hs<br \/>\nDirecci\u00f3n y mail: ISFDyTN\u00b0162, Av. E. Tornquist 319, Tornquist; isfd162concursos@gmail.com<\/p>\n<p>INSCRIPCION UNICAMENTE PRESENCIAL:<br \/>\nISFDyTN\u00b0162, Av. E. Tornquist 319, SEDE TORNQUIST. Horario: 18.30 a 21 hs<\/p>\n<p>ACLARACIONES Y PAUTAS OBLIGATORIAS PARA LA INSCRIPCION:<br \/>\nGenerales: curr\u00edculum vitae, propuesta y entrevista, se evaluar\u00e1n obligatoriamente seg\u00fan las grillas de la resoluci\u00f3n 5886\/03. Especialmente para la propuesta y la entrevista, el postulante deber\u00e1 tener en cuenta que las mismas reflejen los \u00edtems incluidos en las grillas mencionadas.<\/p>\n<p>Presentaci\u00f3n de la Propuesta pedag\u00f3gica:<br \/>\n&#8211; Se entrega en sobre papel madera CERRADO, donde deber\u00e1 colocarse por fuera del mismo: Nombre del postulante, DNI, Asignatura, Carrera y A\u00f1o para la que se postula.<br \/>\n&#8211; Se sugiere realizar la propuesta seg\u00fan el formato sugerido en la disposici\u00f3n 30\/05 (solicitar en ISFDyT N\u00b0162)<br \/>\n&#8211; Es obligatorio que la propuesta siga los lineamientos del Dise\u00f1o Curricular (Resoluci\u00f3n) de la carrera para la que se postula (se aclara en cada carrera).<\/p>\n<p>Presentaci\u00f3n del Curr\u00edculum vitae:<\/p>\n<p>&#8211; Se entrega en sobre papel madera ABIERTO, donde deber\u00e1 colocarse por fuera del mismo:<br \/>\nNombre del postulante, DNI, Asignatura, Carrera y A\u00f1o para la que se postula.<br \/>\n&#8211; \u00danicamente se acepta CV en formato del Anexo III de la res. 5886\/03. En papel.<br \/>\n&#8211; Solo se aceptar\u00e1n CV acompa\u00f1ados de certificaciones en formato de fotocopias autenticadas<br \/>\n(este tr\u00e1mite se realiza en cualquier instituci\u00f3n educativa). No olvidar presentar: fotocopias del<br \/>\nDNI, T\u00edtulo, Certificaci\u00f3n de servicios, \u00faltimas dos calificaciones del nivel superior si las tuviera y<br \/>\nConstancias de cursos.<\/p>\n<p>COMISI\u00d3N EVALUADORA<br \/>\n\u00b7 Prof. Andrea Long \u2013 Prof. Guillermo Di Notolo (Directivos del ISFDyT 162)<\/p>\n<p>\u00b7 Prof. Alberto Tombesi \u2013 Prof. Karina Artin (Docentes del Instituto)<\/p>\n<p>\u00b7 Profesional de la salud a confirmar<\/p>\n<p>CONSULTAS:<br \/>\nPresencial: DE LUNES A VIERNES, 18.30 a 21 hs<\/p>\n<p>Direcci\u00f3n y mail: ISFDyTN\u00b0162, Av. E. Tornquist 319, Tornquist; isfd162concursos@gmail.com<\/p>\n<p>INSCRIPCI\u00d3N \u00daNICAMENTE PRESENCIAL:<br \/>\nISFDyTN\u00b0162, Av. E. Tornquist 319, SEDE TORNQUIST. Horario: 18.30 a 21 hs<\/p>\n<p style=\"margin: 12px auto 6px auto; font-family: Helvetica,Arial,Sans-serif; font-style: normal; font-variant: normal; font-weight: normal; font-size: 14px; line-height: normal; font-size-adjust: none; font-stretch: normal; -x-system-font: none; display: block;\">\n<p><iframe loading=\"lazy\" id=\"doc_63740\" class=\"scribd_iframe_embed\" title=\"Certificaci\u00f3n Enfermer\u00eca Anestesia\" src=\"https:\/\/es.scribd.com\/embeds\/712828008\/content?start_page=1&amp;view_mode=scroll&amp;access_key=key-CDwd5HWVFXOZ9r0Tygt5\" width=\"600\" height=\"800\" frameborder=\"0\" scrolling=\"no\" data-auto-height=\"false\" data-aspect-ratio=\"0.7729220222793488\"><\/iframe><\/p>\n","protected":false},"excerpt":{"rendered":"<p>SAD Tornquist remite llamado a concurso para cubrir asignaturas en el ISFDyT N\u00b0162 \u2013 CICLO 2024,correspondiente a la Carrera DE POST\u00cdTULO PARA T\u00c9CNICOS Y LICENCIADOS EN ENFERMER\u00cdA: ESPECIALIZACI\u00d3N PROFESIONAL EN ENFERMER\u00cdA EN CUIDADOS QUIR\u00daRGICOS, ANESTESIA Y TRATAMIENTO DEL DOLOR (Res. 4217\/23). CRONOGRAMA (seg\u00fan pautas establecidas en la Res. 1161\/20) &#8211; DIFUSION E INSCRIPCION: 12\/3\/24 \u2013 [&hellip;]<\/p>\n","protected":false},"author":3,"featured_media":50776,"comment_status":"closed","ping_status":"closed","sticky":false,"template":"","format":"standard","meta":{"footnotes":""},"categories":[37,34],"tags":[],"class_list":["post-100037","post","type-post","status-publish","format-standard","has-post-thumbnail","hentry","category-clasificados","category-educacion"],"yoast_head":"<!-- This site is optimized with the Yoast SEO plugin v25.9 - https:\/\/yoast.com\/wordpress\/plugins\/seo\/ -->\n<title>SAD: Llamado de Emergencia para Especializaci\u00f3n Prof. en Enfermer\u00eda en Cuidados Quir\u00fargicos, Anestesia y Tratamiento del Dolor - Noticias Radio Reflejos<\/title>\n<meta name=\"robots\" content=\"index, follow, max-snippet:-1, max-image-preview:large, max-video-preview:-1\" \/>\n<link rel=\"canonical\" href=\"https:\/\/www.noticiasradioreflejos.com.ar\/2021\/sad-llamado-de-emergencia-para-especializacion-prof-en-enfermeria-en-cuidados-quirurgicos-anestesia-y-tratamiento-del-dolor\/\" \/>\n<meta property=\"og:locale\" content=\"es_ES\" \/>\n<meta property=\"og:type\" content=\"article\" \/>\n<meta property=\"og:title\" content=\"SAD: Llamado de Emergencia para Especializaci\u00f3n Prof. en Enfermer\u00eda en Cuidados Quir\u00fargicos, Anestesia y Tratamiento del Dolor - Noticias Radio Reflejos\" \/>\n<meta property=\"og:description\" content=\"SAD Tornquist remite llamado a concurso para cubrir asignaturas en el ISFDyT N\u00b0162 \u2013 CICLO 2024,correspondiente a la Carrera DE POST\u00cdTULO PARA T\u00c9CNICOS Y LICENCIADOS EN ENFERMER\u00cdA: ESPECIALIZACI\u00d3N PROFESIONAL EN ENFERMER\u00cdA EN CUIDADOS QUIR\u00daRGICOS, ANESTESIA Y TRATAMIENTO DEL DOLOR (Res. 4217\/23). CRONOGRAMA (seg\u00fan pautas establecidas en la Res. 1161\/20) &#8211; DIFUSION E INSCRIPCION: 12\/3\/24 \u2013 [&hellip;]\" \/>\n<meta property=\"og:url\" content=\"https:\/\/www.noticiasradioreflejos.com.ar\/2021\/sad-llamado-de-emergencia-para-especializacion-prof-en-enfermeria-en-cuidados-quirurgicos-anestesia-y-tratamiento-del-dolor\/\" \/>\n<meta property=\"og:site_name\" content=\"Noticias Radio Reflejos\" \/>\n<meta property=\"article:published_time\" content=\"2024-03-12T19:11:48+00:00\" \/>\n<meta property=\"article:modified_time\" content=\"2024-03-12T19:15:55+00:00\" \/>\n<meta property=\"og:image\" content=\"https:\/\/www.noticiasradioreflejos.com.ar\/2021\/wp-content\/uploads\/2020\/12\/SAD.jpg\" \/>\n\t<meta property=\"og:image:width\" content=\"506\" \/>\n\t<meta property=\"og:image:height\" content=\"330\" \/>\n\t<meta property=\"og:image:type\" content=\"image\/jpeg\" \/>\n<meta name=\"author\" content=\"Arnaldo Botto\" \/>\n<meta name=\"twitter:card\" content=\"summary_large_image\" \/>\n<script type=\"application\/ld+json\" class=\"yoast-schema-graph\">{\"@context\":\"https:\/\/schema.org\",\"@graph\":[{\"@type\":\"WebPage\",\"@id\":\"https:\/\/www.noticiasradioreflejos.com.ar\/2021\/sad-llamado-de-emergencia-para-especializacion-prof-en-enfermeria-en-cuidados-quirurgicos-anestesia-y-tratamiento-del-dolor\/\",\"url\":\"https:\/\/www.noticiasradioreflejos.com.ar\/2021\/sad-llamado-de-emergencia-para-especializacion-prof-en-enfermeria-en-cuidados-quirurgicos-anestesia-y-tratamiento-del-dolor\/\",\"name\":\"SAD: Llamado de Emergencia para Especializaci\u00f3n Prof. en Enfermer\u00eda en Cuidados Quir\u00fargicos, Anestesia y Tratamiento del Dolor - Noticias Radio Reflejos\",\"isPartOf\":{\"@id\":\"https:\/\/www.noticiasradioreflejos.com.ar\/2021\/#website\"},\"primaryImageOfPage\":{\"@id\":\"https:\/\/www.noticiasradioreflejos.com.ar\/2021\/sad-llamado-de-emergencia-para-especializacion-prof-en-enfermeria-en-cuidados-quirurgicos-anestesia-y-tratamiento-del-dolor\/#primaryimage\"},\"image\":{\"@id\":\"https:\/\/www.noticiasradioreflejos.com.ar\/2021\/sad-llamado-de-emergencia-para-especializacion-prof-en-enfermeria-en-cuidados-quirurgicos-anestesia-y-tratamiento-del-dolor\/#primaryimage\"},\"thumbnailUrl\":\"https:\/\/www.noticiasradioreflejos.com.ar\/2021\/wp-content\/uploads\/2020\/12\/SAD.jpg\",\"datePublished\":\"2024-03-12T19:11:48+00:00\",\"dateModified\":\"2024-03-12T19:15:55+00:00\",\"author\":{\"@id\":\"https:\/\/www.noticiasradioreflejos.com.ar\/2021\/#\/schema\/person\/ad82545263dcc5ec0996818884fd5fb1\"},\"breadcrumb\":{\"@id\":\"https:\/\/www.noticiasradioreflejos.com.ar\/2021\/sad-llamado-de-emergencia-para-especializacion-prof-en-enfermeria-en-cuidados-quirurgicos-anestesia-y-tratamiento-del-dolor\/#breadcrumb\"},\"inLanguage\":\"es\",\"potentialAction\":[{\"@type\":\"ReadAction\",\"target\":[\"https:\/\/www.noticiasradioreflejos.com.ar\/2021\/sad-llamado-de-emergencia-para-especializacion-prof-en-enfermeria-en-cuidados-quirurgicos-anestesia-y-tratamiento-del-dolor\/\"]}]},{\"@type\":\"ImageObject\",\"inLanguage\":\"es\",\"@id\":\"https:\/\/www.noticiasradioreflejos.com.ar\/2021\/sad-llamado-de-emergencia-para-especializacion-prof-en-enfermeria-en-cuidados-quirurgicos-anestesia-y-tratamiento-del-dolor\/#primaryimage\",\"url\":\"https:\/\/www.noticiasradioreflejos.com.ar\/2021\/wp-content\/uploads\/2020\/12\/SAD.jpg\",\"contentUrl\":\"https:\/\/www.noticiasradioreflejos.com.ar\/2021\/wp-content\/uploads\/2020\/12\/SAD.jpg\",\"width\":506,\"height\":330},{\"@type\":\"BreadcrumbList\",\"@id\":\"https:\/\/www.noticiasradioreflejos.com.ar\/2021\/sad-llamado-de-emergencia-para-especializacion-prof-en-enfermeria-en-cuidados-quirurgicos-anestesia-y-tratamiento-del-dolor\/#breadcrumb\",\"itemListElement\":[{\"@type\":\"ListItem\",\"position\":1,\"name\":\"Portada\",\"item\":\"https:\/\/www.noticiasradioreflejos.com.ar\/2021\/\"},{\"@type\":\"ListItem\",\"position\":2,\"name\":\"SAD: Llamado de Emergencia para Especializaci\u00f3n Prof. en Enfermer\u00eda en Cuidados Quir\u00fargicos, Anestesia y Tratamiento del Dolor\"}]},{\"@type\":\"WebSite\",\"@id\":\"https:\/\/www.noticiasradioreflejos.com.ar\/2021\/#website\",\"url\":\"https:\/\/www.noticiasradioreflejos.com.ar\/2021\/\",\"name\":\"Noticias Radio Reflejos\",\"description\":\"Las noticias de mi comarca\",\"potentialAction\":[{\"@type\":\"SearchAction\",\"target\":{\"@type\":\"EntryPoint\",\"urlTemplate\":\"https:\/\/www.noticiasradioreflejos.com.ar\/2021\/?s={search_term_string}\"},\"query-input\":{\"@type\":\"PropertyValueSpecification\",\"valueRequired\":true,\"valueName\":\"search_term_string\"}}],\"inLanguage\":\"es\"},{\"@type\":\"Person\",\"@id\":\"https:\/\/www.noticiasradioreflejos.com.ar\/2021\/#\/schema\/person\/ad82545263dcc5ec0996818884fd5fb1\",\"name\":\"Arnaldo Botto\",\"image\":{\"@type\":\"ImageObject\",\"inLanguage\":\"es\",\"@id\":\"https:\/\/www.noticiasradioreflejos.com.ar\/2021\/#\/schema\/person\/image\/\",\"url\":\"https:\/\/secure.gravatar.com\/avatar\/55cb5e37c1efa326397366e6974cb338056df65cb50e7d64d1cf314e87504837?s=96&d=mm&r=g\",\"contentUrl\":\"https:\/\/secure.gravatar.com\/avatar\/55cb5e37c1efa326397366e6974cb338056df65cb50e7d64d1cf314e87504837?s=96&d=mm&r=g\",\"caption\":\"Arnaldo Botto\"},\"url\":\"https:\/\/www.noticiasradioreflejos.com.ar\/2021\/author\/arnaldo\/\"}]}<\/script>\n<!-- \/ Yoast SEO plugin. -->","yoast_head_json":{"title":"SAD: Llamado de Emergencia para Especializaci\u00f3n Prof. en Enfermer\u00eda en Cuidados Quir\u00fargicos, Anestesia y Tratamiento del Dolor - Noticias Radio Reflejos","robots":{"index":"index","follow":"follow","max-snippet":"max-snippet:-1","max-image-preview":"max-image-preview:large","max-video-preview":"max-video-preview:-1"},"canonical":"https:\/\/www.noticiasradioreflejos.com.ar\/2021\/sad-llamado-de-emergencia-para-especializacion-prof-en-enfermeria-en-cuidados-quirurgicos-anestesia-y-tratamiento-del-dolor\/","og_locale":"es_ES","og_type":"article","og_title":"SAD: Llamado de Emergencia para Especializaci\u00f3n Prof. en Enfermer\u00eda en Cuidados Quir\u00fargicos, Anestesia y Tratamiento del Dolor - Noticias Radio Reflejos","og_description":"SAD Tornquist remite llamado a concurso para cubrir asignaturas en el ISFDyT N\u00b0162 \u2013 CICLO 2024,correspondiente a la Carrera DE POST\u00cdTULO PARA T\u00c9CNICOS Y LICENCIADOS EN ENFERMER\u00cdA: ESPECIALIZACI\u00d3N PROFESIONAL EN ENFERMER\u00cdA EN CUIDADOS QUIR\u00daRGICOS, ANESTESIA Y TRATAMIENTO DEL DOLOR (Res. 4217\/23). CRONOGRAMA (seg\u00fan pautas establecidas en la Res. 1161\/20) &#8211; DIFUSION E INSCRIPCION: 12\/3\/24 \u2013 [&hellip;]","og_url":"https:\/\/www.noticiasradioreflejos.com.ar\/2021\/sad-llamado-de-emergencia-para-especializacion-prof-en-enfermeria-en-cuidados-quirurgicos-anestesia-y-tratamiento-del-dolor\/","og_site_name":"Noticias Radio Reflejos","article_published_time":"2024-03-12T19:11:48+00:00","article_modified_time":"2024-03-12T19:15:55+00:00","og_image":[{"width":506,"height":330,"url":"https:\/\/www.noticiasradioreflejos.com.ar\/2021\/wp-content\/uploads\/2020\/12\/SAD.jpg","type":"image\/jpeg"}],"author":"Arnaldo Botto","twitter_card":"summary_large_image","schema":{"@context":"https:\/\/schema.org","@graph":[{"@type":"WebPage","@id":"https:\/\/www.noticiasradioreflejos.com.ar\/2021\/sad-llamado-de-emergencia-para-especializacion-prof-en-enfermeria-en-cuidados-quirurgicos-anestesia-y-tratamiento-del-dolor\/","url":"https:\/\/www.noticiasradioreflejos.com.ar\/2021\/sad-llamado-de-emergencia-para-especializacion-prof-en-enfermeria-en-cuidados-quirurgicos-anestesia-y-tratamiento-del-dolor\/","name":"SAD: Llamado de Emergencia para Especializaci\u00f3n Prof. en Enfermer\u00eda en Cuidados Quir\u00fargicos, Anestesia y Tratamiento del Dolor - Noticias Radio Reflejos","isPartOf":{"@id":"https:\/\/www.noticiasradioreflejos.com.ar\/2021\/#website"},"primaryImageOfPage":{"@id":"https:\/\/www.noticiasradioreflejos.com.ar\/2021\/sad-llamado-de-emergencia-para-especializacion-prof-en-enfermeria-en-cuidados-quirurgicos-anestesia-y-tratamiento-del-dolor\/#primaryimage"},"image":{"@id":"https:\/\/www.noticiasradioreflejos.com.ar\/2021\/sad-llamado-de-emergencia-para-especializacion-prof-en-enfermeria-en-cuidados-quirurgicos-anestesia-y-tratamiento-del-dolor\/#primaryimage"},"thumbnailUrl":"https:\/\/www.noticiasradioreflejos.com.ar\/2021\/wp-content\/uploads\/2020\/12\/SAD.jpg","datePublished":"2024-03-12T19:11:48+00:00","dateModified":"2024-03-12T19:15:55+00:00","author":{"@id":"https:\/\/www.noticiasradioreflejos.com.ar\/2021\/#\/schema\/person\/ad82545263dcc5ec0996818884fd5fb1"},"breadcrumb":{"@id":"https:\/\/www.noticiasradioreflejos.com.ar\/2021\/sad-llamado-de-emergencia-para-especializacion-prof-en-enfermeria-en-cuidados-quirurgicos-anestesia-y-tratamiento-del-dolor\/#breadcrumb"},"inLanguage":"es","potentialAction":[{"@type":"ReadAction","target":["https:\/\/www.noticiasradioreflejos.com.ar\/2021\/sad-llamado-de-emergencia-para-especializacion-prof-en-enfermeria-en-cuidados-quirurgicos-anestesia-y-tratamiento-del-dolor\/"]}]},{"@type":"ImageObject","inLanguage":"es","@id":"https:\/\/www.noticiasradioreflejos.com.ar\/2021\/sad-llamado-de-emergencia-para-especializacion-prof-en-enfermeria-en-cuidados-quirurgicos-anestesia-y-tratamiento-del-dolor\/#primaryimage","url":"https:\/\/www.noticiasradioreflejos.com.ar\/2021\/wp-content\/uploads\/2020\/12\/SAD.jpg","contentUrl":"https:\/\/www.noticiasradioreflejos.com.ar\/2021\/wp-content\/uploads\/2020\/12\/SAD.jpg","width":506,"height":330},{"@type":"BreadcrumbList","@id":"https:\/\/www.noticiasradioreflejos.com.ar\/2021\/sad-llamado-de-emergencia-para-especializacion-prof-en-enfermeria-en-cuidados-quirurgicos-anestesia-y-tratamiento-del-dolor\/#breadcrumb","itemListElement":[{"@type":"ListItem","position":1,"name":"Portada","item":"https:\/\/www.noticiasradioreflejos.com.ar\/2021\/"},{"@type":"ListItem","position":2,"name":"SAD: Llamado de Emergencia para Especializaci\u00f3n Prof. en Enfermer\u00eda en Cuidados Quir\u00fargicos, Anestesia y Tratamiento del Dolor"}]},{"@type":"WebSite","@id":"https:\/\/www.noticiasradioreflejos.com.ar\/2021\/#website","url":"https:\/\/www.noticiasradioreflejos.com.ar\/2021\/","name":"Noticias Radio Reflejos","description":"Las noticias de mi comarca","potentialAction":[{"@type":"SearchAction","target":{"@type":"EntryPoint","urlTemplate":"https:\/\/www.noticiasradioreflejos.com.ar\/2021\/?s={search_term_string}"},"query-input":{"@type":"PropertyValueSpecification","valueRequired":true,"valueName":"search_term_string"}}],"inLanguage":"es"},{"@type":"Person","@id":"https:\/\/www.noticiasradioreflejos.com.ar\/2021\/#\/schema\/person\/ad82545263dcc5ec0996818884fd5fb1","name":"Arnaldo Botto","image":{"@type":"ImageObject","inLanguage":"es","@id":"https:\/\/www.noticiasradioreflejos.com.ar\/2021\/#\/schema\/person\/image\/","url":"https:\/\/secure.gravatar.com\/avatar\/55cb5e37c1efa326397366e6974cb338056df65cb50e7d64d1cf314e87504837?s=96&d=mm&r=g","contentUrl":"https:\/\/secure.gravatar.com\/avatar\/55cb5e37c1efa326397366e6974cb338056df65cb50e7d64d1cf314e87504837?s=96&d=mm&r=g","caption":"Arnaldo Botto"},"url":"https:\/\/www.noticiasradioreflejos.com.ar\/2021\/author\/arnaldo\/"}]}},"_links":{"self":[{"href":"https:\/\/www.noticiasradioreflejos.com.ar\/2021\/wp-json\/wp\/v2\/posts\/100037","targetHints":{"allow":["GET"]}}],"collection":[{"href":"https:\/\/www.noticiasradioreflejos.com.ar\/2021\/wp-json\/wp\/v2\/posts"}],"about":[{"href":"https:\/\/www.noticiasradioreflejos.com.ar\/2021\/wp-json\/wp\/v2\/types\/post"}],"author":[{"embeddable":true,"href":"https:\/\/www.noticiasradioreflejos.com.ar\/2021\/wp-json\/wp\/v2\/users\/3"}],"replies":[{"embeddable":true,"href":"https:\/\/www.noticiasradioreflejos.com.ar\/2021\/wp-json\/wp\/v2\/comments?post=100037"}],"version-history":[{"count":3,"href":"https:\/\/www.noticiasradioreflejos.com.ar\/2021\/wp-json\/wp\/v2\/posts\/100037\/revisions"}],"predecessor-version":[{"id":100042,"href":"https:\/\/www.noticiasradioreflejos.com.ar\/2021\/wp-json\/wp\/v2\/posts\/100037\/revisions\/100042"}],"wp:featuredmedia":[{"embeddable":true,"href":"https:\/\/www.noticiasradioreflejos.com.ar\/2021\/wp-json\/wp\/v2\/media\/50776"}],"wp:attachment":[{"href":"https:\/\/www.noticiasradioreflejos.com.ar\/2021\/wp-json\/wp\/v2\/media?parent=100037"}],"wp:term":[{"taxonomy":"category","embeddable":true,"href":"https:\/\/www.noticiasradioreflejos.com.ar\/2021\/wp-json\/wp\/v2\/categories?post=100037"},{"taxonomy":"post_tag","embeddable":true,"href":"https:\/\/www.noticiasradioreflejos.com.ar\/2021\/wp-json\/wp\/v2\/tags?post=100037"}],"curies":[{"name":"wp","href":"https:\/\/api.w.org\/{rel}","templated":true}]}}