{"id":100026,"date":"2024-03-12T15:17:20","date_gmt":"2024-03-12T18:17:20","guid":{"rendered":"https:\/\/www.noticiasradioreflejos.com.ar\/2021\/?p=100026"},"modified":"2024-03-12T15:22:05","modified_gmt":"2024-03-12T18:22:05","slug":"es-muy-extrano-como-usa-se-contradice-con-el-tema-ovnis","status":"publish","type":"post","link":"https:\/\/www.noticiasradioreflejos.com.ar\/2021\/es-muy-extrano-como-usa-se-contradice-con-el-tema-ovnis\/","title":{"rendered":"\u201cEs muy extra\u00f1o como USA se contradice con el tema ovnis\u201d"},"content":{"rendered":"<p>Marcelo Metayer, periodista e investigador de ufolog\u00eda, no le encuentra explicaci\u00f3n a estas idas y vuelta que genera Estados Unidos respecto al tema.<!--more--><\/p>\n<p>Hace pocos meses los Estados Unidos fueron noticia al comentar abiertamente que ten\u00edan registros en los cielos que no pod\u00edan explicar. Pero hace pocas horas se desdijeron y aseguraron que todo es explicable.<\/p>\n<p>Sobre esto el investigador argentino y periodista Marcelo Metayer afirm\u00f3 que \u201cel comit\u00e9 que estudia los fen\u00f3menos a\u00e9reos lleg\u00f3 a la conclusi\u00f3n de que ninguno de los informes permite suponer que no hay tecnolog\u00eda que no sea terrestre. Hay informes con documentaci\u00f3n incompleta, aunque si se completara, no encontrar\u00edan algo extra\u00f1o. Descartan con eso origen an\u00f3malo de los informes recabados\u201d.<\/p>\n<p>Y dando una conclusi\u00f3n a este tema coment\u00f3 que \u201cda la impresi\u00f3n de que se quiere buscar de forma voluntaria la confusi\u00f3n en la gente, con declaraciones que se contradicen, que produce un efecto extra\u00f1o en la opini\u00f3n p\u00fablica\u201d.<\/p>\n<p>En otro pasaje de la charla referenci\u00f3 que \u201csiempre se dijo desde la ufolog\u00eda que la mayor\u00eda de las cosas pueden explicarse y es sumamente l\u00f3gico, pero de esa gran mara\u00f1a hay un porcentaje que no se puede explicar. Ahora que salga ese comit\u00e9 y diga que todo se puede explicar es un tema\u2026 que est\u00e1 en l\u00ednea con investigadores que tiran abajo cualquier caso\u201d.<\/p>\n<p>Por \u00faltimo y apuntando a nuestro territorio, cont\u00f3 que \u201cel caso m\u00e1s conocido es el de Bariloche, cuando en el 1995 un OVNI se le cruz\u00f3 sobre el Nahuel Huapi. Tras eso se volc\u00f3 a investigar los casos. Por ejemplo en 1985 apareci\u00f3 uno en Buenos Aires que luego dijeron que era un globo\u201d.<\/p>\n<p>&nbsp;<\/p>\n<p><iframe loading=\"lazy\" src=\"https:\/\/w.soundcloud.com\/player\/?url=https%3A\/\/api.soundcloud.com\/tracks\/1772588808&amp;color=%23ff5500&amp;auto_play=false&amp;hide_related=false&amp;show_comments=true&amp;show_user=true&amp;show_reposts=false&amp;show_teaser=true\" width=\"100%\" height=\"166\" frameborder=\"no\" scrolling=\"no\"><\/iframe><\/p>\n<div style=\"font-size: 10px; color: #cccccc; line-break: anywhere; word-break: normal; overflow: hidden; white-space: nowrap; text-overflow: ellipsis; font-family: Interstate,Lucida Grande,Lucida Sans Unicode,Lucida Sans,Garuda,Verdana,Tahoma,sans-serif; font-weight: 100;\"><a style=\"color: #cccccc; text-decoration: none;\" title=\"fmreflejos 103.7\" href=\"https:\/\/soundcloud.com\/fmreflejos-103-7\" target=\"_blank\" rel=\"noopener\">fmreflejos 103.7<\/a> \u00b7 <a style=\"color: #cccccc; text-decoration: none;\" title=\"Marcelo Metayer 12 - 03\" href=\"https:\/\/soundcloud.com\/fmreflejos-103-7\/marcelo-metayer-12-03\" target=\"_blank\" rel=\"noopener\">Marcelo Metayer 12 &#8211; 03<\/a><\/div>\n<p>&nbsp;<\/p>\n<p>&nbsp;<\/p>\n","protected":false},"excerpt":{"rendered":"<p>Marcelo Metayer, periodista e investigador de ufolog\u00eda, no le encuentra explicaci\u00f3n a estas idas y vuelta que genera Estados Unidos respecto al tema.<\/p>\n","protected":false},"author":3,"featured_media":100033,"comment_status":"closed","ping_status":"closed","sticky":false,"template":"","format":"standard","meta":{"footnotes":""},"categories":[46],"tags":[48],"class_list":["post-100026","post","type-post","status-publish","format-standard","has-post-thumbnail","hentry","category-ciencia-y-tecnologia","tag-destacada"],"yoast_head":"<!-- This site is optimized with the Yoast SEO plugin v25.9 - https:\/\/yoast.com\/wordpress\/plugins\/seo\/ -->\n<title>\u201cEs muy extra\u00f1o como USA se contradice con el tema ovnis\u201d - Noticias Radio Reflejos<\/title>\n<meta name=\"robots\" content=\"index, follow, max-snippet:-1, max-image-preview:large, max-video-preview:-1\" \/>\n<link rel=\"canonical\" href=\"https:\/\/www.noticiasradioreflejos.com.ar\/2021\/es-muy-extrano-como-usa-se-contradice-con-el-tema-ovnis\/\" \/>\n<meta property=\"og:locale\" content=\"es_ES\" \/>\n<meta property=\"og:type\" content=\"article\" \/>\n<meta property=\"og:title\" content=\"\u201cEs muy extra\u00f1o como USA se contradice con el tema ovnis\u201d - Noticias Radio Reflejos\" \/>\n<meta property=\"og:description\" content=\"Marcelo Metayer, periodista e investigador de ufolog\u00eda, no le encuentra explicaci\u00f3n a estas idas y vuelta que genera Estados Unidos respecto al tema.\" \/>\n<meta property=\"og:url\" content=\"https:\/\/www.noticiasradioreflejos.com.ar\/2021\/es-muy-extrano-como-usa-se-contradice-con-el-tema-ovnis\/\" \/>\n<meta property=\"og:site_name\" content=\"Noticias Radio Reflejos\" \/>\n<meta property=\"article:published_time\" content=\"2024-03-12T18:17:20+00:00\" \/>\n<meta property=\"article:modified_time\" content=\"2024-03-12T18:22:05+00:00\" \/>\n<meta property=\"og:image\" content=\"https:\/\/www.noticiasradioreflejos.com.ar\/2021\/wp-content\/uploads\/2024\/03\/Marcelo-Metaier.jpeg\" \/>\n\t<meta property=\"og:image:width\" content=\"1280\" \/>\n\t<meta property=\"og:image:height\" content=\"941\" \/>\n\t<meta property=\"og:image:type\" content=\"image\/jpeg\" \/>\n<meta name=\"author\" content=\"Arnaldo Botto\" \/>\n<meta name=\"twitter:card\" content=\"summary_large_image\" \/>\n<script type=\"application\/ld+json\" class=\"yoast-schema-graph\">{\"@context\":\"https:\/\/schema.org\",\"@graph\":[{\"@type\":\"WebPage\",\"@id\":\"https:\/\/www.noticiasradioreflejos.com.ar\/2021\/es-muy-extrano-como-usa-se-contradice-con-el-tema-ovnis\/\",\"url\":\"https:\/\/www.noticiasradioreflejos.com.ar\/2021\/es-muy-extrano-como-usa-se-contradice-con-el-tema-ovnis\/\",\"name\":\"\u201cEs muy extra\u00f1o como USA se contradice con el tema ovnis\u201d - Noticias Radio Reflejos\",\"isPartOf\":{\"@id\":\"https:\/\/www.noticiasradioreflejos.com.ar\/2021\/#website\"},\"primaryImageOfPage\":{\"@id\":\"https:\/\/www.noticiasradioreflejos.com.ar\/2021\/es-muy-extrano-como-usa-se-contradice-con-el-tema-ovnis\/#primaryimage\"},\"image\":{\"@id\":\"https:\/\/www.noticiasradioreflejos.com.ar\/2021\/es-muy-extrano-como-usa-se-contradice-con-el-tema-ovnis\/#primaryimage\"},\"thumbnailUrl\":\"https:\/\/www.noticiasradioreflejos.com.ar\/2021\/wp-content\/uploads\/2024\/03\/Marcelo-Metaier.jpeg\",\"datePublished\":\"2024-03-12T18:17:20+00:00\",\"dateModified\":\"2024-03-12T18:22:05+00:00\",\"author\":{\"@id\":\"https:\/\/www.noticiasradioreflejos.com.ar\/2021\/#\/schema\/person\/ad82545263dcc5ec0996818884fd5fb1\"},\"breadcrumb\":{\"@id\":\"https:\/\/www.noticiasradioreflejos.com.ar\/2021\/es-muy-extrano-como-usa-se-contradice-con-el-tema-ovnis\/#breadcrumb\"},\"inLanguage\":\"es\",\"potentialAction\":[{\"@type\":\"ReadAction\",\"target\":[\"https:\/\/www.noticiasradioreflejos.com.ar\/2021\/es-muy-extrano-como-usa-se-contradice-con-el-tema-ovnis\/\"]}]},{\"@type\":\"ImageObject\",\"inLanguage\":\"es\",\"@id\":\"https:\/\/www.noticiasradioreflejos.com.ar\/2021\/es-muy-extrano-como-usa-se-contradice-con-el-tema-ovnis\/#primaryimage\",\"url\":\"https:\/\/www.noticiasradioreflejos.com.ar\/2021\/wp-content\/uploads\/2024\/03\/Marcelo-Metaier.jpeg\",\"contentUrl\":\"https:\/\/www.noticiasradioreflejos.com.ar\/2021\/wp-content\/uploads\/2024\/03\/Marcelo-Metaier.jpeg\",\"width\":1280,\"height\":941},{\"@type\":\"BreadcrumbList\",\"@id\":\"https:\/\/www.noticiasradioreflejos.com.ar\/2021\/es-muy-extrano-como-usa-se-contradice-con-el-tema-ovnis\/#breadcrumb\",\"itemListElement\":[{\"@type\":\"ListItem\",\"position\":1,\"name\":\"Portada\",\"item\":\"https:\/\/www.noticiasradioreflejos.com.ar\/2021\/\"},{\"@type\":\"ListItem\",\"position\":2,\"name\":\"\u201cEs muy extra\u00f1o como USA se contradice con el tema ovnis\u201d\"}]},{\"@type\":\"WebSite\",\"@id\":\"https:\/\/www.noticiasradioreflejos.com.ar\/2021\/#website\",\"url\":\"https:\/\/www.noticiasradioreflejos.com.ar\/2021\/\",\"name\":\"Noticias Radio Reflejos\",\"description\":\"Las noticias de mi comarca\",\"potentialAction\":[{\"@type\":\"SearchAction\",\"target\":{\"@type\":\"EntryPoint\",\"urlTemplate\":\"https:\/\/www.noticiasradioreflejos.com.ar\/2021\/?s={search_term_string}\"},\"query-input\":{\"@type\":\"PropertyValueSpecification\",\"valueRequired\":true,\"valueName\":\"search_term_string\"}}],\"inLanguage\":\"es\"},{\"@type\":\"Person\",\"@id\":\"https:\/\/www.noticiasradioreflejos.com.ar\/2021\/#\/schema\/person\/ad82545263dcc5ec0996818884fd5fb1\",\"name\":\"Arnaldo Botto\",\"image\":{\"@type\":\"ImageObject\",\"inLanguage\":\"es\",\"@id\":\"https:\/\/www.noticiasradioreflejos.com.ar\/2021\/#\/schema\/person\/image\/\",\"url\":\"https:\/\/secure.gravatar.com\/avatar\/55cb5e37c1efa326397366e6974cb338056df65cb50e7d64d1cf314e87504837?s=96&d=mm&r=g\",\"contentUrl\":\"https:\/\/secure.gravatar.com\/avatar\/55cb5e37c1efa326397366e6974cb338056df65cb50e7d64d1cf314e87504837?s=96&d=mm&r=g\",\"caption\":\"Arnaldo Botto\"},\"url\":\"https:\/\/www.noticiasradioreflejos.com.ar\/2021\/author\/arnaldo\/\"}]}<\/script>\n<!-- \/ Yoast SEO plugin. -->","yoast_head_json":{"title":"\u201cEs muy extra\u00f1o como USA se contradice con el tema ovnis\u201d - Noticias Radio Reflejos","robots":{"index":"index","follow":"follow","max-snippet":"max-snippet:-1","max-image-preview":"max-image-preview:large","max-video-preview":"max-video-preview:-1"},"canonical":"https:\/\/www.noticiasradioreflejos.com.ar\/2021\/es-muy-extrano-como-usa-se-contradice-con-el-tema-ovnis\/","og_locale":"es_ES","og_type":"article","og_title":"\u201cEs muy extra\u00f1o como USA se contradice con el tema ovnis\u201d - Noticias Radio Reflejos","og_description":"Marcelo Metayer, periodista e investigador de ufolog\u00eda, no le encuentra explicaci\u00f3n a estas idas y vuelta que genera Estados Unidos respecto al tema.","og_url":"https:\/\/www.noticiasradioreflejos.com.ar\/2021\/es-muy-extrano-como-usa-se-contradice-con-el-tema-ovnis\/","og_site_name":"Noticias Radio Reflejos","article_published_time":"2024-03-12T18:17:20+00:00","article_modified_time":"2024-03-12T18:22:05+00:00","og_image":[{"width":1280,"height":941,"url":"https:\/\/www.noticiasradioreflejos.com.ar\/2021\/wp-content\/uploads\/2024\/03\/Marcelo-Metaier.jpeg","type":"image\/jpeg"}],"author":"Arnaldo Botto","twitter_card":"summary_large_image","schema":{"@context":"https:\/\/schema.org","@graph":[{"@type":"WebPage","@id":"https:\/\/www.noticiasradioreflejos.com.ar\/2021\/es-muy-extrano-como-usa-se-contradice-con-el-tema-ovnis\/","url":"https:\/\/www.noticiasradioreflejos.com.ar\/2021\/es-muy-extrano-como-usa-se-contradice-con-el-tema-ovnis\/","name":"\u201cEs muy extra\u00f1o como USA se contradice con el tema ovnis\u201d - Noticias Radio Reflejos","isPartOf":{"@id":"https:\/\/www.noticiasradioreflejos.com.ar\/2021\/#website"},"primaryImageOfPage":{"@id":"https:\/\/www.noticiasradioreflejos.com.ar\/2021\/es-muy-extrano-como-usa-se-contradice-con-el-tema-ovnis\/#primaryimage"},"image":{"@id":"https:\/\/www.noticiasradioreflejos.com.ar\/2021\/es-muy-extrano-como-usa-se-contradice-con-el-tema-ovnis\/#primaryimage"},"thumbnailUrl":"https:\/\/www.noticiasradioreflejos.com.ar\/2021\/wp-content\/uploads\/2024\/03\/Marcelo-Metaier.jpeg","datePublished":"2024-03-12T18:17:20+00:00","dateModified":"2024-03-12T18:22:05+00:00","author":{"@id":"https:\/\/www.noticiasradioreflejos.com.ar\/2021\/#\/schema\/person\/ad82545263dcc5ec0996818884fd5fb1"},"breadcrumb":{"@id":"https:\/\/www.noticiasradioreflejos.com.ar\/2021\/es-muy-extrano-como-usa-se-contradice-con-el-tema-ovnis\/#breadcrumb"},"inLanguage":"es","potentialAction":[{"@type":"ReadAction","target":["https:\/\/www.noticiasradioreflejos.com.ar\/2021\/es-muy-extrano-como-usa-se-contradice-con-el-tema-ovnis\/"]}]},{"@type":"ImageObject","inLanguage":"es","@id":"https:\/\/www.noticiasradioreflejos.com.ar\/2021\/es-muy-extrano-como-usa-se-contradice-con-el-tema-ovnis\/#primaryimage","url":"https:\/\/www.noticiasradioreflejos.com.ar\/2021\/wp-content\/uploads\/2024\/03\/Marcelo-Metaier.jpeg","contentUrl":"https:\/\/www.noticiasradioreflejos.com.ar\/2021\/wp-content\/uploads\/2024\/03\/Marcelo-Metaier.jpeg","width":1280,"height":941},{"@type":"BreadcrumbList","@id":"https:\/\/www.noticiasradioreflejos.com.ar\/2021\/es-muy-extrano-como-usa-se-contradice-con-el-tema-ovnis\/#breadcrumb","itemListElement":[{"@type":"ListItem","position":1,"name":"Portada","item":"https:\/\/www.noticiasradioreflejos.com.ar\/2021\/"},{"@type":"ListItem","position":2,"name":"\u201cEs muy extra\u00f1o como USA se contradice con el tema ovnis\u201d"}]},{"@type":"WebSite","@id":"https:\/\/www.noticiasradioreflejos.com.ar\/2021\/#website","url":"https:\/\/www.noticiasradioreflejos.com.ar\/2021\/","name":"Noticias Radio Reflejos","description":"Las noticias de mi comarca","potentialAction":[{"@type":"SearchAction","target":{"@type":"EntryPoint","urlTemplate":"https:\/\/www.noticiasradioreflejos.com.ar\/2021\/?s={search_term_string}"},"query-input":{"@type":"PropertyValueSpecification","valueRequired":true,"valueName":"search_term_string"}}],"inLanguage":"es"},{"@type":"Person","@id":"https:\/\/www.noticiasradioreflejos.com.ar\/2021\/#\/schema\/person\/ad82545263dcc5ec0996818884fd5fb1","name":"Arnaldo Botto","image":{"@type":"ImageObject","inLanguage":"es","@id":"https:\/\/www.noticiasradioreflejos.com.ar\/2021\/#\/schema\/person\/image\/","url":"https:\/\/secure.gravatar.com\/avatar\/55cb5e37c1efa326397366e6974cb338056df65cb50e7d64d1cf314e87504837?s=96&d=mm&r=g","contentUrl":"https:\/\/secure.gravatar.com\/avatar\/55cb5e37c1efa326397366e6974cb338056df65cb50e7d64d1cf314e87504837?s=96&d=mm&r=g","caption":"Arnaldo Botto"},"url":"https:\/\/www.noticiasradioreflejos.com.ar\/2021\/author\/arnaldo\/"}]}},"_links":{"self":[{"href":"https:\/\/www.noticiasradioreflejos.com.ar\/2021\/wp-json\/wp\/v2\/posts\/100026","targetHints":{"allow":["GET"]}}],"collection":[{"href":"https:\/\/www.noticiasradioreflejos.com.ar\/2021\/wp-json\/wp\/v2\/posts"}],"about":[{"href":"https:\/\/www.noticiasradioreflejos.com.ar\/2021\/wp-json\/wp\/v2\/types\/post"}],"author":[{"embeddable":true,"href":"https:\/\/www.noticiasradioreflejos.com.ar\/2021\/wp-json\/wp\/v2\/users\/3"}],"replies":[{"embeddable":true,"href":"https:\/\/www.noticiasradioreflejos.com.ar\/2021\/wp-json\/wp\/v2\/comments?post=100026"}],"version-history":[{"count":2,"href":"https:\/\/www.noticiasradioreflejos.com.ar\/2021\/wp-json\/wp\/v2\/posts\/100026\/revisions"}],"predecessor-version":[{"id":100034,"href":"https:\/\/www.noticiasradioreflejos.com.ar\/2021\/wp-json\/wp\/v2\/posts\/100026\/revisions\/100034"}],"wp:featuredmedia":[{"embeddable":true,"href":"https:\/\/www.noticiasradioreflejos.com.ar\/2021\/wp-json\/wp\/v2\/media\/100033"}],"wp:attachment":[{"href":"https:\/\/www.noticiasradioreflejos.com.ar\/2021\/wp-json\/wp\/v2\/media?parent=100026"}],"wp:term":[{"taxonomy":"category","embeddable":true,"href":"https:\/\/www.noticiasradioreflejos.com.ar\/2021\/wp-json\/wp\/v2\/categories?post=100026"},{"taxonomy":"post_tag","embeddable":true,"href":"https:\/\/www.noticiasradioreflejos.com.ar\/2021\/wp-json\/wp\/v2\/tags?post=100026"}],"curies":[{"name":"wp","href":"https:\/\/api.w.org\/{rel}","templated":true}]}}